{"id":8967,"date":"2021-09-23T21:23:50","date_gmt":"2021-09-24T00:23:50","guid":{"rendered":"https:\/\/radiorevelacionfm.cl\/?p=8967"},"modified":"2021-09-23T21:23:50","modified_gmt":"2021-09-24T00:23:50","slug":"mas-de-240-personas-han-sido-atendidas-mediante-operativo-de-especialidades-en-el-nuevo-hospital-de-cochrane","status":"publish","type":"post","link":"https:\/\/radiorevelacionfm.cl\/?p=8967","title":{"rendered":"M\u00e1s de 240 personas han sido atendidas mediante operativo de especialidades en el Nuevo Hospital de Cochrane"},"content":{"rendered":"<div class=\"flex_column av_one_full  flex_column_div av-zero-column-padding first  avia-builder-el-0  el_before_av_one_full  avia-builder-el-first  \" style='border-radius:0px; '><div  class='avia-image-container  av-styling-    avia-builder-el-1  avia-builder-el-no-sibling  avia-align-center '  itemprop=\"image\" itemscope=\"itemscope\" itemtype=\"https:\/\/schema.org\/ImageObject\"  ><div class='avia-image-container-inner'><div class='avia-image-overlay-wrap'><img decoding=\"async\" class='wp-image-8968 avia-img-lazy-loading-not-8968 avia_image' src=\"https:\/\/radiorevelacionfm.cl\/wp-content\/uploads\/2021\/09\/Operativo-Hospital-de-Cochrane...-1-1.jpeg\" alt='' title='Operativo Hospital de Cochrane... (1) (1)' height=\"600\" width=\"976\"  itemprop=\"thumbnailUrl\" srcset=\"https:\/\/radiorevelacionfm.cl\/wp-content\/uploads\/2021\/09\/Operativo-Hospital-de-Cochrane...-1-1.jpeg 976w, https:\/\/radiorevelacionfm.cl\/wp-content\/uploads\/2021\/09\/Operativo-Hospital-de-Cochrane...-1-1-300x184.jpeg 300w, https:\/\/radiorevelacionfm.cl\/wp-content\/uploads\/2021\/09\/Operativo-Hospital-de-Cochrane...-1-1-768x472.jpeg 768w, https:\/\/radiorevelacionfm.cl\/wp-content\/uploads\/2021\/09\/Operativo-Hospital-de-Cochrane...-1-1-705x433.jpeg 705w, https:\/\/radiorevelacionfm.cl\/wp-content\/uploads\/2021\/09\/Operativo-Hospital-de-Cochrane...-1-1-600x369.jpeg 600w\" sizes=\"(max-width: 976px) 100vw, 976px\" \/><\/div><\/div><\/div><\/div><div class=\"flex_column av_one_full  flex_column_div av-zero-column-padding first  avia-builder-el-2  el_after_av_one_full  el_before_av_one_full  column-top-margin\" style='border-radius:0px; '><section class=\"av_textblock_section \"  itemscope=\"itemscope\" itemtype=\"https:\/\/schema.org\/BlogPosting\" itemprop=\"blogPost\" ><div class='avia_textblock  '   itemprop=\"text\" ><p style=\"text-align: center;\"><span style=\"font-size: 18pt;\"><strong>M\u00e1s de 240 personas han sido atendidas mediante operativo de especialidades en el Nuevo Hospital de Cochrane<\/strong><\/span><\/p>\n<div id=\"gtx-trans\" style=\"position: absolute; left: -50px; top: 4.31534px;\">\n<div class=\"gtx-trans-icon\"><\/div>\n<\/div>\n<\/div><\/section><\/div><div class=\"flex_column av_one_full  flex_column_div av-zero-column-padding first  avia-builder-el-4  el_after_av_one_full  el_before_av_hr  column-top-margin\" style='border-radius:0px; '><section class=\"av_textblock_section \"  itemscope=\"itemscope\" itemtype=\"https:\/\/schema.org\/BlogPosting\" itemprop=\"blogPost\" ><div class='avia_textblock  '   itemprop=\"text\" ><p style=\"text-align: justify;\">La Directora del establecimiento de Salud, Miriam Navarrete Novoa, dio a conocer la serie de operativos de salud, que mediante especialistas se han desarrollado inmediatamente despu\u00e9s que se puso en marcha el moderno edificio.<\/p>\n<p style=\"text-align: justify;\">\u201cLa ronda de especialidades es una necesidad, un requerimiento de la comunidad desde siempre y se pudo materializar en que este mes de septiembre, tuvimos la oportunidad de contar con especialidades de odontolog\u00eda, espec\u00edficamente de cirug\u00eda maxilofacial y tambi\u00e9n atenci\u00f3n odontol\u00f3gica de pacientes con necesidades especiales. Fue tambi\u00e9n muy bien recibida por la comunidad y en ese orden de atenci\u00f3n, se pudo atender a 47 pacientes entre los de cirug\u00eda maxilofacial y aquellos con necesidades especiales y adem\u00e1s de eso pudimos contar esta semana con la especialidad de Otorrinolaring\u00f3logo y posteriormente pudo venir un Tecn\u00f3logo M\u00e9dico tambi\u00e9n hacer mediciones de audiometr\u00eda, adem\u00e1s de la obtenci\u00f3n de moldes para la entrega de aud\u00edfonos en los casos asignados\u201d.<\/p>\n<p style=\"text-align: justify;\">Navarrete agreg\u00f3 que la semana previa a Fiestas Patrias, se pudo contar con otro grupo importante de m\u00e9dicos especialistas, que pudieron resolver listas de espera.<\/p>\n<p style=\"text-align: justify;\">\u00abTuvimos a tres especialistas traumat\u00f3logos que adem\u00e1s de atender usuarios, estuvieron capacitando al personal de salud, lo cual es muy importante cuando se encuentran en un hospital alejado, donde se tienen que resolver situaciones en el momento, igualmente se brindaron atenciones de adultos mayores realizadas por m\u00e9dicos de salud familiar y pediatras que tambi\u00e9n estuvieron presentes, lo cual fue bastante importante. En total en estas dos semanas de rondas de especialidad, se pudieron resolver situaciones de salud a 247 pacientes lo que representa un n\u00famero bastante importante\u201d.<\/p>\n<p style=\"text-align: justify;\">Finalmente, la Autoridad de Salud, valor\u00f3 el trabajo de apoyo en Red, que se ha establecido no solo con la asistencia de especialistas, sino tambi\u00e9n con la coordinaci\u00f3n y autorizaciones otorgadas por los directores de establecimientos y validadas por la Direcci\u00f3n del SSA, anunciando de paso, el desarrollo de un operativo de ecograf\u00eda a embarazadas.<\/p>\n<p style=\"text-align: justify;\">\u201cEsta semana tambi\u00e9n tenemos ronda de atenci\u00f3n en Ecograf\u00eda Ginecol\u00f3gica y es que logramos coordinar apoyo con el Hospital de Chile Chico, estando la Doctora Sanhueza haciendo ecograf\u00edas ginecol\u00f3gicas y la pr\u00f3xima semana, vamos a tener a la Doctora Vanesa Vald\u00e9s, quien es Ginecobstetra, tambi\u00e9n haciendo las ecograf\u00edas obst\u00e9tricas, ya que se estaba generando un vac\u00edo bastante importante, dado que la gestaci\u00f3n avanza y las fechas se van limitando para algunos procedimientos ecogr\u00e1ficos\u201d, concluy\u00f3 Miriam Navarrete.<\/p>\n<\/div><\/section><\/div><div  style='height:50px' class='hr hr-invisible   avia-builder-el-6  el_after_av_one_full  el_before_av_social_share '><span class='hr-inner ' ><span class='hr-inner-style'><\/span><\/span><\/div><\/p>\n<div  class='av-social-sharing-box  avia-builder-el-7  el_after_av_hr  el_before_av_hr  '><div class='av-share-box'><h5 class='av-share-link-description av-no-toc '>Compartir esta noticia<\/h5><ul class='av-share-box-list noLightbox'><li class='av-share-link av-social-link-facebook' ><a target=\"_blank\" aria-label=\"Compartir en Facebook\" href='https:\/\/www.facebook.com\/sharer.php?u=https:\/\/radiorevelacionfm.cl\/?p=8967&#038;t=M%C3%A1s%20de%20240%20personas%20han%20sido%20atendidas%20mediante%20operativo%20de%20especialidades%20en%20el%20Nuevo%20Hospital%20de%20Cochrane' aria-hidden='false' data-av_icon='\ue8f3' data-av_iconfont='entypo-fontello' title='' data-avia-related-tooltip='Compartir en Facebook' rel=\"noopener\"><span class='avia_hidden_link_text'>Compartir en Facebook<\/span><\/a><\/li><li class='av-share-link av-social-link-twitter' ><a target=\"_blank\" aria-label=\"Compartir en Twitter\" href='https:\/\/twitter.com\/share?text=M%C3%A1s%20de%20240%20personas%20han%20sido%20atendidas%20mediante%20operativo%20de%20especialidades%20en%20el%20Nuevo%20Hospital%20de%20Cochrane&#038;url=https:\/\/radiorevelacionfm.cl\/?p=8967' aria-hidden='false' data-av_icon='\ue8f1' data-av_iconfont='entypo-fontello' title='' data-avia-related-tooltip='Compartir en Twitter' rel=\"noopener\"><span class='avia_hidden_link_text'>Compartir en Twitter<\/span><\/a><\/li><li class='av-share-link av-social-link-whatsapp' ><a target=\"_blank\" aria-label=\"Compartir en Whatsapp\" href='https:\/\/api.whatsapp.com\/send?text=https:\/\/radiorevelacionfm.cl\/?p=8967' aria-hidden='false' data-av_icon='\uf232' data-av_iconfont='entypo-fontello' title='' data-avia-related-tooltip='Compartir en Whatsapp' rel=\"noopener\"><span class='avia_hidden_link_text'>Compartir en Whatsapp<\/span><\/a><\/li><li class='av-share-link av-social-link-linkedin' ><a target=\"_blank\" aria-label=\"Compartir en LinkedIn\" href='https:\/\/linkedin.com\/shareArticle?mini=true&#038;title=M%C3%A1s%20de%20240%20personas%20han%20sido%20atendidas%20mediante%20operativo%20de%20especialidades%20en%20el%20Nuevo%20Hospital%20de%20Cochrane&#038;url=https:\/\/radiorevelacionfm.cl\/?p=8967' aria-hidden='false' data-av_icon='\ue8fc' data-av_iconfont='entypo-fontello' title='' data-avia-related-tooltip='Compartir en LinkedIn' rel=\"noopener\"><span class='avia_hidden_link_text'>Compartir en LinkedIn<\/span><\/a><\/li><li class='av-share-link av-social-link-mail' ><a  aria-label=\"Compartir por correo\" href='mailto:?subject=M%C3%A1s%20de%20240%20personas%20han%20sido%20atendidas%20mediante%20operativo%20de%20especialidades%20en%20el%20Nuevo%20Hospital%20de%20Cochrane&#038;body=https:\/\/radiorevelacionfm.cl\/?p=8967' aria-hidden='false' data-av_icon='\ue805' data-av_iconfont='entypo-fontello' title='' data-avia-related-tooltip='Compartir por correo'><span class='avia_hidden_link_text'>Compartir por correo<\/span><\/a><\/li><\/ul><\/div><\/div>\n<div  style='height:50px' class='hr hr-invisible   avia-builder-el-8  el_after_av_social_share  el_before_av_comments_list '><span class='hr-inner ' ><span class='hr-inner-style'><\/span><\/span><\/div>\n<div  class='av-buildercomment  av-blog-meta-html-info-disabled av-blog-meta-tag-disabled  '><\/div>\n","protected":false},"excerpt":{"rendered":"","protected":false},"author":1,"featured_media":8968,"comment_status":"open","ping_status":"open","sticky":false,"template":"","format":"standard","meta":{"footnotes":""},"categories":[46],"tags":[],"class_list":["post-8967","post","type-post","status-publish","format-standard","has-post-thumbnail","hentry","category-salud"],"jetpack_featured_media_url":"https:\/\/radiorevelacionfm.cl\/wp-content\/uploads\/2021\/09\/Operativo-Hospital-de-Cochrane...-1-1.jpeg","_links":{"self":[{"href":"https:\/\/radiorevelacionfm.cl\/index.php?rest_route=\/wp\/v2\/posts\/8967","targetHints":{"allow":["GET"]}}],"collection":[{"href":"https:\/\/radiorevelacionfm.cl\/index.php?rest_route=\/wp\/v2\/posts"}],"about":[{"href":"https:\/\/radiorevelacionfm.cl\/index.php?rest_route=\/wp\/v2\/types\/post"}],"author":[{"embeddable":true,"href":"https:\/\/radiorevelacionfm.cl\/index.php?rest_route=\/wp\/v2\/users\/1"}],"replies":[{"embeddable":true,"href":"https:\/\/radiorevelacionfm.cl\/index.php?rest_route=%2Fwp%2Fv2%2Fcomments&post=8967"}],"version-history":[{"count":1,"href":"https:\/\/radiorevelacionfm.cl\/index.php?rest_route=\/wp\/v2\/posts\/8967\/revisions"}],"predecessor-version":[{"id":8969,"href":"https:\/\/radiorevelacionfm.cl\/index.php?rest_route=\/wp\/v2\/posts\/8967\/revisions\/8969"}],"wp:featuredmedia":[{"embeddable":true,"href":"https:\/\/radiorevelacionfm.cl\/index.php?rest_route=\/wp\/v2\/media\/8968"}],"wp:attachment":[{"href":"https:\/\/radiorevelacionfm.cl\/index.php?rest_route=%2Fwp%2Fv2%2Fmedia&parent=8967"}],"wp:term":[{"taxonomy":"category","embeddable":true,"href":"https:\/\/radiorevelacionfm.cl\/index.php?rest_route=%2Fwp%2Fv2%2Fcategories&post=8967"},{"taxonomy":"post_tag","embeddable":true,"href":"https:\/\/radiorevelacionfm.cl\/index.php?rest_route=%2Fwp%2Fv2%2Ftags&post=8967"}],"curies":[{"name":"wp","href":"https:\/\/api.w.org\/{rel}","templated":true}]}}