{"id":8964,"date":"2021-09-23T15:56:43","date_gmt":"2021-09-23T18:56:43","guid":{"rendered":"https:\/\/radiorevelacionfm.cl\/?p=8964"},"modified":"2021-09-23T15:56:43","modified_gmt":"2021-09-23T18:56:43","slug":"22-estudiantes-de-cerro-castillo-son-parte-del-programa-educacion-financiera-para-ninos-y-ninas","status":"publish","type":"post","link":"https:\/\/radiorevelacionfm.cl\/?p=8964","title":{"rendered":"22 estudiantes de Cerro Castillo son parte del Programa Educaci\u00f3n Financiera para ni\u00f1os y ni\u00f1as"},"content":{"rendered":"<div class=\"flex_column av_one_full  flex_column_div av-zero-column-padding first  avia-builder-el-0  el_before_av_one_full  avia-builder-el-first  \" style='border-radius:0px; '><div  class='avia-image-container  av-styling-    avia-builder-el-1  avia-builder-el-no-sibling  avia-align-center '  itemprop=\"image\" itemscope=\"itemscope\" itemtype=\"https:\/\/schema.org\/ImageObject\"  ><div class='avia-image-container-inner'><div class='avia-image-overlay-wrap'><img decoding=\"async\" class='wp-image-8965 avia-img-lazy-loading-not-8965 avia_image' src=\"https:\/\/radiorevelacionfm.cl\/wp-content\/uploads\/2021\/09\/1EF-1-1.jpg\" alt='' title='1EF (1) (1)' height=\"600\" width=\"800\"  itemprop=\"thumbnailUrl\" srcset=\"https:\/\/radiorevelacionfm.cl\/wp-content\/uploads\/2021\/09\/1EF-1-1.jpg 800w, https:\/\/radiorevelacionfm.cl\/wp-content\/uploads\/2021\/09\/1EF-1-1-300x225.jpg 300w, https:\/\/radiorevelacionfm.cl\/wp-content\/uploads\/2021\/09\/1EF-1-1-768x576.jpg 768w, https:\/\/radiorevelacionfm.cl\/wp-content\/uploads\/2021\/09\/1EF-1-1-705x529.jpg 705w, https:\/\/radiorevelacionfm.cl\/wp-content\/uploads\/2021\/09\/1EF-1-1-600x450.jpg 600w\" sizes=\"(max-width: 800px) 100vw, 800px\" \/><\/div><\/div><\/div><\/div><div class=\"flex_column av_one_full  flex_column_div av-zero-column-padding first  avia-builder-el-2  el_after_av_one_full  el_before_av_one_full  column-top-margin\" style='border-radius:0px; '><section class=\"av_textblock_section \"  itemscope=\"itemscope\" itemtype=\"https:\/\/schema.org\/BlogPosting\" itemprop=\"blogPost\" ><div class='avia_textblock  '   itemprop=\"text\" ><p style=\"text-align: center;\"><strong><span style=\"font-size: 18pt;\">22 estudiantes de Cerro Castillo son parte del Programa Educaci\u00f3n Financiera para ni\u00f1os y ni\u00f1as<\/span><\/strong><\/p>\n<div id=\"gtx-trans\" style=\"position: absolute; left: -50px; top: 4.31534px;\">\n<div class=\"gtx-trans-icon\"><\/div>\n<\/div>\n<\/div><\/section><\/div><div class=\"flex_column av_one_full  flex_column_div av-zero-column-padding first  avia-builder-el-4  el_after_av_one_full  el_before_av_hr  column-top-margin\" style='border-radius:0px; '><section class=\"av_textblock_section \"  itemscope=\"itemscope\" itemtype=\"https:\/\/schema.org\/BlogPosting\" itemprop=\"blogPost\" ><div class='avia_textblock  '   itemprop=\"text\" ><p style=\"text-align: justify;\">Educaci\u00f3n Financiera para ni\u00f1os y ni\u00f1as es un programa impulsado por el Fondo de Solidaridad e Inversi\u00f3n Social, FOSIS, con la finalidad de desarrollar habilidades y conocimientos en el uso adecuado de los recursos, considerando conceptos generales como planificaci\u00f3n financiera, ahorro, endeudamiento responsable y emprendimiento.<\/p>\n<p style=\"text-align: justify;\">La ejecuci\u00f3n del programa consta de 10 sesiones, donde los escolares adquieren conocimientos sobre finanzas, junto con recibir material did\u00e1ctico e informativo para complementar su formaci\u00f3n. Antes de finalizar el programa cada curso presenta un proyecto, incorporando contenidos y aprendizajes, para ser financiado con apoyo del FOSIS.<\/p>\n<p style=\"text-align: justify;\">Dominique Br\u00e4utigam, Directora Regional del FOSIS en Ays\u00e9n, asegur\u00f3 que \u201cdesde FOSIS estamos trabajando en todo el territorio y en esta oportunidad queremos destacar el programa de Educaci\u00f3n Financiera que ejecutamos en el Liceo Bicentenario Rural de Cerro Castillo, gracias al respaldo del Alcalde Marcelo Santana estamos trabajando en este establecimiento educacional, apoyando al cuerpo docente e interactuando directamente con los alumnos a trav\u00e9s de estas importantes materias de educaci\u00f3n financiera. Pudimos gestionar la entrega de 22 tablets a cada uno de los alumnos, donde sabemos que va a ser una importante herramienta en el proceso de aprendizaje y sobre todo en la estimulaci\u00f3n de los conocimientos que van adquiriendo.\u201d<\/p>\n<p style=\"text-align: justify;\">El Alcalde de R\u00edo Ib\u00e1\u00f1ez, Marcelo Santana, destac\u00f3 que es \u201csegundo a\u00f1o consecutivo que realizamos este programa en R\u00edo Ib\u00e1\u00f1ez junto al FOSIS, que nos ha permitido establecer la primera conversaci\u00f3n en torno a la educaci\u00f3n financiera, el emprendimiento, los primeros conceptos de econom\u00eda a ni\u00f1os de quinto y sexto. Esto posibilit\u00f3 la entrega de 22 tablets a estudiantes del Liceo Bicentenario Rural de Villa Cerro Castillo. Estamos muy contentos y los ni\u00f1os tambi\u00e9n fueron muy efusivos en esta instancia. Agradecemos al FOSIS estas experiencias que enriquecen la educaci\u00f3n de los estudiantes de nuestra comuna.\u201d<\/p>\n<p style=\"text-align: justify;\">Carolina Aceituno, Directora del Liceo Bicentenario Rural Cerro Castillo, valor\u00f3 la ejecuci\u00f3n de este programa y se\u00f1al\u00f3 que \u201ctiene gran importancia porque lo pudimos articular con la asignatura de matem\u00e1ticas, incorporando contenidos de los aprendizajes de esa \u00e1rea. Tomando en cuenta que nosotros somos un liceo t\u00e9cnico profesional del \u00e1rea de servicio y turismo, consideramos que ir instalando estos conocimientos del \u00e1rea del emprendimiento les va a permitir mejorar para su futuro y para apoyar en sus familias y hogares donde est\u00e9n iniciando un emprendimiento, ellos ya van a poder aportar con sus conocimientos.\u201d<\/p>\n<p style=\"text-align: justify;\">El programa Educaci\u00f3n Financiera para ni\u00f1os y ni\u00f1as tambi\u00e9n es ejecutado en la comuna de Coyhaique, en la localidad de Balmaceda, donde participan 13 ni\u00f1os y ni\u00f1as de 5\u00b0 a 8\u00b0 b\u00e1sico de la Escuela Jos\u00e9 Antol\u00edn Silva Orme\u00f1o, quienes ya recibieron sus tablets y est\u00e1n en proceso de definir su proyecto final.<\/p>\n<\/div><\/section><\/div><div  style='height:50px' class='hr hr-invisible   avia-builder-el-6  el_after_av_one_full  el_before_av_social_share '><span class='hr-inner ' ><span class='hr-inner-style'><\/span><\/span><\/div><\/p>\n<div  class='av-social-sharing-box  avia-builder-el-7  el_after_av_hr  el_before_av_hr  '><div class='av-share-box'><h5 class='av-share-link-description av-no-toc '>Compartir esta noticia<\/h5><ul class='av-share-box-list noLightbox'><li class='av-share-link av-social-link-facebook' ><a target=\"_blank\" aria-label=\"Compartir en Facebook\" href='https:\/\/www.facebook.com\/sharer.php?u=https:\/\/radiorevelacionfm.cl\/?p=8964&#038;t=22%20estudiantes%20de%20Cerro%20Castillo%20son%20parte%20del%20Programa%20Educaci%C3%B3n%20Financiera%20para%20ni%C3%B1os%20y%20ni%C3%B1as' aria-hidden='false' data-av_icon='\ue8f3' data-av_iconfont='entypo-fontello' title='' data-avia-related-tooltip='Compartir en Facebook' rel=\"noopener\"><span class='avia_hidden_link_text'>Compartir en Facebook<\/span><\/a><\/li><li class='av-share-link av-social-link-twitter' ><a target=\"_blank\" aria-label=\"Compartir en Twitter\" href='https:\/\/twitter.com\/share?text=22%20estudiantes%20de%20Cerro%20Castillo%20son%20parte%20del%20Programa%20Educaci%C3%B3n%20Financiera%20para%20ni%C3%B1os%20y%20ni%C3%B1as&#038;url=https:\/\/radiorevelacionfm.cl\/?p=8964' aria-hidden='false' data-av_icon='\ue8f1' data-av_iconfont='entypo-fontello' title='' data-avia-related-tooltip='Compartir en Twitter' rel=\"noopener\"><span class='avia_hidden_link_text'>Compartir en Twitter<\/span><\/a><\/li><li class='av-share-link av-social-link-whatsapp' ><a target=\"_blank\" aria-label=\"Compartir en Whatsapp\" href='https:\/\/api.whatsapp.com\/send?text=https:\/\/radiorevelacionfm.cl\/?p=8964' aria-hidden='false' data-av_icon='\uf232' data-av_iconfont='entypo-fontello' title='' data-avia-related-tooltip='Compartir en Whatsapp' rel=\"noopener\"><span class='avia_hidden_link_text'>Compartir en Whatsapp<\/span><\/a><\/li><li class='av-share-link av-social-link-linkedin' ><a target=\"_blank\" aria-label=\"Compartir en LinkedIn\" href='https:\/\/linkedin.com\/shareArticle?mini=true&#038;title=22%20estudiantes%20de%20Cerro%20Castillo%20son%20parte%20del%20Programa%20Educaci%C3%B3n%20Financiera%20para%20ni%C3%B1os%20y%20ni%C3%B1as&#038;url=https:\/\/radiorevelacionfm.cl\/?p=8964' aria-hidden='false' data-av_icon='\ue8fc' data-av_iconfont='entypo-fontello' title='' data-avia-related-tooltip='Compartir en LinkedIn' rel=\"noopener\"><span class='avia_hidden_link_text'>Compartir en LinkedIn<\/span><\/a><\/li><li class='av-share-link av-social-link-mail' ><a  aria-label=\"Compartir por correo\" href='mailto:?subject=22%20estudiantes%20de%20Cerro%20Castillo%20son%20parte%20del%20Programa%20Educaci%C3%B3n%20Financiera%20para%20ni%C3%B1os%20y%20ni%C3%B1as&#038;body=https:\/\/radiorevelacionfm.cl\/?p=8964' aria-hidden='false' data-av_icon='\ue805' data-av_iconfont='entypo-fontello' title='' data-avia-related-tooltip='Compartir por correo'><span class='avia_hidden_link_text'>Compartir por correo<\/span><\/a><\/li><\/ul><\/div><\/div>\n<div  style='height:50px' class='hr hr-invisible   avia-builder-el-8  el_after_av_social_share  el_before_av_comments_list '><span class='hr-inner ' ><span class='hr-inner-style'><\/span><\/span><\/div>\n<div  class='av-buildercomment  av-blog-meta-html-info-disabled av-blog-meta-tag-disabled  '><\/div>\n","protected":false},"excerpt":{"rendered":"","protected":false},"author":1,"featured_media":8965,"comment_status":"open","ping_status":"open","sticky":false,"template":"","format":"standard","meta":{"footnotes":""},"categories":[38],"tags":[],"class_list":["post-8964","post","type-post","status-publish","format-standard","has-post-thumbnail","hentry","category-regional"],"jetpack_featured_media_url":"https:\/\/radiorevelacionfm.cl\/wp-content\/uploads\/2021\/09\/1EF-1-1.jpg","_links":{"self":[{"href":"https:\/\/radiorevelacionfm.cl\/index.php?rest_route=\/wp\/v2\/posts\/8964","targetHints":{"allow":["GET"]}}],"collection":[{"href":"https:\/\/radiorevelacionfm.cl\/index.php?rest_route=\/wp\/v2\/posts"}],"about":[{"href":"https:\/\/radiorevelacionfm.cl\/index.php?rest_route=\/wp\/v2\/types\/post"}],"author":[{"embeddable":true,"href":"https:\/\/radiorevelacionfm.cl\/index.php?rest_route=\/wp\/v2\/users\/1"}],"replies":[{"embeddable":true,"href":"https:\/\/radiorevelacionfm.cl\/index.php?rest_route=%2Fwp%2Fv2%2Fcomments&post=8964"}],"version-history":[{"count":1,"href":"https:\/\/radiorevelacionfm.cl\/index.php?rest_route=\/wp\/v2\/posts\/8964\/revisions"}],"predecessor-version":[{"id":8966,"href":"https:\/\/radiorevelacionfm.cl\/index.php?rest_route=\/wp\/v2\/posts\/8964\/revisions\/8966"}],"wp:featuredmedia":[{"embeddable":true,"href":"https:\/\/radiorevelacionfm.cl\/index.php?rest_route=\/wp\/v2\/media\/8965"}],"wp:attachment":[{"href":"https:\/\/radiorevelacionfm.cl\/index.php?rest_route=%2Fwp%2Fv2%2Fmedia&parent=8964"}],"wp:term":[{"taxonomy":"category","embeddable":true,"href":"https:\/\/radiorevelacionfm.cl\/index.php?rest_route=%2Fwp%2Fv2%2Fcategories&post=8964"},{"taxonomy":"post_tag","embeddable":true,"href":"https:\/\/radiorevelacionfm.cl\/index.php?rest_route=%2Fwp%2Fv2%2Ftags&post=8964"}],"curies":[{"name":"wp","href":"https:\/\/api.w.org\/{rel}","templated":true}]}}