{"id":8961,"date":"2021-09-23T17:49:34","date_gmt":"2021-09-23T20:49:34","guid":{"rendered":"https:\/\/radiorevelacionfm.cl\/?p=8961"},"modified":"2021-09-23T17:49:34","modified_gmt":"2021-09-23T20:49:34","slug":"gobernadora-andrea-macias-convoca-a-parlamentarios-de-la-region-por-discusion-de-presupuesto-2022","status":"publish","type":"post","link":"https:\/\/radiorevelacionfm.cl\/?p=8961","title":{"rendered":"Gobernadora Andrea Mac\u00edas convoca a parlamentarios de la regi\u00f3n por discusi\u00f3n de Presupuesto 2022"},"content":{"rendered":"<div class=\"flex_column av_one_full  flex_column_div av-zero-column-padding first  avia-builder-el-0  el_before_av_one_full  avia-builder-el-first  \" style='border-radius:0px; '><div  class='avia-image-container  av-styling-    avia-builder-el-1  avia-builder-el-no-sibling  avia-align-center '  itemprop=\"image\" itemscope=\"itemscope\" itemtype=\"https:\/\/schema.org\/ImageObject\"  ><div class='avia-image-container-inner'><div class='avia-image-overlay-wrap'><img decoding=\"async\" class='wp-image-8962 avia-img-lazy-loading-not-8962 avia_image' src=\"https:\/\/radiorevelacionfm.cl\/wp-content\/uploads\/2021\/09\/Gobernadora-Macias-1.jpeg\" alt='' title='Gobernadora Macias (1)' height=\"600\" width=\"900\"  itemprop=\"thumbnailUrl\" srcset=\"https:\/\/radiorevelacionfm.cl\/wp-content\/uploads\/2021\/09\/Gobernadora-Macias-1.jpeg 900w, https:\/\/radiorevelacionfm.cl\/wp-content\/uploads\/2021\/09\/Gobernadora-Macias-1-300x200.jpeg 300w, https:\/\/radiorevelacionfm.cl\/wp-content\/uploads\/2021\/09\/Gobernadora-Macias-1-768x512.jpeg 768w, https:\/\/radiorevelacionfm.cl\/wp-content\/uploads\/2021\/09\/Gobernadora-Macias-1-705x470.jpeg 705w, https:\/\/radiorevelacionfm.cl\/wp-content\/uploads\/2021\/09\/Gobernadora-Macias-1-600x400.jpeg 600w\" sizes=\"(max-width: 900px) 100vw, 900px\" \/><\/div><\/div><\/div><\/div><div class=\"flex_column av_one_full  flex_column_div av-zero-column-padding first  avia-builder-el-2  el_after_av_one_full  el_before_av_one_full  column-top-margin\" style='border-radius:0px; '><section class=\"av_textblock_section \"  itemscope=\"itemscope\" itemtype=\"https:\/\/schema.org\/BlogPosting\" itemprop=\"blogPost\" ><div class='avia_textblock  '   itemprop=\"text\" ><p style=\"text-align: center;\"><strong><span style=\"font-size: 18pt;\">Gobernadora Andrea Mac\u00edas convoca a parlamentarios de la regi\u00f3n por discusi\u00f3n de Presupuesto 2022 <\/span><\/strong><\/p>\n<div id=\"gtx-trans\" style=\"position: absolute; left: -50px; top: 4.31534px;\">\n<div class=\"gtx-trans-icon\"><\/div>\n<\/div>\n<\/div><\/section><\/div><div class=\"flex_column av_one_full  flex_column_div av-zero-column-padding first  avia-builder-el-4  el_after_av_one_full  el_before_av_hr  column-top-margin\" style='border-radius:0px; '><section class=\"av_textblock_section \"  itemscope=\"itemscope\" itemtype=\"https:\/\/schema.org\/BlogPosting\" itemprop=\"blogPost\" ><div class='avia_textblock  '   itemprop=\"text\" ><div style=\"text-align: justify;\">Durante la semana reci\u00e9n pasada, la Asociaci\u00f3n de Gobernadores Regionales se reuni\u00f3 telem\u00e1ticamente con el Ministro de Hacienda, Rodrigo Cerda, y con la directora de DIPRES para tratar diligencias pertinentes y destrabar administrativamente el gasto de cada uno de los territorios del pa\u00eds.<\/div>\n<p style=\"text-align: justify;\">\u00abNosotros recibimos el Gobierno Regional con un 34% de ejecuci\u00f3n presupuestaria a mitad de a\u00f1o, cuando habitualmente est\u00e1s por sobre el 50% en el primer semestre. Regiones como \u00d1uble, por ejemplo, se recibieron con un 9% de ejecuci\u00f3n presupuestaria. A ello se suma una serie de restricciones presupuestarias que estableci\u00f3 hoy el Gobierno para hacer uso de los recursos\u00bb, afirmaba la Gobernadora Regional Andrea Mac\u00edas Palma.<\/p>\n<p style=\"text-align: justify;\">Ante esta realidad y los obst\u00e1culos administrativos impuestos desde la cartera de Gobierno, y en miras a modificaciones en la Ley de Presupuesto del 2022, es que la m\u00e1xima autoridad ha convocado a todos los parlamentarios y parlamentarias de la regi\u00f3n a una reuni\u00f3n de trabajo en pos de las necesidades de la comunidad.<\/p>\n<div style=\"text-align: justify;\">\u00abComo regi\u00f3n de Ays\u00e9n no podemos seguir asistiendo a un espect\u00e1culo en favor de la centralizaci\u00f3n de las decisiones. Hoy es imposible pensar que la Direcci\u00f3n de Presupuesto est\u00e1 demorando tres a cuatro meses en responder los requerimientos de las regiones, haciendo un tut\u00e9lame que no corresponde y que atrasa decisiones que van en directo beneficio de las personas\u00bb, concluye.<\/div>\n<div style=\"text-align: justify;\"><\/div>\n<div style=\"text-align: justify;\">La reuni\u00f3n de trabajo se dar\u00e1 en dependencias del Gobierno Regional este viernes 24 de septiembre y se espera que los parlamentarios puedan incluir las distintas visiones en la nueva discusi\u00f3n de la ley de presupuesto 2022.<\/div>\n<\/div><\/section><\/div><div  style='height:50px' class='hr hr-invisible   avia-builder-el-6  el_after_av_one_full  el_before_av_social_share '><span class='hr-inner ' ><span class='hr-inner-style'><\/span><\/span><\/div><\/p>\n<div  class='av-social-sharing-box  avia-builder-el-7  el_after_av_hr  el_before_av_hr  '><div class='av-share-box'><h5 class='av-share-link-description av-no-toc '>Compartir esta noticia<\/h5><ul class='av-share-box-list noLightbox'><li class='av-share-link av-social-link-facebook' ><a target=\"_blank\" aria-label=\"Compartir en Facebook\" href='https:\/\/www.facebook.com\/sharer.php?u=https:\/\/radiorevelacionfm.cl\/?p=8961&#038;t=Gobernadora%20Andrea%20Mac%C3%ADas%20convoca%20a%20parlamentarios%20de%20la%20regi%C3%B3n%20por%20discusi%C3%B3n%20de%20Presupuesto%202022' aria-hidden='false' data-av_icon='\ue8f3' data-av_iconfont='entypo-fontello' title='' data-avia-related-tooltip='Compartir en Facebook' rel=\"noopener\"><span class='avia_hidden_link_text'>Compartir en Facebook<\/span><\/a><\/li><li class='av-share-link av-social-link-twitter' ><a target=\"_blank\" aria-label=\"Compartir en Twitter\" href='https:\/\/twitter.com\/share?text=Gobernadora%20Andrea%20Mac%C3%ADas%20convoca%20a%20parlamentarios%20de%20la%20regi%C3%B3n%20por%20discusi%C3%B3n%20de%20Presupuesto%202022&#038;url=https:\/\/radiorevelacionfm.cl\/?p=8961' aria-hidden='false' data-av_icon='\ue8f1' data-av_iconfont='entypo-fontello' title='' data-avia-related-tooltip='Compartir en Twitter' rel=\"noopener\"><span class='avia_hidden_link_text'>Compartir en Twitter<\/span><\/a><\/li><li class='av-share-link av-social-link-whatsapp' ><a target=\"_blank\" aria-label=\"Compartir en Whatsapp\" href='https:\/\/api.whatsapp.com\/send?text=https:\/\/radiorevelacionfm.cl\/?p=8961' aria-hidden='false' data-av_icon='\uf232' data-av_iconfont='entypo-fontello' title='' data-avia-related-tooltip='Compartir en Whatsapp' rel=\"noopener\"><span class='avia_hidden_link_text'>Compartir en Whatsapp<\/span><\/a><\/li><li class='av-share-link av-social-link-linkedin' ><a target=\"_blank\" aria-label=\"Compartir en LinkedIn\" href='https:\/\/linkedin.com\/shareArticle?mini=true&#038;title=Gobernadora%20Andrea%20Mac%C3%ADas%20convoca%20a%20parlamentarios%20de%20la%20regi%C3%B3n%20por%20discusi%C3%B3n%20de%20Presupuesto%202022&#038;url=https:\/\/radiorevelacionfm.cl\/?p=8961' aria-hidden='false' data-av_icon='\ue8fc' data-av_iconfont='entypo-fontello' title='' data-avia-related-tooltip='Compartir en LinkedIn' rel=\"noopener\"><span class='avia_hidden_link_text'>Compartir en LinkedIn<\/span><\/a><\/li><li class='av-share-link av-social-link-mail' ><a  aria-label=\"Compartir por correo\" href='mailto:?subject=Gobernadora%20Andrea%20Mac%C3%ADas%20convoca%20a%20parlamentarios%20de%20la%20regi%C3%B3n%20por%20discusi%C3%B3n%20de%20Presupuesto%202022&#038;body=https:\/\/radiorevelacionfm.cl\/?p=8961' aria-hidden='false' data-av_icon='\ue805' data-av_iconfont='entypo-fontello' title='' data-avia-related-tooltip='Compartir por correo'><span class='avia_hidden_link_text'>Compartir por correo<\/span><\/a><\/li><\/ul><\/div><\/div>\n<div  style='height:50px' class='hr hr-invisible   avia-builder-el-8  el_after_av_social_share  el_before_av_comments_list '><span class='hr-inner ' ><span class='hr-inner-style'><\/span><\/span><\/div>\n<div  class='av-buildercomment  av-blog-meta-html-info-disabled av-blog-meta-tag-disabled  '><\/div>\n","protected":false},"excerpt":{"rendered":"","protected":false},"author":1,"featured_media":8962,"comment_status":"open","ping_status":"open","sticky":false,"template":"","format":"standard","meta":{"footnotes":""},"categories":[38],"tags":[],"class_list":["post-8961","post","type-post","status-publish","format-standard","has-post-thumbnail","hentry","category-regional"],"jetpack_featured_media_url":"https:\/\/radiorevelacionfm.cl\/wp-content\/uploads\/2021\/09\/Gobernadora-Macias-1.jpeg","_links":{"self":[{"href":"https:\/\/radiorevelacionfm.cl\/index.php?rest_route=\/wp\/v2\/posts\/8961","targetHints":{"allow":["GET"]}}],"collection":[{"href":"https:\/\/radiorevelacionfm.cl\/index.php?rest_route=\/wp\/v2\/posts"}],"about":[{"href":"https:\/\/radiorevelacionfm.cl\/index.php?rest_route=\/wp\/v2\/types\/post"}],"author":[{"embeddable":true,"href":"https:\/\/radiorevelacionfm.cl\/index.php?rest_route=\/wp\/v2\/users\/1"}],"replies":[{"embeddable":true,"href":"https:\/\/radiorevelacionfm.cl\/index.php?rest_route=%2Fwp%2Fv2%2Fcomments&post=8961"}],"version-history":[{"count":1,"href":"https:\/\/radiorevelacionfm.cl\/index.php?rest_route=\/wp\/v2\/posts\/8961\/revisions"}],"predecessor-version":[{"id":8963,"href":"https:\/\/radiorevelacionfm.cl\/index.php?rest_route=\/wp\/v2\/posts\/8961\/revisions\/8963"}],"wp:featuredmedia":[{"embeddable":true,"href":"https:\/\/radiorevelacionfm.cl\/index.php?rest_route=\/wp\/v2\/media\/8962"}],"wp:attachment":[{"href":"https:\/\/radiorevelacionfm.cl\/index.php?rest_route=%2Fwp%2Fv2%2Fmedia&parent=8961"}],"wp:term":[{"taxonomy":"category","embeddable":true,"href":"https:\/\/radiorevelacionfm.cl\/index.php?rest_route=%2Fwp%2Fv2%2Fcategories&post=8961"},{"taxonomy":"post_tag","embeddable":true,"href":"https:\/\/radiorevelacionfm.cl\/index.php?rest_route=%2Fwp%2Fv2%2Ftags&post=8961"}],"curies":[{"name":"wp","href":"https:\/\/api.w.org\/{rel}","templated":true}]}}