{"id":8954,"date":"2021-09-23T12:16:26","date_gmt":"2021-09-23T15:16:26","guid":{"rendered":"https:\/\/radiorevelacionfm.cl\/?p=8954"},"modified":"2021-09-23T12:16:26","modified_gmt":"2021-09-23T15:16:26","slug":"bomberos-de-aysen-se-reune-con-alcalde-para-abordar-distintas-iniciativas-de-trabajo-para-el-resguardo-comunitario","status":"publish","type":"post","link":"https:\/\/radiorevelacionfm.cl\/?p=8954","title":{"rendered":"Bomberos de Ays\u00e9n se re\u00fane con Alcalde para abordar distintas iniciativas de trabajo para el resguardo comunitario"},"content":{"rendered":"<div class=\"flex_column av_one_full  flex_column_div av-zero-column-padding first  avia-builder-el-0  el_before_av_one_full  avia-builder-el-first  \" style='border-radius:0px; '><div  class='avia-image-container  av-styling-    avia-builder-el-1  avia-builder-el-no-sibling  avia-align-center '  itemprop=\"image\" itemscope=\"itemscope\" itemtype=\"https:\/\/schema.org\/ImageObject\"  ><div class='avia-image-container-inner'><div class='avia-image-overlay-wrap'><img decoding=\"async\" class='wp-image-8955 avia-img-lazy-loading-not-8955 avia_image' src=\"https:\/\/radiorevelacionfm.cl\/wp-content\/uploads\/2021\/09\/img-bomb-muniaysen2-1-1.jpeg\" alt='' title='img-bomb-muniaysen2 (1) (1)' height=\"600\" width=\"802\"  itemprop=\"thumbnailUrl\" srcset=\"https:\/\/radiorevelacionfm.cl\/wp-content\/uploads\/2021\/09\/img-bomb-muniaysen2-1-1.jpeg 802w, https:\/\/radiorevelacionfm.cl\/wp-content\/uploads\/2021\/09\/img-bomb-muniaysen2-1-1-300x224.jpeg 300w, https:\/\/radiorevelacionfm.cl\/wp-content\/uploads\/2021\/09\/img-bomb-muniaysen2-1-1-768x575.jpeg 768w, https:\/\/radiorevelacionfm.cl\/wp-content\/uploads\/2021\/09\/img-bomb-muniaysen2-1-1-705x527.jpeg 705w, https:\/\/radiorevelacionfm.cl\/wp-content\/uploads\/2021\/09\/img-bomb-muniaysen2-1-1-600x449.jpeg 600w\" sizes=\"(max-width: 802px) 100vw, 802px\" \/><\/div><\/div><\/div><\/div>\n<div class=\"flex_column av_one_full  flex_column_div av-zero-column-padding first  avia-builder-el-2  el_after_av_one_full  el_before_av_one_full  column-top-margin\" style='border-radius:0px; '><section class=\"av_textblock_section \"  itemscope=\"itemscope\" itemtype=\"https:\/\/schema.org\/BlogPosting\" itemprop=\"blogPost\" ><div class='avia_textblock  '   itemprop=\"text\" ><p style=\"text-align: center;\"><strong><span style=\"font-size: 18pt;\">Bomberos de Ays\u00e9n se re\u00fane con Alcalde para abordar distintas iniciativas de trabajo para el resguardo comunitario<\/span><\/strong><\/p>\n<div id=\"gtx-trans\" style=\"position: absolute; left: -50px; top: 4.31534px;\">\n<div class=\"gtx-trans-icon\"><\/div>\n<\/div>\n<\/div><\/section><\/div><div class=\"flex_column av_one_full  flex_column_div av-zero-column-padding first  avia-builder-el-4  el_after_av_one_full  el_before_av_hr  column-top-margin\" style='border-radius:0px; '><section class=\"av_textblock_section \"  itemscope=\"itemscope\" itemtype=\"https:\/\/schema.org\/BlogPosting\" itemprop=\"blogPost\" ><div class='avia_textblock  '   itemprop=\"text\" ><p style=\"text-align: justify;\">Hasta el Edificio Consistorial de Ays\u00e9n lleg\u00f3 el Cuerpo de Bomberos de Ays\u00e9n, liderado por el Superintendente Arturo Loaiza Aguilante, para sostener un encuentro con el alcalde de Ays\u00e9n, Julio Uribe Alvarado. El motivo principal estuvo relacionado con los hechos acaecidos recientemente en materia de emergencia en la comuna porte\u00f1a, as\u00ed como tambi\u00e9n, para tratar los distintos proyectos en los cuales la Casa Edilicia se encuentra prestando colaboraci\u00f3n con la instituci\u00f3n con miras al resguardo de todos los vecinos y vecinas que habitan en las distintas localidades del territorio aysenino.<\/p>\n<p style=\"text-align: justify;\">Al respecto, la primera autoridad comunal destac\u00f3 que \u201cpara m\u00ed es muy importante sostener estas reuniones permanentes con el Cuerpo de Bomberos de Ays\u00e9n para resolver los distintos problemas que tenemos en Ays\u00e9n. Revisando lo que sucedi\u00f3 en el sector de Pangal Bajo donde los carros no pudieron pasar a la emergencia, nosotros lo hab\u00edamos tenido contemplado hace alrededor de un mes, en los primeros d\u00edas que ingres\u00e9 como alcalde, hab\u00edamos ingresado un proyecto de carros de primera intervenci\u00f3n que pasaban las pasarelas y hasta el d\u00eda del incendio no hab\u00eda tenido respuesta por parte de la gobernadora para el financiamiento\u201d.<\/p>\n<p style=\"text-align: justify;\">Tras esta situaci\u00f3n, el edil pudo conocer que desde el Gobierno Regional (Gore) no se cuenta con fondos para ejecutar iniciativas enmarcadas en las circulares 29 y 33. Las cuales corresponden a este tipo de adquisiciones. Por lo que, desde el Municipio se encuentran a la espera de que el Ministerio de Hacienda pueda autorizar el financiamiento a trav\u00e9s del Gore y as\u00ed dotar de los carros necesarios que respondan a las condiciones que se presentan en el Kilometro 26, Villa Ma\u00f1ihuales y las pasarelas como las ubicadas en Pangal Bajo.<\/p>\n<p style=\"text-align: justify;\">Adem\u00e1s, el alcalde Julio Uribe, explic\u00f3 que tambi\u00e9n en el encuentro se pudo abordar la subvenci\u00f3n municipal para el Cuerpo de Bomberos para el pr\u00f3ximo a\u00f1o \u201cfue un encuentro muy interesante y la disponibilidad de este alcalde y de todo su concejo hacia el Cuerpo de Bomberos est\u00e1 siempre. Hemos tambi\u00e9n tratado materias como los incendios forestales que pudieran ocurrir, estamos en riesgo permanente; por lo tanto, hay que tener equipamiento, ayudar a los Bomberos y tambi\u00e9n hacer un llamado a las dem\u00e1s autoridades para hacer presi\u00f3n para que estos proyectos puedan ser r\u00e1pidamente financiados\u201d, enfatiz\u00f3 el l\u00edder comunal.<\/p>\n<p style=\"text-align: justify;\">Finalmente, el Superintendente del Cuerpo de Bomberos de Ays\u00e9n, Arturo Loaiza Aguilante, explic\u00f3 los distintos temas conversados con el alcalde Uribe. Entre ellos, resalt\u00f3 \u201cse est\u00e1 trabajando en un proyecto de veh\u00edculo de primera intervenci\u00f3n, pero todo queda sujeto al presupuesto que tenga Hacienda. Estamos muy agradecidos porque el alcalde siempre ha estado muy preocupado del quehacer de Bomberos de Puerto Ays\u00e9n en cuanto a los diferentes proyectos que tenemos. Puedo nombrar por ejemplo el proyecto de construcci\u00f3n del cuartel de Villa Ma\u00f1ihuales, el futuro cuartel de la Tercera Compa\u00f1\u00eda de Bomberos y as\u00ed varios otros que tenemos a futuro en beneficio de la comunidad como es un cami\u00f3n aljibe para Islas Huichas. Diferentes proyectos que la municipalidad est\u00e1 trabajando con el Cuerpo de Bomberos de Ays\u00e9n\u201d, sentenci\u00f3 el representante bomberil.<\/p>\n<\/div><\/section><\/div><\/p>\n<div  style='height:50px' class='hr hr-invisible   avia-builder-el-6  el_after_av_one_full  el_before_av_social_share '><span class='hr-inner ' ><span class='hr-inner-style'><\/span><\/span><\/div>\n<div  class='av-social-sharing-box  avia-builder-el-7  el_after_av_hr  el_before_av_hr  '><div class='av-share-box'><h5 class='av-share-link-description av-no-toc '>Compartir esta noticia<\/h5><ul class='av-share-box-list noLightbox'><li class='av-share-link av-social-link-facebook' ><a target=\"_blank\" aria-label=\"Compartir en Facebook\" href='https:\/\/www.facebook.com\/sharer.php?u=https:\/\/radiorevelacionfm.cl\/?p=8954&#038;t=Bomberos%20de%20Ays%C3%A9n%20se%20re%C3%BAne%20con%20Alcalde%20para%20abordar%20distintas%20iniciativas%20de%20trabajo%20para%20el%20resguardo%20comunitario' aria-hidden='false' data-av_icon='\ue8f3' data-av_iconfont='entypo-fontello' title='' data-avia-related-tooltip='Compartir en Facebook' rel=\"noopener\"><span class='avia_hidden_link_text'>Compartir en Facebook<\/span><\/a><\/li><li class='av-share-link av-social-link-twitter' ><a target=\"_blank\" aria-label=\"Compartir en Twitter\" href='https:\/\/twitter.com\/share?text=Bomberos%20de%20Ays%C3%A9n%20se%20re%C3%BAne%20con%20Alcalde%20para%20abordar%20distintas%20iniciativas%20de%20trabajo%20para%20el%20resguardo%20comunitario&#038;url=https:\/\/radiorevelacionfm.cl\/?p=8954' aria-hidden='false' data-av_icon='\ue8f1' data-av_iconfont='entypo-fontello' title='' data-avia-related-tooltip='Compartir en Twitter' rel=\"noopener\"><span class='avia_hidden_link_text'>Compartir en Twitter<\/span><\/a><\/li><li class='av-share-link av-social-link-whatsapp' ><a target=\"_blank\" aria-label=\"Compartir en Whatsapp\" href='https:\/\/api.whatsapp.com\/send?text=https:\/\/radiorevelacionfm.cl\/?p=8954' aria-hidden='false' data-av_icon='\uf232' data-av_iconfont='entypo-fontello' title='' data-avia-related-tooltip='Compartir en Whatsapp' rel=\"noopener\"><span class='avia_hidden_link_text'>Compartir en Whatsapp<\/span><\/a><\/li><li class='av-share-link av-social-link-linkedin' ><a target=\"_blank\" aria-label=\"Compartir en LinkedIn\" href='https:\/\/linkedin.com\/shareArticle?mini=true&#038;title=Bomberos%20de%20Ays%C3%A9n%20se%20re%C3%BAne%20con%20Alcalde%20para%20abordar%20distintas%20iniciativas%20de%20trabajo%20para%20el%20resguardo%20comunitario&#038;url=https:\/\/radiorevelacionfm.cl\/?p=8954' aria-hidden='false' data-av_icon='\ue8fc' data-av_iconfont='entypo-fontello' title='' data-avia-related-tooltip='Compartir en LinkedIn' rel=\"noopener\"><span class='avia_hidden_link_text'>Compartir en LinkedIn<\/span><\/a><\/li><li class='av-share-link av-social-link-mail' ><a  aria-label=\"Compartir por correo\" href='mailto:?subject=Bomberos%20de%20Ays%C3%A9n%20se%20re%C3%BAne%20con%20Alcalde%20para%20abordar%20distintas%20iniciativas%20de%20trabajo%20para%20el%20resguardo%20comunitario&#038;body=https:\/\/radiorevelacionfm.cl\/?p=8954' aria-hidden='false' data-av_icon='\ue805' data-av_iconfont='entypo-fontello' title='' data-avia-related-tooltip='Compartir por correo'><span class='avia_hidden_link_text'>Compartir por correo<\/span><\/a><\/li><\/ul><\/div><\/div>\n<div  style='height:50px' class='hr hr-invisible   avia-builder-el-8  el_after_av_social_share  el_before_av_comments_list '><span class='hr-inner ' ><span class='hr-inner-style'><\/span><\/span><\/div>\n<div  class='av-buildercomment  av-blog-meta-html-info-disabled av-blog-meta-tag-disabled  '><\/div>\n","protected":false},"excerpt":{"rendered":"","protected":false},"author":1,"featured_media":8955,"comment_status":"open","ping_status":"open","sticky":false,"template":"","format":"standard","meta":{"footnotes":""},"categories":[38],"tags":[],"class_list":["post-8954","post","type-post","status-publish","format-standard","has-post-thumbnail","hentry","category-regional"],"jetpack_featured_media_url":"https:\/\/radiorevelacionfm.cl\/wp-content\/uploads\/2021\/09\/img-bomb-muniaysen2-1-1.jpeg","_links":{"self":[{"href":"https:\/\/radiorevelacionfm.cl\/index.php?rest_route=\/wp\/v2\/posts\/8954","targetHints":{"allow":["GET"]}}],"collection":[{"href":"https:\/\/radiorevelacionfm.cl\/index.php?rest_route=\/wp\/v2\/posts"}],"about":[{"href":"https:\/\/radiorevelacionfm.cl\/index.php?rest_route=\/wp\/v2\/types\/post"}],"author":[{"embeddable":true,"href":"https:\/\/radiorevelacionfm.cl\/index.php?rest_route=\/wp\/v2\/users\/1"}],"replies":[{"embeddable":true,"href":"https:\/\/radiorevelacionfm.cl\/index.php?rest_route=%2Fwp%2Fv2%2Fcomments&post=8954"}],"version-history":[{"count":2,"href":"https:\/\/radiorevelacionfm.cl\/index.php?rest_route=\/wp\/v2\/posts\/8954\/revisions"}],"predecessor-version":[{"id":8960,"href":"https:\/\/radiorevelacionfm.cl\/index.php?rest_route=\/wp\/v2\/posts\/8954\/revisions\/8960"}],"wp:featuredmedia":[{"embeddable":true,"href":"https:\/\/radiorevelacionfm.cl\/index.php?rest_route=\/wp\/v2\/media\/8955"}],"wp:attachment":[{"href":"https:\/\/radiorevelacionfm.cl\/index.php?rest_route=%2Fwp%2Fv2%2Fmedia&parent=8954"}],"wp:term":[{"taxonomy":"category","embeddable":true,"href":"https:\/\/radiorevelacionfm.cl\/index.php?rest_route=%2Fwp%2Fv2%2Fcategories&post=8954"},{"taxonomy":"post_tag","embeddable":true,"href":"https:\/\/radiorevelacionfm.cl\/index.php?rest_route=%2Fwp%2Fv2%2Ftags&post=8954"}],"curies":[{"name":"wp","href":"https:\/\/api.w.org\/{rel}","templated":true}]}}