{"id":8942,"date":"2021-09-23T10:14:14","date_gmt":"2021-09-23T13:14:14","guid":{"rendered":"https:\/\/radiorevelacionfm.cl\/?p=8942"},"modified":"2021-09-23T10:14:14","modified_gmt":"2021-09-23T13:14:14","slug":"diputado-alinco-la-anulacion-de-la-ley-longueira-es-un-grito-de-todos-los-pescadores-desde-arica-a-punta-arenas","status":"publish","type":"post","link":"https:\/\/radiorevelacionfm.cl\/?p=8942","title":{"rendered":"Diputado Alinco: \u201cLa anulaci\u00f3n de la ley longueira es un grito de todos los pescadores desde Arica a Punta Arenas\u201d"},"content":{"rendered":"<div class=\"flex_column av_one_full  flex_column_div av-zero-column-padding first  avia-builder-el-0  el_before_av_one_full  avia-builder-el-first  \" style='border-radius:0px; '><div  class='avia-image-container  av-styling-    avia-builder-el-1  avia-builder-el-no-sibling  avia-align-center '  itemprop=\"image\" itemscope=\"itemscope\" itemtype=\"https:\/\/schema.org\/ImageObject\"  ><div class='avia-image-container-inner'><div class='avia-image-overlay-wrap'><img decoding=\"async\" class='wp-image-8943 avia-img-lazy-loading-not-8943 avia_image' src=\"https:\/\/radiorevelacionfm.cl\/wp-content\/uploads\/2021\/09\/DIPUTADO-2-1-1.jpeg\" alt='' title='DIPUTADO 2 (1) (1)' height=\"600\" width=\"859\"  itemprop=\"thumbnailUrl\" srcset=\"https:\/\/radiorevelacionfm.cl\/wp-content\/uploads\/2021\/09\/DIPUTADO-2-1-1.jpeg 859w, https:\/\/radiorevelacionfm.cl\/wp-content\/uploads\/2021\/09\/DIPUTADO-2-1-1-300x210.jpeg 300w, https:\/\/radiorevelacionfm.cl\/wp-content\/uploads\/2021\/09\/DIPUTADO-2-1-1-768x536.jpeg 768w, https:\/\/radiorevelacionfm.cl\/wp-content\/uploads\/2021\/09\/DIPUTADO-2-1-1-705x492.jpeg 705w, https:\/\/radiorevelacionfm.cl\/wp-content\/uploads\/2021\/09\/DIPUTADO-2-1-1-600x419.jpeg 600w\" sizes=\"(max-width: 859px) 100vw, 859px\" \/><\/div><\/div><\/div><\/div><div class=\"flex_column av_one_full  flex_column_div av-zero-column-padding first  avia-builder-el-2  el_after_av_one_full  el_before_av_one_full  column-top-margin\" style='border-radius:0px; '><section class=\"av_textblock_section \"  itemscope=\"itemscope\" itemtype=\"https:\/\/schema.org\/BlogPosting\" itemprop=\"blogPost\" ><div class='avia_textblock  '   itemprop=\"text\" ><p style=\"text-align: center;\"><strong><span style=\"font-size: 18pt;\">Diputado Alinco: \u201cLa anulaci\u00f3n de la ley longueira es un grito de todos los pescadores desde Arica a Punta Arenas\u201d<\/span><\/strong><\/p>\n<div id=\"gtx-trans\" style=\"position: absolute; left: -50px; top: 4.31534px;\">\n<div class=\"gtx-trans-icon\"><\/div>\n<\/div>\n<\/div><\/section><\/div><div class=\"flex_column av_one_full  flex_column_div av-zero-column-padding first  avia-builder-el-4  el_after_av_one_full  el_before_av_hr  column-top-margin\" style='border-radius:0px; '><section class=\"av_textblock_section \"  itemscope=\"itemscope\" itemtype=\"https:\/\/schema.org\/BlogPosting\" itemprop=\"blogPost\" ><div class='avia_textblock  '   itemprop=\"text\" ><p style=\"text-align: justify;\">Este martes 21 de septiembre, se discuti\u00f3 en particular en la Comisi\u00f3n de Constituci\u00f3n y Pesca, el proyecto que anula la actual Ley de Pesca, conocida popularmente como \u201cLey Longueira\u201d.<\/p>\n<p style=\"text-align: justify;\">En ese sentido, por 13 votos a favor, 4 en contra y 1 abstenci\u00f3n, los parlamentarios participantes de esta comisi\u00f3n aprobaron el proyecto que permitir\u00eda la anulaci\u00f3n de aquella ley, por lo que fue despachada a Sala para que pueda ser votada, con el fin de seguir su camino legislativo.<\/p>\n<p style=\"text-align: justify;\">En la sesi\u00f3n especial de comisiones, estuvo presente el parlamentario aysenino, Ren\u00e9 Alinco Bustos, quien se mostr\u00f3 a favor de la anulaci\u00f3n de esta pol\u00e9mica ley que afecta a pescadores, \u201cdesde Arica a Punta Arenas\u201d, dijo.<\/p>\n<p style=\"text-align: justify;\">En este contexto, el parlamentario quiso enviar un mensaje a los pescadores de nuestra regi\u00f3n, a quienes les indic\u00f3 \u201ceste es el principio del proceso para terminar con esta Ley maldita que ha privatizado el mar chileno y que los ha perjudicado. Este es el primer paso de una demanda hist\u00f3rica de los trabajadores del mar\u2026 hoy este Congreso est\u00e1 cumpliendo con el compromiso de recuperar el mar chileno\u2026\u201d, sostuvo Alinco.<\/p>\n<p style=\"text-align: justify;\"><strong>\u201cEsta petici\u00f3n surgi\u00f3 desde el d\u00eda uno\u201d<\/strong><\/p>\n<p style=\"text-align: justify;\">Ren\u00e9 Alinco pidi\u00f3 al presidente de la Comisi\u00f3n, Marcos Ilabaca, el poder intervenir, ocasi\u00f3n en la que no tuvo reparos en se\u00f1alar que \u201ctodos sabemos c\u00f3mo la gran industria compr\u00f3 los votos en esta honorable C\u00e1mara de Diputadas y Diputados\u2026, hay un senador y una diputada que fueron sancionados por la Ley, pero tambi\u00e9n en su momento lo manifest\u00e9 en la Sala, que la C\u00e1mara, Contralor\u00eda o los Tribunales de Justicia, debieron haber revisado, investigado y auditado a todos los parlamentarios de esa \u00e9poca, porque no solo fueron la ex diputada Marta Isasi y el ex senador Jaime Orpis quienes recibieron plata de la gran industria, fueron muchos m\u00e1s\u2026\u201d, resalt\u00f3 el diputado, ocasi\u00f3n en la que adem\u00e1s felicit\u00f3 a los integrantes de la instancia, pues tratar este importante tema se constituye en una \u201cpetici\u00f3n que surgi\u00f3 desde el primer d\u00eda en que se aprob\u00f3 esta famosa Ley, por parte de todos los pescadores desde Arica a Punta Arenas\u2026espero que esta petici\u00f3n de anulaci\u00f3n se apruebe, porque eso significa proteger las riquezas de nuestro pa\u00eds, pues gracias a esta mala Ley Longueria, el mar de Chile fue privatizado\u201d, remarc\u00f3 el parlamentario.<\/p>\n<p style=\"text-align: justify;\">El proyecto, que igualmente fue catalogado como \u201ccorrupto\u201d, ser\u00e1 informado en Sala y se espera su aprobaci\u00f3n igualmente en el Senado, afirm\u00f3 Alinco.<\/p>\n<\/div><\/section><\/div><div  style='height:50px' class='hr hr-invisible   avia-builder-el-6  el_after_av_one_full  el_before_av_social_share '><span class='hr-inner ' ><span class='hr-inner-style'><\/span><\/span><\/div><\/p>\n<div  class='av-social-sharing-box  avia-builder-el-7  el_after_av_hr  el_before_av_hr  '><div class='av-share-box'><h5 class='av-share-link-description av-no-toc '>Compartir esta noticia<\/h5><ul class='av-share-box-list noLightbox'><li class='av-share-link av-social-link-facebook' ><a target=\"_blank\" aria-label=\"Compartir en Facebook\" href='https:\/\/www.facebook.com\/sharer.php?u=https:\/\/radiorevelacionfm.cl\/?p=8942&#038;t=Diputado%20Alinco%3A%20%E2%80%9CLa%20anulaci%C3%B3n%20de%20la%20ley%20longueira%20es%20un%20grito%20de%20todos%20los%20pescadores%20desde%20Arica%20a%20Punta%20Arenas%E2%80%9D' aria-hidden='false' data-av_icon='\ue8f3' data-av_iconfont='entypo-fontello' title='' data-avia-related-tooltip='Compartir en Facebook' rel=\"noopener\"><span class='avia_hidden_link_text'>Compartir en Facebook<\/span><\/a><\/li><li class='av-share-link av-social-link-twitter' ><a target=\"_blank\" aria-label=\"Compartir en Twitter\" href='https:\/\/twitter.com\/share?text=Diputado%20Alinco%3A%20%E2%80%9CLa%20anulaci%C3%B3n%20de%20la%20ley%20longueira%20es%20un%20grito%20de%20todos%20los%20pescadores%20desde%20Arica%20a%20Punta%20Arenas%E2%80%9D&#038;url=https:\/\/radiorevelacionfm.cl\/?p=8942' aria-hidden='false' data-av_icon='\ue8f1' data-av_iconfont='entypo-fontello' title='' data-avia-related-tooltip='Compartir en Twitter' rel=\"noopener\"><span class='avia_hidden_link_text'>Compartir en Twitter<\/span><\/a><\/li><li class='av-share-link av-social-link-whatsapp' ><a target=\"_blank\" aria-label=\"Compartir en Whatsapp\" href='https:\/\/api.whatsapp.com\/send?text=https:\/\/radiorevelacionfm.cl\/?p=8942' aria-hidden='false' data-av_icon='\uf232' data-av_iconfont='entypo-fontello' title='' data-avia-related-tooltip='Compartir en Whatsapp' rel=\"noopener\"><span class='avia_hidden_link_text'>Compartir en Whatsapp<\/span><\/a><\/li><li class='av-share-link av-social-link-linkedin' ><a target=\"_blank\" aria-label=\"Compartir en LinkedIn\" href='https:\/\/linkedin.com\/shareArticle?mini=true&#038;title=Diputado%20Alinco%3A%20%E2%80%9CLa%20anulaci%C3%B3n%20de%20la%20ley%20longueira%20es%20un%20grito%20de%20todos%20los%20pescadores%20desde%20Arica%20a%20Punta%20Arenas%E2%80%9D&#038;url=https:\/\/radiorevelacionfm.cl\/?p=8942' aria-hidden='false' data-av_icon='\ue8fc' data-av_iconfont='entypo-fontello' title='' data-avia-related-tooltip='Compartir en LinkedIn' rel=\"noopener\"><span class='avia_hidden_link_text'>Compartir en LinkedIn<\/span><\/a><\/li><li class='av-share-link av-social-link-mail' ><a  aria-label=\"Compartir por correo\" href='mailto:?subject=Diputado%20Alinco%3A%20%E2%80%9CLa%20anulaci%C3%B3n%20de%20la%20ley%20longueira%20es%20un%20grito%20de%20todos%20los%20pescadores%20desde%20Arica%20a%20Punta%20Arenas%E2%80%9D&#038;body=https:\/\/radiorevelacionfm.cl\/?p=8942' aria-hidden='false' data-av_icon='\ue805' data-av_iconfont='entypo-fontello' title='' data-avia-related-tooltip='Compartir por correo'><span class='avia_hidden_link_text'>Compartir por correo<\/span><\/a><\/li><\/ul><\/div><\/div>\n<div  style='height:50px' class='hr hr-invisible   avia-builder-el-8  el_after_av_social_share  el_before_av_comments_list '><span class='hr-inner ' ><span class='hr-inner-style'><\/span><\/span><\/div>\n<div  class='av-buildercomment  av-blog-meta-html-info-disabled av-blog-meta-tag-disabled  '><\/div>\n","protected":false},"excerpt":{"rendered":"","protected":false},"author":1,"featured_media":8943,"comment_status":"open","ping_status":"open","sticky":false,"template":"","format":"standard","meta":{"footnotes":""},"categories":[60,35],"tags":[],"class_list":["post-8942","post","type-post","status-publish","format-standard","has-post-thumbnail","hentry","category-pesca","category-politica"],"jetpack_featured_media_url":"https:\/\/radiorevelacionfm.cl\/wp-content\/uploads\/2021\/09\/DIPUTADO-2-1-1.jpeg","_links":{"self":[{"href":"https:\/\/radiorevelacionfm.cl\/index.php?rest_route=\/wp\/v2\/posts\/8942","targetHints":{"allow":["GET"]}}],"collection":[{"href":"https:\/\/radiorevelacionfm.cl\/index.php?rest_route=\/wp\/v2\/posts"}],"about":[{"href":"https:\/\/radiorevelacionfm.cl\/index.php?rest_route=\/wp\/v2\/types\/post"}],"author":[{"embeddable":true,"href":"https:\/\/radiorevelacionfm.cl\/index.php?rest_route=\/wp\/v2\/users\/1"}],"replies":[{"embeddable":true,"href":"https:\/\/radiorevelacionfm.cl\/index.php?rest_route=%2Fwp%2Fv2%2Fcomments&post=8942"}],"version-history":[{"count":1,"href":"https:\/\/radiorevelacionfm.cl\/index.php?rest_route=\/wp\/v2\/posts\/8942\/revisions"}],"predecessor-version":[{"id":8944,"href":"https:\/\/radiorevelacionfm.cl\/index.php?rest_route=\/wp\/v2\/posts\/8942\/revisions\/8944"}],"wp:featuredmedia":[{"embeddable":true,"href":"https:\/\/radiorevelacionfm.cl\/index.php?rest_route=\/wp\/v2\/media\/8943"}],"wp:attachment":[{"href":"https:\/\/radiorevelacionfm.cl\/index.php?rest_route=%2Fwp%2Fv2%2Fmedia&parent=8942"}],"wp:term":[{"taxonomy":"category","embeddable":true,"href":"https:\/\/radiorevelacionfm.cl\/index.php?rest_route=%2Fwp%2Fv2%2Fcategories&post=8942"},{"taxonomy":"post_tag","embeddable":true,"href":"https:\/\/radiorevelacionfm.cl\/index.php?rest_route=%2Fwp%2Fv2%2Ftags&post=8942"}],"curies":[{"name":"wp","href":"https:\/\/api.w.org\/{rel}","templated":true}]}}