{"id":8938,"date":"2021-09-23T11:20:43","date_gmt":"2021-09-23T14:20:43","guid":{"rendered":"https:\/\/radiorevelacionfm.cl\/?p=8938"},"modified":"2021-09-23T11:20:43","modified_gmt":"2021-09-23T14:20:43","slug":"en-escuela-litoral-austral-inician-ejecucion-de-proyecto-de-mejoramiento-de-fachada","status":"publish","type":"post","link":"https:\/\/radiorevelacionfm.cl\/?p=8938","title":{"rendered":"En escuela Litoral Austral inician ejecuci\u00f3n de proyecto de mejoramiento de fachada"},"content":{"rendered":"<div class=\"flex_column av_one_full  flex_column_div av-zero-column-padding first  avia-builder-el-0  el_before_av_one_full  avia-builder-el-first  \" style='border-radius:0px; '><div  class='avia-image-container  av-styling-    avia-builder-el-1  avia-builder-el-no-sibling  avia-align-center '  itemprop=\"image\" itemscope=\"itemscope\" itemtype=\"https:\/\/schema.org\/ImageObject\"  ><div class='avia-image-container-inner'><div class='avia-image-overlay-wrap'><img decoding=\"async\" class='wp-image-8940 avia-img-lazy-loading-not-8940 avia_image' src=\"https:\/\/radiorevelacionfm.cl\/wp-content\/uploads\/2021\/09\/Escuela-LitoralP-1.jpg\" alt='' title='Escuela LitoralP (1)' height=\"596\" width=\"960\"  itemprop=\"thumbnailUrl\" srcset=\"https:\/\/radiorevelacionfm.cl\/wp-content\/uploads\/2021\/09\/Escuela-LitoralP-1.jpg 960w, https:\/\/radiorevelacionfm.cl\/wp-content\/uploads\/2021\/09\/Escuela-LitoralP-1-300x186.jpg 300w, https:\/\/radiorevelacionfm.cl\/wp-content\/uploads\/2021\/09\/Escuela-LitoralP-1-768x477.jpg 768w, https:\/\/radiorevelacionfm.cl\/wp-content\/uploads\/2021\/09\/Escuela-LitoralP-1-705x438.jpg 705w, https:\/\/radiorevelacionfm.cl\/wp-content\/uploads\/2021\/09\/Escuela-LitoralP-1-600x373.jpg 600w\" sizes=\"(max-width: 960px) 100vw, 960px\" \/><\/div><\/div><\/div><\/div><div class=\"flex_column av_one_full  flex_column_div av-zero-column-padding first  avia-builder-el-2  el_after_av_one_full  el_before_av_one_full  column-top-margin\" style='border-radius:0px; '><section class=\"av_textblock_section \"  itemscope=\"itemscope\" itemtype=\"https:\/\/schema.org\/BlogPosting\" itemprop=\"blogPost\" ><div class='avia_textblock  '   itemprop=\"text\" ><p style=\"text-align: center;\"><span style=\"font-size: 18pt;\"><strong>En escuela Litoral Austral inician ejecuci\u00f3n de proyecto de mejoramiento de fachada <\/strong><\/span><\/p>\n<div id=\"gtx-trans\" style=\"position: absolute; left: -50px; top: 4.31534px;\">\n<div class=\"gtx-trans-icon\"><\/div>\n<\/div>\n<\/div><\/section><\/div><div class=\"flex_column av_one_full  flex_column_div av-zero-column-padding first  avia-builder-el-4  el_after_av_one_full  el_before_av_hr  column-top-margin\" style='border-radius:0px; '><section class=\"av_textblock_section \"  itemscope=\"itemscope\" itemtype=\"https:\/\/schema.org\/BlogPosting\" itemprop=\"blogPost\" ><div class='avia_textblock  '   itemprop=\"text\" ><p style=\"text-align: justify;\">Con el objetivo de mejorar la cara de presentaci\u00f3n del establecimiento educacional aysenino, este mi\u00e9rcoles se realiz\u00f3 la ceremonia de entrega de terreno, que marca el inicio de la obra \u00abMejoramiento Fachada Escuela Litoral Austral\u00bb.<\/p>\n<p style=\"text-align: justify;\">Iniciativa posible gracias al financiamiento de la Subsecretar\u00eda de Desarrollo Regional y Administrativo a trav\u00e9s del Programa de Mejoramiento Urbano, PMU, por un monto superior a los 56 millones de pesos.<\/p>\n<p style=\"text-align: justify;\">Durante la actividad -en que estuvieron presentes el director de la escuela b\u00e1sica, Carlos Alarc\u00f3n, junto a su jefa de UTP e Inspector General, as\u00ed como funcionarios municipales de las direcciones de Obras y Educaci\u00f3n, y la empresa ejecutora-, se destac\u00f3 la relevancia de este mejoramiento, presentada por el equipo de profesionales de la unidad de Proyectos de la Direcci\u00f3n de Educaci\u00f3n, y cuya ejecuci\u00f3n permitir\u00e1 mejorar las condiciones de infraestructura y habitabilidad en pos de generar espacios adecuados para los estudiantes.<\/p>\n<p style=\"text-align: justify;\">Al respecto, el director de la escuela Litoral Austral, Carlos Alarc\u00f3n, manifest\u00f3 su conformidad sobre este el desarrollo de esta instancia, que inici\u00f3 durante la jornada, y cuyo t\u00e9rmino de obras se proyecta para fines de diciembre de 2021.<\/p>\n<p style=\"text-align: justify;\">\u201cUn anhelado proyecto que viene a dar un plus distinto a todo el recinto, y eso nos engrandece el \u00e1nimo, porque estaba ya demasiado deteriorado, entonces dese\u00e1bamos un pronto inicio de esto. Agradecemos al equipo DEM porque ven\u00edan desde hace tiempo buscando los recursos para esta reposici\u00f3n, y esperemos todo resulte bien respecto a los plazos que se han establecido para tener nuestro edificio hermoso a toda vista de quienes pasen por ac\u00e1 y, principalmente, de todos quienes formamos parte de la Litoral Austral\u201d.<\/p>\n<p style=\"text-align: justify;\">La iniciativa pretende conservar el revestimiento exterior del establecimiento mediante la instalaci\u00f3n de planchas de acero prepintado, as\u00ed como el refuerzo de la estructura de muros para incorporar aislaci\u00f3n t\u00e9rmica en salas de clases. Ello incluye, adem\u00e1s, cambio de aleros, tapacanes, canaletas, bajadas de agua lluvia y hojalater\u00eda en general, tal cual lo detall\u00f3 el director de Obras Municipales \u2013 Inspector T\u00e9cnico de la Obra-, Sebasti\u00e1n Villagra.<\/p>\n<p style=\"text-align: justify;\">\u201cFelices por este inicio de ejecuci\u00f3n que claramente era muy esperado en esta escuela, as\u00ed que contentos. La empresa que se ha adjudicado esta obra, es nueva y es local, y considera importantes detalles t\u00e9cnicos que les permitir\u00e1 al establecimiento dar esa imagen institucional, y b\u00e1sicamente es la conservaci\u00f3n de toda la fachada, as\u00ed que queremos desearle todo el \u00e9xito a la empresa adjudicada esperando que no existan contratiempos para prontamente poder recepcionar esta obra, totalmente mejorada\u201d.<\/p>\n<p style=\"text-align: justify;\">Por su parte, la jefa de la Unidad de Proyectos del DEM Ays\u00e9n, Karen Faundes, dio cuenta de c\u00f3mo se contin\u00faa avanzando en el \u00e1rea de infraestructura frente a los diversos requerimientos emanados por parte de los establecimientos educacionales, siempre considerando el objetivo superior, como es el bienestar de todos quienes integran la comunidad educativa municipal en la comuna.<\/p>\n<p style=\"text-align: justify;\">\u201cEste es un proyecto muy importante para nosotros como unidad t\u00e9cnica del DEM porque considera un mejoramiento de la fachada casi en su totalidad, con materiales que van a permitir enfrentar de mejor manera el clima de nuestra ciudad. Estamos trabajando con conjunto con la empresa y con el director, para que pueda avanzar sin afectar el funcionamiento del establecimiento, especialmente ahora con las clases presenciales\u201d.<\/p>\n<p style=\"text-align: justify;\">La obra, cuya ejecuci\u00f3n estar\u00e1 a cargo de la empresa contratista AQG Servicios Industriales Australes SPA, tendr\u00e1 un periodo m\u00e1ximo de 90 d\u00edas desde su inicio, que ser\u00e1 asesorado t\u00e9cnicamente por la encargada de la Unidad de Proyecto del DEM, Mar\u00eda Gabriela Jim\u00e9nez, en esta iniciativa, cuyo monto de financiamiento corresponde a un total de $56.020.676.-<\/p>\n<\/div><\/section><\/div><div  style='height:50px' class='hr hr-invisible   avia-builder-el-6  el_after_av_one_full  el_before_av_social_share '><span class='hr-inner ' ><span class='hr-inner-style'><\/span><\/span><\/div><\/p>\n<div  class='av-social-sharing-box  avia-builder-el-7  el_after_av_hr  el_before_av_hr  '><div class='av-share-box'><h5 class='av-share-link-description av-no-toc '>Compartir esta noticia<\/h5><ul class='av-share-box-list noLightbox'><li class='av-share-link av-social-link-facebook' ><a target=\"_blank\" aria-label=\"Compartir en Facebook\" href='https:\/\/www.facebook.com\/sharer.php?u=https:\/\/radiorevelacionfm.cl\/?p=8938&#038;t=En%20escuela%20Litoral%20Austral%20inician%20ejecuci%C3%B3n%20de%20proyecto%20de%20mejoramiento%20de%20fachada' aria-hidden='false' data-av_icon='\ue8f3' data-av_iconfont='entypo-fontello' title='' data-avia-related-tooltip='Compartir en Facebook' rel=\"noopener\"><span class='avia_hidden_link_text'>Compartir en Facebook<\/span><\/a><\/li><li class='av-share-link av-social-link-twitter' ><a target=\"_blank\" aria-label=\"Compartir en Twitter\" href='https:\/\/twitter.com\/share?text=En%20escuela%20Litoral%20Austral%20inician%20ejecuci%C3%B3n%20de%20proyecto%20de%20mejoramiento%20de%20fachada&#038;url=https:\/\/radiorevelacionfm.cl\/?p=8938' aria-hidden='false' data-av_icon='\ue8f1' data-av_iconfont='entypo-fontello' title='' data-avia-related-tooltip='Compartir en Twitter' rel=\"noopener\"><span class='avia_hidden_link_text'>Compartir en Twitter<\/span><\/a><\/li><li class='av-share-link av-social-link-whatsapp' ><a target=\"_blank\" aria-label=\"Compartir en Whatsapp\" href='https:\/\/api.whatsapp.com\/send?text=https:\/\/radiorevelacionfm.cl\/?p=8938' aria-hidden='false' data-av_icon='\uf232' data-av_iconfont='entypo-fontello' title='' data-avia-related-tooltip='Compartir en Whatsapp' rel=\"noopener\"><span class='avia_hidden_link_text'>Compartir en Whatsapp<\/span><\/a><\/li><li class='av-share-link av-social-link-linkedin' ><a target=\"_blank\" aria-label=\"Compartir en LinkedIn\" href='https:\/\/linkedin.com\/shareArticle?mini=true&#038;title=En%20escuela%20Litoral%20Austral%20inician%20ejecuci%C3%B3n%20de%20proyecto%20de%20mejoramiento%20de%20fachada&#038;url=https:\/\/radiorevelacionfm.cl\/?p=8938' aria-hidden='false' data-av_icon='\ue8fc' data-av_iconfont='entypo-fontello' title='' data-avia-related-tooltip='Compartir en LinkedIn' rel=\"noopener\"><span class='avia_hidden_link_text'>Compartir en LinkedIn<\/span><\/a><\/li><li class='av-share-link av-social-link-mail' ><a  aria-label=\"Compartir por correo\" href='mailto:?subject=En%20escuela%20Litoral%20Austral%20inician%20ejecuci%C3%B3n%20de%20proyecto%20de%20mejoramiento%20de%20fachada&#038;body=https:\/\/radiorevelacionfm.cl\/?p=8938' aria-hidden='false' data-av_icon='\ue805' data-av_iconfont='entypo-fontello' title='' data-avia-related-tooltip='Compartir por correo'><span class='avia_hidden_link_text'>Compartir por correo<\/span><\/a><\/li><\/ul><\/div><\/div>\n<div  style='height:50px' class='hr hr-invisible   avia-builder-el-8  el_after_av_social_share  el_before_av_comments_list '><span class='hr-inner ' ><span class='hr-inner-style'><\/span><\/span><\/div>\n<div  class='av-buildercomment  av-blog-meta-html-info-disabled av-blog-meta-tag-disabled  '><\/div>\n","protected":false},"excerpt":{"rendered":"","protected":false},"author":1,"featured_media":8940,"comment_status":"open","ping_status":"open","sticky":false,"template":"","format":"standard","meta":{"footnotes":""},"categories":[38],"tags":[],"class_list":["post-8938","post","type-post","status-publish","format-standard","has-post-thumbnail","hentry","category-regional"],"jetpack_featured_media_url":"https:\/\/radiorevelacionfm.cl\/wp-content\/uploads\/2021\/09\/Escuela-LitoralP-1.jpg","_links":{"self":[{"href":"https:\/\/radiorevelacionfm.cl\/index.php?rest_route=\/wp\/v2\/posts\/8938","targetHints":{"allow":["GET"]}}],"collection":[{"href":"https:\/\/radiorevelacionfm.cl\/index.php?rest_route=\/wp\/v2\/posts"}],"about":[{"href":"https:\/\/radiorevelacionfm.cl\/index.php?rest_route=\/wp\/v2\/types\/post"}],"author":[{"embeddable":true,"href":"https:\/\/radiorevelacionfm.cl\/index.php?rest_route=\/wp\/v2\/users\/1"}],"replies":[{"embeddable":true,"href":"https:\/\/radiorevelacionfm.cl\/index.php?rest_route=%2Fwp%2Fv2%2Fcomments&post=8938"}],"version-history":[{"count":1,"href":"https:\/\/radiorevelacionfm.cl\/index.php?rest_route=\/wp\/v2\/posts\/8938\/revisions"}],"predecessor-version":[{"id":8941,"href":"https:\/\/radiorevelacionfm.cl\/index.php?rest_route=\/wp\/v2\/posts\/8938\/revisions\/8941"}],"wp:featuredmedia":[{"embeddable":true,"href":"https:\/\/radiorevelacionfm.cl\/index.php?rest_route=\/wp\/v2\/media\/8940"}],"wp:attachment":[{"href":"https:\/\/radiorevelacionfm.cl\/index.php?rest_route=%2Fwp%2Fv2%2Fmedia&parent=8938"}],"wp:term":[{"taxonomy":"category","embeddable":true,"href":"https:\/\/radiorevelacionfm.cl\/index.php?rest_route=%2Fwp%2Fv2%2Fcategories&post=8938"},{"taxonomy":"post_tag","embeddable":true,"href":"https:\/\/radiorevelacionfm.cl\/index.php?rest_route=%2Fwp%2Fv2%2Ftags&post=8938"}],"curies":[{"name":"wp","href":"https:\/\/api.w.org\/{rel}","templated":true}]}}