{"id":8935,"date":"2021-09-23T10:59:37","date_gmt":"2021-09-23T13:59:37","guid":{"rendered":"https:\/\/radiorevelacionfm.cl\/?p=8935"},"modified":"2021-09-23T11:05:59","modified_gmt":"2021-09-23T14:05:59","slug":"alcalde-santana-es-impresionante-la-desconexion-que-hay-en-la-camara-respecto-a-la-situacion-escolar-que-ocurre-en-el-pais","status":"publish","type":"post","link":"https:\/\/radiorevelacionfm.cl\/?p=8935","title":{"rendered":"Alcalde de R\u00edo Iba\u00f1ez: \u201cEs impresionante la desconexi\u00f3n que hay en la C\u00e1mara respecto a la situaci\u00f3n escolar que ocurre en el pa\u00eds\u201d"},"content":{"rendered":"<div class=\"flex_column av_one_full  flex_column_div av-zero-column-padding first  avia-builder-el-0  el_before_av_one_full  avia-builder-el-first  \" style='border-radius:0px; '><div  class='avia-image-container  av-styling-    avia-builder-el-1  avia-builder-el-no-sibling  avia-align-center '  itemprop=\"image\" itemscope=\"itemscope\" itemtype=\"https:\/\/schema.org\/ImageObject\"  ><div class='avia-image-container-inner'><div class='avia-image-overlay-wrap'><img decoding=\"async\" class='wp-image-8936 avia-img-lazy-loading-not-8936 avia_image' src=\"https:\/\/radiorevelacionfm.cl\/wp-content\/uploads\/2021\/09\/Foto-1-Ibanez-1-1.jpg\" alt='' title='Foto-1 Iba\u00f1ez (1) (1)' height=\"600\" width=\"800\"  itemprop=\"thumbnailUrl\" srcset=\"https:\/\/radiorevelacionfm.cl\/wp-content\/uploads\/2021\/09\/Foto-1-Ibanez-1-1.jpg 800w, https:\/\/radiorevelacionfm.cl\/wp-content\/uploads\/2021\/09\/Foto-1-Ibanez-1-1-300x225.jpg 300w, https:\/\/radiorevelacionfm.cl\/wp-content\/uploads\/2021\/09\/Foto-1-Ibanez-1-1-768x576.jpg 768w, https:\/\/radiorevelacionfm.cl\/wp-content\/uploads\/2021\/09\/Foto-1-Ibanez-1-1-705x529.jpg 705w, https:\/\/radiorevelacionfm.cl\/wp-content\/uploads\/2021\/09\/Foto-1-Ibanez-1-1-600x450.jpg 600w\" sizes=\"(max-width: 800px) 100vw, 800px\" \/><\/div><\/div><\/div><\/div>\n<div class=\"flex_column av_one_full  flex_column_div av-zero-column-padding first  avia-builder-el-2  el_after_av_one_full  el_before_av_one_full  column-top-margin\" style='border-radius:0px; '><section class=\"av_textblock_section \"  itemscope=\"itemscope\" itemtype=\"https:\/\/schema.org\/BlogPosting\" itemprop=\"blogPost\" ><div class='avia_textblock  '   itemprop=\"text\" ><p style=\"text-align: center;\"><span style=\"font-size: 18pt;\"><b>Alcalde de R\u00edo Iba\u00f1ez: \u201cEs impresionante la desconexi\u00f3n que hay en la C\u00e1mara respecto a la situaci\u00f3n escolar que ocurre en el pa\u00eds\u201d<\/b><\/span><\/p>\n<div id=\"gtx-trans\" style=\"position: absolute; left: -50px; top: 4.31534px;\">\n<div class=\"gtx-trans-icon\"><\/div>\n<\/div>\n<\/div><\/section><\/div><div class=\"flex_column av_one_full  flex_column_div av-zero-column-padding first  avia-builder-el-4  el_after_av_one_full  el_before_av_hr  column-top-margin\" style='border-radius:0px; '><section class=\"av_textblock_section \"  itemscope=\"itemscope\" itemtype=\"https:\/\/schema.org\/BlogPosting\" itemprop=\"blogPost\" ><div class='avia_textblock  '   itemprop=\"text\" ><p style=\"text-align: justify;\">En la Regi\u00f3n de Ays\u00e9n, espec\u00edficamente en R\u00edo Ib\u00e1\u00f1ez, su jefe comunal, Marcelo Santana y el director de la Escuela Rural Carretera Austral de Bah\u00eda Murta, Germ\u00e1n Haro, expresaron su descontento por ca\u00edda del proyecto que restauraba el k\u00ednder obligatorio en los establecimientos educacionales.<\/p>\n<p style=\"text-align: justify;\">Pol\u00e9mica ha causado el rechazo por parte de la C\u00e1mara al proyecto que buscaba reponer el k\u00ednder obligatorio. Estas repercusiones no solo han tenido palabras del presidente, Sebasti\u00e1n Pi\u00f1era, el ministro de Educaci\u00f3n, Ra\u00fal Figueroa o la defensora de la ni\u00f1ez, Patricia Mu\u00f1oz Garc\u00eda, sino que tambi\u00e9n de autoridades de la Regi\u00f3n de Ays\u00e9n, espec\u00edficamente de la comuna de R\u00edo Ib\u00e1\u00f1ez, lugar en el que por falta de recursos no se pueden ejecutar estos niveles escolares.<\/p>\n<p style=\"text-align: justify;\">\u201cEs impresionante la desconexi\u00f3n que ocurre en la C\u00e1mara de respecto a la situaci\u00f3n escolar que ocurre en el pa\u00eds. Los parlamentarios le dan la espalda a cientos de familias que vivimos en localidades rurales y tambi\u00e9n en barrios vulnerables, donde tampoco existen este tipo de ense\u00f1anza para nuestros ni\u00f1os. Este proyecto era una pol\u00edtica p\u00fablica integradora, que habr\u00eda sido un gran apoyo para tener este nivel educativo en dos localidades de nuestra comuna\u201d, afirm\u00f3 el alcalde de R\u00edo Ib\u00e1\u00f1ez, Marcelo Santana.<\/p>\n<p style=\"text-align: justify;\">Adem\u00e1s, el jefe comunal aclar\u00f3 que el k\u00ednder obligatorio solo busca que \u201clos ni\u00f1os tengan un completo desarrollo y puedan acceder a experiencias que no tendr\u00e1n en ning\u00fan otro lugar que no sea el aula de clases. Al igual que con la pandemia, en la que fuimos los pioneros en volver a las clases presenciales debido a que no cont\u00e1bamos con los ingresos para financiar las clases en l\u00ednea, la C\u00e1mara nuevamente demuestra que no est\u00e1n conectados con la necesidad del pa\u00eds\u201d.<\/p>\n<p style=\"text-align: justify;\">Respecto a esta decisi\u00f3n, el director de la Escuela Rural Carretera Austral de Bah\u00eda Murta, asegur\u00f3 que \u201cestas localidades de la Patagonia, espec\u00edficamente rurales, es complicad\u00edsimo porque los ni\u00f1os al no tener k\u00ednder llegan en desventaja con los ni\u00f1os de primer a\u00f1o\u201d.<\/p>\n<p style=\"text-align: justify;\">Adem\u00e1s, el profesional destac\u00f3 que \u201cpor este tipo de situaciones de gente que, no conoce nuestras localidades, no conoce la Patagonia, ni nuestra realidad, nos castigan especialmente, los se\u00f1ores diputados que votaron en contra de un proyecto que favorece mucho los sectores rurales y familias que hacen patria; familias que est\u00e1n aisladas. La \u00fanica forma de tener k\u00ednder era a trav\u00e9s de esto, pero por razones econ\u00f3micas y pol\u00edticas nos vuelven a decir que no\u201d.<\/p>\n<p style=\"text-align: justify;\">Cabe destacar que una de las grandes pol\u00e9micas que tuvo este proyecto, fue que podr\u00eda tener fines lucrativos. Sin embargo, a trav\u00e9s de sus redes sociales, el ministro de Educaci\u00f3n, Ra\u00fal Figueroa destac\u00f3 que esto ser\u00eda incorrecto.<\/p>\n<\/div><\/section><\/div><\/p>\n<div  style='height:50px' class='hr hr-invisible   avia-builder-el-6  el_after_av_one_full  el_before_av_social_share '><span class='hr-inner ' ><span class='hr-inner-style'><\/span><\/span><\/div>\n<div  class='av-social-sharing-box  avia-builder-el-7  el_after_av_hr  el_before_av_hr  '><div class='av-share-box'><h5 class='av-share-link-description av-no-toc '>Compartir esta noticia<\/h5><ul class='av-share-box-list noLightbox'><li class='av-share-link av-social-link-facebook' ><a target=\"_blank\" aria-label=\"Compartir en Facebook\" href='https:\/\/www.facebook.com\/sharer.php?u=https:\/\/radiorevelacionfm.cl\/?p=8935&#038;t=Alcalde%20de%20R%C3%ADo%20Iba%C3%B1ez%3A%20%E2%80%9CEs%20impresionante%20la%20desconexi%C3%B3n%20que%20hay%20en%20la%20C%C3%A1mara%20respecto%20a%20la%20situaci%C3%B3n%20escolar%20que%20ocurre%20en%20el%20pa%C3%ADs%E2%80%9D' aria-hidden='false' data-av_icon='\ue8f3' data-av_iconfont='entypo-fontello' title='' data-avia-related-tooltip='Compartir en Facebook' rel=\"noopener\"><span class='avia_hidden_link_text'>Compartir en Facebook<\/span><\/a><\/li><li class='av-share-link av-social-link-twitter' ><a target=\"_blank\" aria-label=\"Compartir en Twitter\" href='https:\/\/twitter.com\/share?text=Alcalde%20de%20R%C3%ADo%20Iba%C3%B1ez%3A%20%E2%80%9CEs%20impresionante%20la%20desconexi%C3%B3n%20que%20hay%20en%20la%20C%C3%A1mara%20respecto%20a%20la%20situaci%C3%B3n%20escolar%20que%20ocurre%20en%20el%20pa%C3%ADs%E2%80%9D&#038;url=https:\/\/radiorevelacionfm.cl\/?p=8935' aria-hidden='false' data-av_icon='\ue8f1' data-av_iconfont='entypo-fontello' title='' data-avia-related-tooltip='Compartir en Twitter' rel=\"noopener\"><span class='avia_hidden_link_text'>Compartir en Twitter<\/span><\/a><\/li><li class='av-share-link av-social-link-whatsapp' ><a target=\"_blank\" aria-label=\"Compartir en Whatsapp\" href='https:\/\/api.whatsapp.com\/send?text=https:\/\/radiorevelacionfm.cl\/?p=8935' aria-hidden='false' data-av_icon='\uf232' data-av_iconfont='entypo-fontello' title='' data-avia-related-tooltip='Compartir en Whatsapp' rel=\"noopener\"><span class='avia_hidden_link_text'>Compartir en Whatsapp<\/span><\/a><\/li><li class='av-share-link av-social-link-linkedin' ><a target=\"_blank\" aria-label=\"Compartir en LinkedIn\" href='https:\/\/linkedin.com\/shareArticle?mini=true&#038;title=Alcalde%20de%20R%C3%ADo%20Iba%C3%B1ez%3A%20%E2%80%9CEs%20impresionante%20la%20desconexi%C3%B3n%20que%20hay%20en%20la%20C%C3%A1mara%20respecto%20a%20la%20situaci%C3%B3n%20escolar%20que%20ocurre%20en%20el%20pa%C3%ADs%E2%80%9D&#038;url=https:\/\/radiorevelacionfm.cl\/?p=8935' aria-hidden='false' data-av_icon='\ue8fc' data-av_iconfont='entypo-fontello' title='' data-avia-related-tooltip='Compartir en LinkedIn' rel=\"noopener\"><span class='avia_hidden_link_text'>Compartir en LinkedIn<\/span><\/a><\/li><li class='av-share-link av-social-link-mail' ><a  aria-label=\"Compartir por correo\" href='mailto:?subject=Alcalde%20de%20R%C3%ADo%20Iba%C3%B1ez%3A%20%E2%80%9CEs%20impresionante%20la%20desconexi%C3%B3n%20que%20hay%20en%20la%20C%C3%A1mara%20respecto%20a%20la%20situaci%C3%B3n%20escolar%20que%20ocurre%20en%20el%20pa%C3%ADs%E2%80%9D&#038;body=https:\/\/radiorevelacionfm.cl\/?p=8935' aria-hidden='false' data-av_icon='\ue805' data-av_iconfont='entypo-fontello' title='' data-avia-related-tooltip='Compartir por correo'><span class='avia_hidden_link_text'>Compartir por correo<\/span><\/a><\/li><\/ul><\/div><\/div>\n<div  style='height:50px' class='hr hr-invisible   avia-builder-el-8  el_after_av_social_share  el_before_av_comments_list '><span class='hr-inner ' ><span class='hr-inner-style'><\/span><\/span><\/div>\n<div  class='av-buildercomment  av-blog-meta-html-info-disabled av-blog-meta-tag-disabled  '><\/div>\n","protected":false},"excerpt":{"rendered":"","protected":false},"author":1,"featured_media":8936,"comment_status":"open","ping_status":"open","sticky":false,"template":"","format":"standard","meta":{"footnotes":""},"categories":[38],"tags":[],"class_list":["post-8935","post","type-post","status-publish","format-standard","has-post-thumbnail","hentry","category-regional"],"jetpack_featured_media_url":"https:\/\/radiorevelacionfm.cl\/wp-content\/uploads\/2021\/09\/Foto-1-Ibanez-1-1.jpg","_links":{"self":[{"href":"https:\/\/radiorevelacionfm.cl\/index.php?rest_route=\/wp\/v2\/posts\/8935","targetHints":{"allow":["GET"]}}],"collection":[{"href":"https:\/\/radiorevelacionfm.cl\/index.php?rest_route=\/wp\/v2\/posts"}],"about":[{"href":"https:\/\/radiorevelacionfm.cl\/index.php?rest_route=\/wp\/v2\/types\/post"}],"author":[{"embeddable":true,"href":"https:\/\/radiorevelacionfm.cl\/index.php?rest_route=\/wp\/v2\/users\/1"}],"replies":[{"embeddable":true,"href":"https:\/\/radiorevelacionfm.cl\/index.php?rest_route=%2Fwp%2Fv2%2Fcomments&post=8935"}],"version-history":[{"count":3,"href":"https:\/\/radiorevelacionfm.cl\/index.php?rest_route=\/wp\/v2\/posts\/8935\/revisions"}],"predecessor-version":[{"id":8953,"href":"https:\/\/radiorevelacionfm.cl\/index.php?rest_route=\/wp\/v2\/posts\/8935\/revisions\/8953"}],"wp:featuredmedia":[{"embeddable":true,"href":"https:\/\/radiorevelacionfm.cl\/index.php?rest_route=\/wp\/v2\/media\/8936"}],"wp:attachment":[{"href":"https:\/\/radiorevelacionfm.cl\/index.php?rest_route=%2Fwp%2Fv2%2Fmedia&parent=8935"}],"wp:term":[{"taxonomy":"category","embeddable":true,"href":"https:\/\/radiorevelacionfm.cl\/index.php?rest_route=%2Fwp%2Fv2%2Fcategories&post=8935"},{"taxonomy":"post_tag","embeddable":true,"href":"https:\/\/radiorevelacionfm.cl\/index.php?rest_route=%2Fwp%2Fv2%2Ftags&post=8935"}],"curies":[{"name":"wp","href":"https:\/\/api.w.org\/{rel}","templated":true}]}}