{"id":8932,"date":"2021-09-23T09:43:17","date_gmt":"2021-09-23T12:43:17","guid":{"rendered":"https:\/\/radiorevelacionfm.cl\/?p=8932"},"modified":"2021-09-23T09:43:17","modified_gmt":"2021-09-23T12:43:17","slug":"emprendimiento-regional-inicia-exportacion-de-sus-productos-a-corea-del-sur","status":"publish","type":"post","link":"https:\/\/radiorevelacionfm.cl\/?p=8932","title":{"rendered":"Emprendimiento regional inicia exportaci\u00f3n de sus productos a Corea del Sur"},"content":{"rendered":"<div class=\"flex_column av_one_full  flex_column_div av-zero-column-padding first  avia-builder-el-0  el_before_av_one_full  avia-builder-el-first  \" style='border-radius:0px; '><div  class='avia-image-container  av-styling-    avia-builder-el-1  avia-builder-el-no-sibling  avia-align-center '  itemprop=\"image\" itemscope=\"itemscope\" itemtype=\"https:\/\/schema.org\/ImageObject\"  ><div class='avia-image-container-inner'><div class='avia-image-overlay-wrap'><img decoding=\"async\" class='wp-image-8933 avia-img-lazy-loading-not-8933 avia_image' src=\"https:\/\/radiorevelacionfm.cl\/wp-content\/uploads\/2021\/09\/PROCHILE-LANZA-VIDEO-PROMOCIONAL-SURYUIS-1-1-1.jpeg\" alt='' title='PROCHILE LANZA VIDEO PROMOCIONAL SURYUIS (1) (1) (1)' height=\"600\" width=\"1301\"  itemprop=\"thumbnailUrl\" srcset=\"https:\/\/radiorevelacionfm.cl\/wp-content\/uploads\/2021\/09\/PROCHILE-LANZA-VIDEO-PROMOCIONAL-SURYUIS-1-1-1.jpeg 1301w, https:\/\/radiorevelacionfm.cl\/wp-content\/uploads\/2021\/09\/PROCHILE-LANZA-VIDEO-PROMOCIONAL-SURYUIS-1-1-1-300x138.jpeg 300w, https:\/\/radiorevelacionfm.cl\/wp-content\/uploads\/2021\/09\/PROCHILE-LANZA-VIDEO-PROMOCIONAL-SURYUIS-1-1-1-1030x475.jpeg 1030w, https:\/\/radiorevelacionfm.cl\/wp-content\/uploads\/2021\/09\/PROCHILE-LANZA-VIDEO-PROMOCIONAL-SURYUIS-1-1-1-768x354.jpeg 768w, https:\/\/radiorevelacionfm.cl\/wp-content\/uploads\/2021\/09\/PROCHILE-LANZA-VIDEO-PROMOCIONAL-SURYUIS-1-1-1-705x325.jpeg 705w, https:\/\/radiorevelacionfm.cl\/wp-content\/uploads\/2021\/09\/PROCHILE-LANZA-VIDEO-PROMOCIONAL-SURYUIS-1-1-1-600x277.jpeg 600w\" sizes=\"(max-width: 1301px) 100vw, 1301px\" \/><\/div><\/div><\/div><\/div><div class=\"flex_column av_one_full  flex_column_div av-zero-column-padding first  avia-builder-el-2  el_after_av_one_full  el_before_av_one_full  column-top-margin\" style='border-radius:0px; '><section class=\"av_textblock_section \"  itemscope=\"itemscope\" itemtype=\"https:\/\/schema.org\/BlogPosting\" itemprop=\"blogPost\" ><div class='avia_textblock  '   itemprop=\"text\" ><p style=\"text-align: center;\"><strong><span style=\"font-size: 18pt;\">Emprendimiento regional inicia exportaci\u00f3n de sus productos a Corea del Sur<\/span><\/strong><\/p>\n<div id=\"gtx-trans\" style=\"position: absolute; left: -50px; top: 4.31534px;\">\n<div class=\"gtx-trans-icon\"><\/div>\n<\/div>\n<\/div><\/section><\/div><div class=\"flex_column av_one_full  flex_column_div av-zero-column-padding first  avia-builder-el-4  el_after_av_one_full  el_before_av_hr  column-top-margin\" style='border-radius:0px; '><section class=\"av_textblock_section \"  itemscope=\"itemscope\" itemtype=\"https:\/\/schema.org\/BlogPosting\" itemprop=\"blogPost\" ><div class='avia_textblock  '   itemprop=\"text\" ><p style=\"font-weight: 400; text-align: justify;\">Una de las grandes metas que tienen hoy en d\u00eda los emprendedores una vez posesionados en el mercado es poder comercializar sus productos en el exterior. Es justamente lo que ocurri\u00f3 con el jugos y mermeladas que actualmente elaboran, producen y vende la empresa SurYuis, un emprendimiento regional que hoy se pone los pantalones largos e iniciar\u00e1 un camino hacia su externalizaci\u00f3n. Esto porque ya que est\u00e1n en la fase final del primer cargamento que llevar\u00e1 un pedacito de la Patagonia a Corea del Sur, pa\u00eds ubicado en Asia oriental.<\/p>\n<p style=\"font-weight: 400; text-align: justify;\">La noticia se dio a conocer en un encuentro con la prensa que tuvieron representantes de la marca, la directora regional de ProChile y el Seremi de Econom\u00eda, oportunidad donde se lanz\u00f3 un video corporativo de SurYuis que da cuenta del origen de los productos que son materia prima de los jugos y mermeladas ac\u00e1 en la Patagonia, su proceso de elaboraci\u00f3n y comercializaci\u00f3n.<\/p>\n<p style=\"font-weight: 400; text-align: justify;\">Carolina Jara, propietaria de la marca regional explic\u00f3 los pormenores de esta iniciativa y se\u00f1al\u00f3 que \u201cestamos muy contentos de dar este paso como empresa regional que nos permite introducir nuestros productos hechos ac\u00e1 en la Patagonia en Asia, espec\u00edficamente en Corea. Es un primer cargamento donde las dificultades siempre est\u00e1n y que esperamos poder concretar en los pr\u00f3ximos meses\u201d.<\/p>\n<p style=\"font-weight: 400; text-align: justify;\">La emprendedora agreg\u00f3 que \u201choy tambi\u00e9n hemos desarrollado un video corporativo con subt\u00edtulos en ingl\u00e9s para dar a conocer no s\u00f3lo nuestra marca y productos al exterior, sino que tambi\u00e9n los paisajes de nuestra hermosa tierra, donde sacamos las diversas materias primas para elaborar todos nuestros productos, as\u00ed que estamos doblemente contentos de estos logros\u201d.<\/p>\n<p style=\"font-weight: 400; text-align: justify;\">Por su parte, la directora regional de ProChile Pamela Flores manifest\u00f3 que \u201ceste proceso ha sido largo, con dificultades, pero tambi\u00e9n con muchos desaf\u00edos ya que hemos venido apoyando a este emprendimiento hace harto tiempo y hace un a\u00f1o espec\u00edficamente estamos trabajando en el an\u00e1lisis de las muestras para que cumplan con los est\u00e1ndares y protocolos necesarios para su exportaci\u00f3n. Este es un verdadero ejemplo que, con voluntad, perseverancia y mucho trabajo se pueden lograr objetivos que a veces por estar en una zona tan al sur del mundo se ven lejanos. Felicitamos a estos emprendedores y tambi\u00e9n promovemos a que m\u00e1s microempresarios se atrevan a ir m\u00e1s all\u00e1 con sus iniciativas comerciales\u201d.<\/p>\n<p style=\"font-weight: 400; text-align: justify;\">Finalmente, el Seremi de Econom\u00eda Carlos Pacheco valor\u00f3 la instancia y se\u00f1al\u00f3 que \u201cs\u00f3lo en este a\u00f1o en nuestra regi\u00f3n se han creado m\u00e1s de 750 empresas. Detr\u00e1s de estos emprendimientos hay familias y patagones que se atreven a iniciar un camino para tener ingresos de manera independiente. Eso es lo que apoyamos y seguiremos acompa\u00f1ando con toda nuestra gesti\u00f3n por medio de los servicios asociados a nuestro Ministerio como Sercotec, Corfo y Sernatur, entre otros. Sin duda la empresa SurYuis se atrevi\u00f3 a dar este gran salto y pronto veremos en mercados asi\u00e1ticos un brebaje con sabor a nuestra bella y querida Patagonia. Es verdaderamente un orgullo para nosotros\u201d, resalt\u00f3 la autoridad econ\u00f3mica regional.<\/p>\n<p style=\"font-weight: 400; text-align: justify;\"><strong>Productos<\/strong><\/p>\n<p style=\"font-weight: 400; text-align: justify;\">Maquis, calafates y mosquetas, son parte de la amplia materia prima de frutos regionales que con sus propiedades antioxidantes dan vida a una serie de productos de la marca Suryuis que ya est\u00e1n disponibles en el comercio local, en almacenes de barrio y locales de ventas de productos gourmet.<\/p>\n<p style=\"font-weight: 400; text-align: justify;\">Mermeladas, jugos y otros brebajes en poco tiempo ser\u00e1n vistos en las g\u00f3ndolas de supermercados y restoranes de Corea, que sin duda ser\u00e1n nuestros embajadores no s\u00f3lo de Chile, sino que tambi\u00e9n de la Patagonia chilena.<\/p>\n<\/div><\/section><\/div><div  style='height:50px' class='hr hr-invisible   avia-builder-el-6  el_after_av_one_full  el_before_av_social_share '><span class='hr-inner ' ><span class='hr-inner-style'><\/span><\/span><\/div><\/p>\n<div  class='av-social-sharing-box  avia-builder-el-7  el_after_av_hr  el_before_av_hr  '><div class='av-share-box'><h5 class='av-share-link-description av-no-toc '>Compartir esta noticia<\/h5><ul class='av-share-box-list noLightbox'><li class='av-share-link av-social-link-facebook' ><a target=\"_blank\" aria-label=\"Compartir en Facebook\" href='https:\/\/www.facebook.com\/sharer.php?u=https:\/\/radiorevelacionfm.cl\/?p=8932&#038;t=Emprendimiento%20regional%20inicia%20exportaci%C3%B3n%20de%20sus%20productos%20a%20Corea%20del%20Sur' aria-hidden='false' data-av_icon='\ue8f3' data-av_iconfont='entypo-fontello' title='' data-avia-related-tooltip='Compartir en Facebook' rel=\"noopener\"><span class='avia_hidden_link_text'>Compartir en Facebook<\/span><\/a><\/li><li class='av-share-link av-social-link-twitter' ><a target=\"_blank\" aria-label=\"Compartir en Twitter\" href='https:\/\/twitter.com\/share?text=Emprendimiento%20regional%20inicia%20exportaci%C3%B3n%20de%20sus%20productos%20a%20Corea%20del%20Sur&#038;url=https:\/\/radiorevelacionfm.cl\/?p=8932' aria-hidden='false' data-av_icon='\ue8f1' data-av_iconfont='entypo-fontello' title='' data-avia-related-tooltip='Compartir en Twitter' rel=\"noopener\"><span class='avia_hidden_link_text'>Compartir en Twitter<\/span><\/a><\/li><li class='av-share-link av-social-link-whatsapp' ><a target=\"_blank\" aria-label=\"Compartir en Whatsapp\" href='https:\/\/api.whatsapp.com\/send?text=https:\/\/radiorevelacionfm.cl\/?p=8932' aria-hidden='false' data-av_icon='\uf232' data-av_iconfont='entypo-fontello' title='' data-avia-related-tooltip='Compartir en Whatsapp' rel=\"noopener\"><span class='avia_hidden_link_text'>Compartir en Whatsapp<\/span><\/a><\/li><li class='av-share-link av-social-link-linkedin' ><a target=\"_blank\" aria-label=\"Compartir en LinkedIn\" href='https:\/\/linkedin.com\/shareArticle?mini=true&#038;title=Emprendimiento%20regional%20inicia%20exportaci%C3%B3n%20de%20sus%20productos%20a%20Corea%20del%20Sur&#038;url=https:\/\/radiorevelacionfm.cl\/?p=8932' aria-hidden='false' data-av_icon='\ue8fc' data-av_iconfont='entypo-fontello' title='' data-avia-related-tooltip='Compartir en LinkedIn' rel=\"noopener\"><span class='avia_hidden_link_text'>Compartir en LinkedIn<\/span><\/a><\/li><li class='av-share-link av-social-link-mail' ><a  aria-label=\"Compartir por correo\" href='mailto:?subject=Emprendimiento%20regional%20inicia%20exportaci%C3%B3n%20de%20sus%20productos%20a%20Corea%20del%20Sur&#038;body=https:\/\/radiorevelacionfm.cl\/?p=8932' aria-hidden='false' data-av_icon='\ue805' data-av_iconfont='entypo-fontello' title='' data-avia-related-tooltip='Compartir por correo'><span class='avia_hidden_link_text'>Compartir por correo<\/span><\/a><\/li><\/ul><\/div><\/div>\n<div  style='height:50px' class='hr hr-invisible   avia-builder-el-8  el_after_av_social_share  el_before_av_comments_list '><span class='hr-inner ' ><span class='hr-inner-style'><\/span><\/span><\/div>\n<div  class='av-buildercomment  av-blog-meta-html-info-disabled av-blog-meta-tag-disabled  '><\/div>\n","protected":false},"excerpt":{"rendered":"","protected":false},"author":1,"featured_media":8933,"comment_status":"open","ping_status":"open","sticky":false,"template":"","format":"standard","meta":{"footnotes":""},"categories":[45],"tags":[],"class_list":["post-8932","post","type-post","status-publish","format-standard","has-post-thumbnail","hentry","category-comercio"],"jetpack_featured_media_url":"https:\/\/radiorevelacionfm.cl\/wp-content\/uploads\/2021\/09\/PROCHILE-LANZA-VIDEO-PROMOCIONAL-SURYUIS-1-1-1.jpeg","_links":{"self":[{"href":"https:\/\/radiorevelacionfm.cl\/index.php?rest_route=\/wp\/v2\/posts\/8932","targetHints":{"allow":["GET"]}}],"collection":[{"href":"https:\/\/radiorevelacionfm.cl\/index.php?rest_route=\/wp\/v2\/posts"}],"about":[{"href":"https:\/\/radiorevelacionfm.cl\/index.php?rest_route=\/wp\/v2\/types\/post"}],"author":[{"embeddable":true,"href":"https:\/\/radiorevelacionfm.cl\/index.php?rest_route=\/wp\/v2\/users\/1"}],"replies":[{"embeddable":true,"href":"https:\/\/radiorevelacionfm.cl\/index.php?rest_route=%2Fwp%2Fv2%2Fcomments&post=8932"}],"version-history":[{"count":1,"href":"https:\/\/radiorevelacionfm.cl\/index.php?rest_route=\/wp\/v2\/posts\/8932\/revisions"}],"predecessor-version":[{"id":8934,"href":"https:\/\/radiorevelacionfm.cl\/index.php?rest_route=\/wp\/v2\/posts\/8932\/revisions\/8934"}],"wp:featuredmedia":[{"embeddable":true,"href":"https:\/\/radiorevelacionfm.cl\/index.php?rest_route=\/wp\/v2\/media\/8933"}],"wp:attachment":[{"href":"https:\/\/radiorevelacionfm.cl\/index.php?rest_route=%2Fwp%2Fv2%2Fmedia&parent=8932"}],"wp:term":[{"taxonomy":"category","embeddable":true,"href":"https:\/\/radiorevelacionfm.cl\/index.php?rest_route=%2Fwp%2Fv2%2Fcategories&post=8932"},{"taxonomy":"post_tag","embeddable":true,"href":"https:\/\/radiorevelacionfm.cl\/index.php?rest_route=%2Fwp%2Fv2%2Ftags&post=8932"}],"curies":[{"name":"wp","href":"https:\/\/api.w.org\/{rel}","templated":true}]}}