{"id":8929,"date":"2021-09-23T09:28:59","date_gmt":"2021-09-23T12:28:59","guid":{"rendered":"https:\/\/radiorevelacionfm.cl\/?p=8929"},"modified":"2021-09-23T09:28:59","modified_gmt":"2021-09-23T12:28:59","slug":"ponen-en-funcionamiento-la-primera-cabina-de-fototerapia-de-la-region-de-aysen","status":"publish","type":"post","link":"https:\/\/radiorevelacionfm.cl\/?p=8929","title":{"rendered":"Ponen en funcionamiento la primera cabina de fototerapia de la regi\u00f3n de Ays\u00e9n"},"content":{"rendered":"<div class=\"flex_column av_one_full  flex_column_div av-zero-column-padding first  avia-builder-el-0  el_before_av_one_full  avia-builder-el-first  \" style='border-radius:0px; '><div  class='avia-image-container  av-styling-    avia-builder-el-1  avia-builder-el-no-sibling  avia-align-center '  itemprop=\"image\" itemscope=\"itemscope\" itemtype=\"https:\/\/schema.org\/ImageObject\"  ><div class='avia-image-container-inner'><div class='avia-image-overlay-wrap'><img decoding=\"async\" class='wp-image-8930 avia-img-lazy-loading-not-8930 avia_image' src=\"https:\/\/radiorevelacionfm.cl\/wp-content\/uploads\/2021\/09\/Cabina_Fototerapia-2-1-1.jpg\" alt='' title='Cabina_Fototerapia (2) (1) (1)' height=\"600\" width=\"800\"  itemprop=\"thumbnailUrl\" srcset=\"https:\/\/radiorevelacionfm.cl\/wp-content\/uploads\/2021\/09\/Cabina_Fototerapia-2-1-1.jpg 800w, https:\/\/radiorevelacionfm.cl\/wp-content\/uploads\/2021\/09\/Cabina_Fototerapia-2-1-1-300x225.jpg 300w, https:\/\/radiorevelacionfm.cl\/wp-content\/uploads\/2021\/09\/Cabina_Fototerapia-2-1-1-768x576.jpg 768w, https:\/\/radiorevelacionfm.cl\/wp-content\/uploads\/2021\/09\/Cabina_Fototerapia-2-1-1-705x529.jpg 705w, https:\/\/radiorevelacionfm.cl\/wp-content\/uploads\/2021\/09\/Cabina_Fototerapia-2-1-1-600x450.jpg 600w\" sizes=\"(max-width: 800px) 100vw, 800px\" \/><\/div><\/div><\/div><\/div><div class=\"flex_column av_one_full  flex_column_div av-zero-column-padding first  avia-builder-el-2  el_after_av_one_full  el_before_av_one_full  column-top-margin\" style='border-radius:0px; '><section class=\"av_textblock_section \"  itemscope=\"itemscope\" itemtype=\"https:\/\/schema.org\/BlogPosting\" itemprop=\"blogPost\" ><div class='avia_textblock  '   itemprop=\"text\" ><p style=\"text-align: center;\"><strong><span style=\"font-size: 18pt;\">Ponen en funcionamiento la primera cabina de fototerapia de la regi\u00f3n de Ays\u00e9n<\/span><\/strong><\/p>\n<div id=\"gtx-trans\" style=\"position: absolute; left: -50px; top: 4.31534px;\">\n<div class=\"gtx-trans-icon\"><\/div>\n<\/div>\n<\/div><\/section><\/div><div class=\"flex_column av_one_full  flex_column_div av-zero-column-padding first  avia-builder-el-4  el_after_av_one_full  el_before_av_hr  column-top-margin\" style='border-radius:0px; '><section class=\"av_textblock_section \"  itemscope=\"itemscope\" itemtype=\"https:\/\/schema.org\/BlogPosting\" itemprop=\"blogPost\" ><div class='avia_textblock  '   itemprop=\"text\" ><p style=\"text-align: justify;\">Luego de una larga espera, comenz\u00f3 la puesta en marcha de la primera cabina de fototerapia de la regi\u00f3n de Ays\u00e9n, ansiado equipamiento que permitir\u00e1 el tratamiento oportuno de decenas de pacientes dermatol\u00f3gicos del Hospital Regional Coyhaique que padecen enfermedades tales como psoriasis, vit\u00edligo e incluso c\u00e1nceres a la sangre que se manifiestan en la piel.<\/p>\n<p style=\"text-align: justify;\">Debido a la llegada de la pandemia por Covid-19 el a\u00f1o 2020, y a pesar de ser un proyecto aprobado el a\u00f1o 2019, la habilitaci\u00f3n de la cabina de fototerapia al interior del Hospital Coyhaique fue postergada, comenzando finalmente su funcionamiento hace algunos d\u00edas.<\/p>\n<p style=\"text-align: justify;\">\u201cCost\u00f3 mucho, fue un esfuerzo mancomunado de distintos actores, incluyendo agrupaciones de pacientes que contribuyeron a que esto sea una realidad. Esto significa aumentar la cartera de prestaciones y la oferta de servicio que va a beneficiar a muchos pacientes que en materia dermatol\u00f3gica han tenido que salir de la regi\u00f3n por largo periodos para la realizaci\u00f3n de tratamientos que son complejos, y que hoy ya pueden ser realizados aqu\u00ed\u201d, expres\u00f3 el director del Hospital Regional Coyhaique, Jaime L\u00f3pez.<\/p>\n<p style=\"text-align: justify;\">En tanto, la senadora Ximena \u00d3rdenes, quien permanentemente estuvo apoyando la habilitaci\u00f3n de este equipo m\u00e9dico de \u00faltima generaci\u00f3n, hizo hincapi\u00e9 en que el ampliar las prestaciones y equipamientos en el \u00fanico hospital de alta complejidad de la regi\u00f3n de Ays\u00e9n son clave mejorar la calidad de vida de los habitantes de nuestra regi\u00f3n, evitando as\u00ed el desarraigo, que trae consigo altos costos econ\u00f3micos y sociales.<\/p>\n<p style=\"text-align: justify;\">\u201cLa regi\u00f3n de Ays\u00e9n debe tener mayor capacidad para resolver los problemas de salud a nivel local y evitar el n\u00famero de traslados, que es muy significativo. Esta es una iniciativa que nace de los propios usuarios, principalmente de aquellos que sufren de alguna enfermedad dermatol\u00f3gica compleja, y se requer\u00eda un equipamiento como este, evitando as\u00ed tratamientos que son muy invasivos, y que obligan a la familia a salir de la regi\u00f3n\u201d, se\u00f1al\u00f3.<\/p>\n<p style=\"text-align: justify;\"><strong>\u00bfQu\u00e9 es y c\u00f3mo funciona?<\/strong><\/p>\n<p style=\"text-align: justify;\">\u201cEs un equipo que entrega luz ultravioleta tipo B y tipo A, que permiten manejar una serie de afecciones de la piel, tales como vit\u00edligo, psoriasis, dermatitis at\u00f3pica e inclusive algunos c\u00e1nceres de la sangre que se manifiestan en la piel. Entrega energ\u00eda a trav\u00e9s de esta luz ultravioleta que va a llegar a toda la piel simult\u00e1neamente, ahorrando as\u00ed la medicaci\u00f3n t\u00f3pica en los pacientes, es decir, cantidades muy altas de cremas de tratamiento o eventualmente el uso de medicamentos inmunosupresores que requieran para enfrentar su enfermedad\u201d, explic\u00f3 el Dr. Felipe Soto, jefe de Dermatolog\u00eda del HRC.<\/p>\n<p style=\"text-align: justify;\">Seg\u00fan detalla el especialista, el tratamiento implica a lo menos 12 sesiones, que se inicia con uno o dos minutos de exposici\u00f3n para finalmente alcanzar hasta 20 minutos dentro de esta c\u00e1mara.<\/p>\n<p style=\"text-align: justify;\">\u201cUna persona requiere habitualmente de 12 o 24 sesiones (e incluso m\u00e1s), lo que significaba que las personas deb\u00edan mantenerse alejadas de sus familias (o de sus trabajos) durante varios meses, y actualmente es algo que se va a poder hacer dentro de la rutina de su d\u00eda ac\u00e1 en Coyhaique\u201d, precis\u00f3.<\/p>\n<\/div><\/section><\/div><div  style='height:50px' class='hr hr-invisible   avia-builder-el-6  el_after_av_one_full  el_before_av_social_share '><span class='hr-inner ' ><span class='hr-inner-style'><\/span><\/span><\/div><\/p>\n<div  class='av-social-sharing-box  avia-builder-el-7  el_after_av_hr  el_before_av_hr  '><div class='av-share-box'><h5 class='av-share-link-description av-no-toc '>Compartir esta noticia<\/h5><ul class='av-share-box-list noLightbox'><li class='av-share-link av-social-link-facebook' ><a target=\"_blank\" aria-label=\"Compartir en Facebook\" href='https:\/\/www.facebook.com\/sharer.php?u=https:\/\/radiorevelacionfm.cl\/?p=8929&#038;t=Ponen%20en%20funcionamiento%20la%20primera%20cabina%20de%20fototerapia%20de%20la%20regi%C3%B3n%20de%20Ays%C3%A9n' aria-hidden='false' data-av_icon='\ue8f3' data-av_iconfont='entypo-fontello' title='' data-avia-related-tooltip='Compartir en Facebook' rel=\"noopener\"><span class='avia_hidden_link_text'>Compartir en Facebook<\/span><\/a><\/li><li class='av-share-link av-social-link-twitter' ><a target=\"_blank\" aria-label=\"Compartir en Twitter\" href='https:\/\/twitter.com\/share?text=Ponen%20en%20funcionamiento%20la%20primera%20cabina%20de%20fototerapia%20de%20la%20regi%C3%B3n%20de%20Ays%C3%A9n&#038;url=https:\/\/radiorevelacionfm.cl\/?p=8929' aria-hidden='false' data-av_icon='\ue8f1' data-av_iconfont='entypo-fontello' title='' data-avia-related-tooltip='Compartir en Twitter' rel=\"noopener\"><span class='avia_hidden_link_text'>Compartir en Twitter<\/span><\/a><\/li><li class='av-share-link av-social-link-whatsapp' ><a target=\"_blank\" aria-label=\"Compartir en Whatsapp\" href='https:\/\/api.whatsapp.com\/send?text=https:\/\/radiorevelacionfm.cl\/?p=8929' aria-hidden='false' data-av_icon='\uf232' data-av_iconfont='entypo-fontello' title='' data-avia-related-tooltip='Compartir en Whatsapp' rel=\"noopener\"><span class='avia_hidden_link_text'>Compartir en Whatsapp<\/span><\/a><\/li><li class='av-share-link av-social-link-linkedin' ><a target=\"_blank\" aria-label=\"Compartir en LinkedIn\" href='https:\/\/linkedin.com\/shareArticle?mini=true&#038;title=Ponen%20en%20funcionamiento%20la%20primera%20cabina%20de%20fototerapia%20de%20la%20regi%C3%B3n%20de%20Ays%C3%A9n&#038;url=https:\/\/radiorevelacionfm.cl\/?p=8929' aria-hidden='false' data-av_icon='\ue8fc' data-av_iconfont='entypo-fontello' title='' data-avia-related-tooltip='Compartir en LinkedIn' rel=\"noopener\"><span class='avia_hidden_link_text'>Compartir en LinkedIn<\/span><\/a><\/li><li class='av-share-link av-social-link-mail' ><a  aria-label=\"Compartir por correo\" href='mailto:?subject=Ponen%20en%20funcionamiento%20la%20primera%20cabina%20de%20fototerapia%20de%20la%20regi%C3%B3n%20de%20Ays%C3%A9n&#038;body=https:\/\/radiorevelacionfm.cl\/?p=8929' aria-hidden='false' data-av_icon='\ue805' data-av_iconfont='entypo-fontello' title='' data-avia-related-tooltip='Compartir por correo'><span class='avia_hidden_link_text'>Compartir por correo<\/span><\/a><\/li><\/ul><\/div><\/div>\n<div  style='height:50px' class='hr hr-invisible   avia-builder-el-8  el_after_av_social_share  el_before_av_comments_list '><span class='hr-inner ' ><span class='hr-inner-style'><\/span><\/span><\/div>\n<div  class='av-buildercomment  av-blog-meta-html-info-disabled av-blog-meta-tag-disabled  '><\/div>\n","protected":false},"excerpt":{"rendered":"","protected":false},"author":1,"featured_media":8930,"comment_status":"open","ping_status":"open","sticky":false,"template":"","format":"standard","meta":{"footnotes":""},"categories":[46],"tags":[],"class_list":["post-8929","post","type-post","status-publish","format-standard","has-post-thumbnail","hentry","category-salud"],"jetpack_featured_media_url":"https:\/\/radiorevelacionfm.cl\/wp-content\/uploads\/2021\/09\/Cabina_Fototerapia-2-1-1.jpg","_links":{"self":[{"href":"https:\/\/radiorevelacionfm.cl\/index.php?rest_route=\/wp\/v2\/posts\/8929","targetHints":{"allow":["GET"]}}],"collection":[{"href":"https:\/\/radiorevelacionfm.cl\/index.php?rest_route=\/wp\/v2\/posts"}],"about":[{"href":"https:\/\/radiorevelacionfm.cl\/index.php?rest_route=\/wp\/v2\/types\/post"}],"author":[{"embeddable":true,"href":"https:\/\/radiorevelacionfm.cl\/index.php?rest_route=\/wp\/v2\/users\/1"}],"replies":[{"embeddable":true,"href":"https:\/\/radiorevelacionfm.cl\/index.php?rest_route=%2Fwp%2Fv2%2Fcomments&post=8929"}],"version-history":[{"count":1,"href":"https:\/\/radiorevelacionfm.cl\/index.php?rest_route=\/wp\/v2\/posts\/8929\/revisions"}],"predecessor-version":[{"id":8931,"href":"https:\/\/radiorevelacionfm.cl\/index.php?rest_route=\/wp\/v2\/posts\/8929\/revisions\/8931"}],"wp:featuredmedia":[{"embeddable":true,"href":"https:\/\/radiorevelacionfm.cl\/index.php?rest_route=\/wp\/v2\/media\/8930"}],"wp:attachment":[{"href":"https:\/\/radiorevelacionfm.cl\/index.php?rest_route=%2Fwp%2Fv2%2Fmedia&parent=8929"}],"wp:term":[{"taxonomy":"category","embeddable":true,"href":"https:\/\/radiorevelacionfm.cl\/index.php?rest_route=%2Fwp%2Fv2%2Fcategories&post=8929"},{"taxonomy":"post_tag","embeddable":true,"href":"https:\/\/radiorevelacionfm.cl\/index.php?rest_route=%2Fwp%2Fv2%2Ftags&post=8929"}],"curies":[{"name":"wp","href":"https:\/\/api.w.org\/{rel}","templated":true}]}}