{"id":8926,"date":"2021-09-23T09:20:06","date_gmt":"2021-09-23T12:20:06","guid":{"rendered":"https:\/\/radiorevelacionfm.cl\/?p=8926"},"modified":"2021-09-23T09:20:06","modified_gmt":"2021-09-23T12:20:06","slug":"dirigentes-de-servicios-sanitarios-rurales-evaluan-positivamente-taller-de-formacion-realizado-por-el-mop","status":"publish","type":"post","link":"https:\/\/radiorevelacionfm.cl\/?p=8926","title":{"rendered":"Dirigentes de servicios sanitarios rurales eval\u00faan positivamente taller de formaci\u00f3n realizado por el MOP"},"content":{"rendered":"<div class=\"flex_column av_one_full  flex_column_div av-zero-column-padding first  avia-builder-el-0  el_before_av_one_full  avia-builder-el-first  \" style='border-radius:0px; '><div  class='avia-image-container  av-styling-    avia-builder-el-1  avia-builder-el-no-sibling  avia-align-center '  itemprop=\"image\" itemscope=\"itemscope\" itemtype=\"https:\/\/schema.org\/ImageObject\"  ><div class='avia-image-container-inner'><div class='avia-image-overlay-wrap'><img decoding=\"async\" class='wp-image-8927 avia-img-lazy-loading-not-8927 avia_image' src=\"https:\/\/radiorevelacionfm.cl\/wp-content\/uploads\/2021\/09\/seis-1_optimized.jpg\" alt='' title='seis-(1)_optimized' height=\"600\" width=\"1198\"  itemprop=\"thumbnailUrl\" srcset=\"https:\/\/radiorevelacionfm.cl\/wp-content\/uploads\/2021\/09\/seis-1_optimized.jpg 1198w, https:\/\/radiorevelacionfm.cl\/wp-content\/uploads\/2021\/09\/seis-1_optimized-300x150.jpg 300w, https:\/\/radiorevelacionfm.cl\/wp-content\/uploads\/2021\/09\/seis-1_optimized-1030x516.jpg 1030w, https:\/\/radiorevelacionfm.cl\/wp-content\/uploads\/2021\/09\/seis-1_optimized-768x385.jpg 768w, https:\/\/radiorevelacionfm.cl\/wp-content\/uploads\/2021\/09\/seis-1_optimized-705x353.jpg 705w, https:\/\/radiorevelacionfm.cl\/wp-content\/uploads\/2021\/09\/seis-1_optimized-600x301.jpg 600w\" sizes=\"(max-width: 1198px) 100vw, 1198px\" \/><\/div><\/div><\/div><\/div><div class=\"flex_column av_one_full  flex_column_div av-zero-column-padding first  avia-builder-el-2  el_after_av_one_full  el_before_av_one_full  column-top-margin\" style='border-radius:0px; '><section class=\"av_textblock_section \"  itemscope=\"itemscope\" itemtype=\"https:\/\/schema.org\/BlogPosting\" itemprop=\"blogPost\" ><div class='avia_textblock  '   itemprop=\"text\" ><p style=\"text-align: center;\"><strong><span style=\"font-size: 18pt;\">Dirigentes de servicios sanitarios rurales eval\u00faan positivamente taller de formaci\u00f3n realizado por el MOP<\/span><\/strong><\/p>\n<div id=\"gtx-trans\" style=\"position: absolute; left: -50px; top: 4.31534px;\">\n<div class=\"gtx-trans-icon\"><\/div>\n<\/div>\n<\/div><\/section><\/div><div class=\"flex_column av_one_full  flex_column_div av-zero-column-padding first  avia-builder-el-4  el_after_av_one_full  el_before_av_hr  column-top-margin\" style='border-radius:0px; '><section class=\"av_textblock_section \"  itemscope=\"itemscope\" itemtype=\"https:\/\/schema.org\/BlogPosting\" itemprop=\"blogPost\" ><div class='avia_textblock  '   itemprop=\"text\" ><p style=\"text-align: justify;\">El Secretario Regional Ministerial de Obras P\u00fablicas, N\u00e9stor Mera Mu\u00f1oz, destac\u00f3 esta semana la realizaci\u00f3n\u00a0 del Taller de Formaci\u00f3n para Dirigentes y Operadores de Comit\u00e9s de Agua Potable Rural en la regi\u00f3n de Ays\u00e9n, que se imparte en el marco del Programa de Asesor\u00eda y Asistencia que el Ministerio de Obras P\u00fablicas brinda a todos los operadores pertenecientes a los Servicios Sanitarios Rurales de la regi\u00f3n de Ays\u00e9n.<\/p>\n<p style=\"text-align: justify;\">Al respecto, el titular regional de Obras P\u00fablicas indic\u00f3 \u201cFue una grata y muy importante jornada junto a los Comit\u00e9s de Servicios Sanitarios Rurales de la regi\u00f3n de Ays\u00e9n. La verdad es que han sido dos jornadas de trabajo intenso, capacitaci\u00f3n, charlas y buenas pr\u00e1cticas que se han dado a conocer por parte de distintos Comit\u00e9s y tambi\u00e9n parte de la importante labor que hacemos como gobierno. Estamos mandatados por nuestro presidente, por nuestro Ministro para avanzar fuertemente en el abastecimiento de Agua Potable Rural y la prioridad absoluta es para el consumo humano y tambi\u00e9n para diversos desarrollos productivos que puedan existir. Estamos\u00a0 muy conformes, porque esta jornada nos ha permitido planificar nuevos proyectos y hemos conocido los distintos Comit\u00e9s, escuchado sus inquietudes y ha sido un proceso de acercamiento nuevamente y de compartir experiencias de trabajo\u201d.<\/p>\n<p style=\"text-align: justify;\">En este Taller, los dirigentes pudieron conocer tem\u00e1ticas como las Medidas Preventivas para contagio de COVID-19; el Rol de la Superintendencia de Servicios Sanitarios en la implementaci\u00f3n de la Ley 20.998; Mejores Pr\u00e1cticas en los APR: La importaci\u00f3n de un Sistema Inform\u00e1tico; Comunidades y Desarrollo; Derechos de Agua; Servidumbres de Paso y Terrenos de las instalaciones de los Servicios Sanitarios Rurales; Servicios Sanitarios Rurales y Ley 20.998; Plan de Cuentas y la importancia de las Cuencas en los APR y el Cambio Clim\u00e1tico; y la Calidad del Agua. Cada una de estas tem\u00e1ticas estuvieron a cargo de los profesionales Gonzalo Soto Hern\u00e1ndez, Jefe de prevenci\u00f3n del Instituto de Seguridad Laboral, Felipe Neira Zagal, de la Superintendencia de Servicios Sanitarios, Camilo Arteaga dirigente del Servicio Sanitario Rural del sector R\u00edo Claro, Mauricio Otaiza Morales Psic\u00f3logo y Profesor de Filosof\u00eda, Daniela Bravo Abogada de la\u00a0 Unidad T\u00e9cnica APR Aguas Patagonia, Margarita Barnechea Jefe Calidad y Medio Ambiente de la empresa Aguas Patagonia de Ays\u00e9n, Pablo Rojas Jefe de la Unidad de Servicios Sanitarios Rurales de la Direcci\u00f3n Regional de Obras Hidr\u00e1ulicas del MOP, Yordana Moreno Rain Contadora Gesti\u00f3n Comunitaria de la Direcci\u00f3n Regional de Obras Hidr\u00e1ulicas del MOP y Anna Astorga Cient\u00edfica del\u00a0 CIEP.<\/p>\n<p style=\"text-align: justify;\">Marcela Ag\u00fcero, Secretaria del Comit\u00e9 del Servicio Sanitario Rural de Villa Ortega, fue una de las asistentes\u00a0 que en a\u00f1os anteriores ha estado presente en los Talleres comentando su experiencia, y hoy evalu\u00f3 positivamente esta nueva versi\u00f3n destacando: \u201cHe participado ya varias veces en estos Talleres y este es \u00a0muy importante, principalmente porque ahora se va a implementar una nueva Ley de Servicios Sanitarios Rurales y es muy relevante que los dirigentes puedan entender c\u00f3mo va a funcionar este nuevo sistema. As\u00ed que esta capacitaci\u00f3n nos sirve para eso, para ir inform\u00e1ndonos y no nos vayamos quedando atr\u00e1s respecto a c\u00f3mo se va a implementar esta nueva Ley. Entonces, considero importante seguir haci\u00e9ndolo tambi\u00e9n, porque la implementaci\u00f3n de una Ley requiere mucho tiempo y los dirigentes tienen que ir aprendiendo c\u00f3mo la van a ir aplicando en sus sistemas. Adem\u00e1s, te permite compartir con otras personas que tambi\u00e9n est\u00e1n en la misma labor tuya y enriquecerse tambi\u00e9n de lo que les pasa a ellos en sus comunidades. Estuvo muy bueno, la programaci\u00f3n fue muy variada, hubo un psic\u00f3logo tambi\u00e9n que hizo una buena charla y nos hablaron acerca de la nueva Ley\u201d.<\/p>\n<p style=\"text-align: justify;\">Por su parte Luis V\u00e1squez, Presidente del Comit\u00e9 del Servicio Sanitario Rural de Villa \u00d1irehuao se\u00f1al\u00f3: \u201cEsta capacitaci\u00f3n fue muy fortaleciente porque hemos aprendido mucho de todos los Comit\u00e9s que hay en la regi\u00f3n y todo lo que viene por delante es un logro que tenemos que seguirlo y as\u00ed poder capacitar a nuevos dirigentes que se presenten en el futuro. Anteriormente, ya hemos estado en estas capacitaciones (\u2026) Excelente el Taller en todos los \u00e1mbitos, lo valoro en todos los \u00e1mbitos con un 7 porque la presentaci\u00f3n, la atenci\u00f3n de las autoridades, las respuestas a las preguntas e inquietudes que nosotros ten\u00edamos todas fueron muy bien evaluadas. As\u00ed que contento, e invito a todos los dirigentes a participar en estas capacitaciones que son un valor fundamental\u201d.<\/p>\n<p style=\"text-align: justify;\">En tanto, el Operador del Sistema en el Servicio Sanitario Rural de Caleta Tortel, Francisco Pezo hizo una positiva evaluaci\u00f3n del Taller destacando que \u201cfue buena la capacitaci\u00f3n porque aclar\u00f3 varias dudas que exist\u00edan en el \u00e1mbito administrativo y operativo del Comit\u00e9 del Servicio Sanitario Rural y sobre todo, lo m\u00e1s importante, las modificaciones que se vienen en los Servicios Sanitarios Rurales en la regi\u00f3n. El \u00e1mbito que m\u00e1s me llam\u00f3 la atenci\u00f3n fue la charla del psic\u00f3logo. Hay varios puntos que se toparon ah\u00ed, que son de importancia como manifestaba \u00e9l, muchas veces uno tiene que dejar la vanidad personal aparte y unirse para ir todos en un bien com\u00fan y poder sacar adelante una Directiva y sacar un proyecto adelante. Nunca lo hab\u00eda visto por ese lado (\u2026) en un Servicio Sanitario Rural es muy importante la comunicaci\u00f3n de la Directiva\u201d.<\/p>\n<p style=\"text-align: justify;\">La Direcci\u00f3n Regional de Obras Hidr\u00e1ulicas del Ministerio de Obras P\u00fablicas realiza en forma anual dos capacitaciones a dirigentes y operadores de los 43 Servicios Sanitarios Rurales que existen en la regi\u00f3n y a los nuevos dirigentes y\/o operadores que se van incorporando, lo que los\u00a0 mantiene permanentemente actualizados y capacitados tanto en \u00e1reas administrativas como pr\u00e1cticas \u2013como es\u00a0 en el caso de los operarios del sistema- con el objetivo de que cuenten con todas las herramientas necesarias para\u00a0 administrar y operar los Servicios Sanitarios Rurales y abastecer con\u00a0 agua potable a sus comunidades.<\/p>\n<\/div><\/section><\/div><div  style='height:50px' class='hr hr-invisible   avia-builder-el-6  el_after_av_one_full  el_before_av_social_share '><span class='hr-inner ' ><span class='hr-inner-style'><\/span><\/span><\/div><\/p>\n<div  class='av-social-sharing-box  avia-builder-el-7  el_after_av_hr  el_before_av_hr  '><div class='av-share-box'><h5 class='av-share-link-description av-no-toc '>Compartir esta noticia<\/h5><ul class='av-share-box-list noLightbox'><li class='av-share-link av-social-link-facebook' ><a target=\"_blank\" aria-label=\"Compartir en Facebook\" href='https:\/\/www.facebook.com\/sharer.php?u=https:\/\/radiorevelacionfm.cl\/?p=8926&#038;t=Dirigentes%20de%20servicios%20sanitarios%20rurales%20eval%C3%BAan%20positivamente%20taller%20de%20formaci%C3%B3n%20realizado%20por%20el%20MOP' aria-hidden='false' data-av_icon='\ue8f3' data-av_iconfont='entypo-fontello' title='' data-avia-related-tooltip='Compartir en Facebook' rel=\"noopener\"><span class='avia_hidden_link_text'>Compartir en Facebook<\/span><\/a><\/li><li class='av-share-link av-social-link-twitter' ><a target=\"_blank\" aria-label=\"Compartir en Twitter\" href='https:\/\/twitter.com\/share?text=Dirigentes%20de%20servicios%20sanitarios%20rurales%20eval%C3%BAan%20positivamente%20taller%20de%20formaci%C3%B3n%20realizado%20por%20el%20MOP&#038;url=https:\/\/radiorevelacionfm.cl\/?p=8926' aria-hidden='false' data-av_icon='\ue8f1' data-av_iconfont='entypo-fontello' title='' data-avia-related-tooltip='Compartir en Twitter' rel=\"noopener\"><span class='avia_hidden_link_text'>Compartir en Twitter<\/span><\/a><\/li><li class='av-share-link av-social-link-whatsapp' ><a target=\"_blank\" aria-label=\"Compartir en Whatsapp\" href='https:\/\/api.whatsapp.com\/send?text=https:\/\/radiorevelacionfm.cl\/?p=8926' aria-hidden='false' data-av_icon='\uf232' data-av_iconfont='entypo-fontello' title='' data-avia-related-tooltip='Compartir en Whatsapp' rel=\"noopener\"><span class='avia_hidden_link_text'>Compartir en Whatsapp<\/span><\/a><\/li><li class='av-share-link av-social-link-linkedin' ><a target=\"_blank\" aria-label=\"Compartir en LinkedIn\" href='https:\/\/linkedin.com\/shareArticle?mini=true&#038;title=Dirigentes%20de%20servicios%20sanitarios%20rurales%20eval%C3%BAan%20positivamente%20taller%20de%20formaci%C3%B3n%20realizado%20por%20el%20MOP&#038;url=https:\/\/radiorevelacionfm.cl\/?p=8926' aria-hidden='false' data-av_icon='\ue8fc' data-av_iconfont='entypo-fontello' title='' data-avia-related-tooltip='Compartir en LinkedIn' rel=\"noopener\"><span class='avia_hidden_link_text'>Compartir en LinkedIn<\/span><\/a><\/li><li class='av-share-link av-social-link-mail' ><a  aria-label=\"Compartir por correo\" href='mailto:?subject=Dirigentes%20de%20servicios%20sanitarios%20rurales%20eval%C3%BAan%20positivamente%20taller%20de%20formaci%C3%B3n%20realizado%20por%20el%20MOP&#038;body=https:\/\/radiorevelacionfm.cl\/?p=8926' aria-hidden='false' data-av_icon='\ue805' data-av_iconfont='entypo-fontello' title='' data-avia-related-tooltip='Compartir por correo'><span class='avia_hidden_link_text'>Compartir por correo<\/span><\/a><\/li><\/ul><\/div><\/div>\n<div  style='height:50px' class='hr hr-invisible   avia-builder-el-8  el_after_av_social_share  el_before_av_comments_list '><span class='hr-inner ' ><span class='hr-inner-style'><\/span><\/span><\/div>\n<div  class='av-buildercomment  av-blog-meta-html-info-disabled av-blog-meta-tag-disabled  '><\/div>\n","protected":false},"excerpt":{"rendered":"","protected":false},"author":1,"featured_media":8927,"comment_status":"open","ping_status":"open","sticky":false,"template":"","format":"standard","meta":{"footnotes":""},"categories":[38],"tags":[],"class_list":["post-8926","post","type-post","status-publish","format-standard","has-post-thumbnail","hentry","category-regional"],"jetpack_featured_media_url":"https:\/\/radiorevelacionfm.cl\/wp-content\/uploads\/2021\/09\/seis-1_optimized.jpg","_links":{"self":[{"href":"https:\/\/radiorevelacionfm.cl\/index.php?rest_route=\/wp\/v2\/posts\/8926","targetHints":{"allow":["GET"]}}],"collection":[{"href":"https:\/\/radiorevelacionfm.cl\/index.php?rest_route=\/wp\/v2\/posts"}],"about":[{"href":"https:\/\/radiorevelacionfm.cl\/index.php?rest_route=\/wp\/v2\/types\/post"}],"author":[{"embeddable":true,"href":"https:\/\/radiorevelacionfm.cl\/index.php?rest_route=\/wp\/v2\/users\/1"}],"replies":[{"embeddable":true,"href":"https:\/\/radiorevelacionfm.cl\/index.php?rest_route=%2Fwp%2Fv2%2Fcomments&post=8926"}],"version-history":[{"count":1,"href":"https:\/\/radiorevelacionfm.cl\/index.php?rest_route=\/wp\/v2\/posts\/8926\/revisions"}],"predecessor-version":[{"id":8928,"href":"https:\/\/radiorevelacionfm.cl\/index.php?rest_route=\/wp\/v2\/posts\/8926\/revisions\/8928"}],"wp:featuredmedia":[{"embeddable":true,"href":"https:\/\/radiorevelacionfm.cl\/index.php?rest_route=\/wp\/v2\/media\/8927"}],"wp:attachment":[{"href":"https:\/\/radiorevelacionfm.cl\/index.php?rest_route=%2Fwp%2Fv2%2Fmedia&parent=8926"}],"wp:term":[{"taxonomy":"category","embeddable":true,"href":"https:\/\/radiorevelacionfm.cl\/index.php?rest_route=%2Fwp%2Fv2%2Fcategories&post=8926"},{"taxonomy":"post_tag","embeddable":true,"href":"https:\/\/radiorevelacionfm.cl\/index.php?rest_route=%2Fwp%2Fv2%2Ftags&post=8926"}],"curies":[{"name":"wp","href":"https:\/\/api.w.org\/{rel}","templated":true}]}}