{"id":8913,"date":"2021-09-23T16:20:28","date_gmt":"2021-09-23T19:20:28","guid":{"rendered":"https:\/\/radiorevelacionfm.cl\/?p=8913"},"modified":"2021-09-23T16:20:28","modified_gmt":"2021-09-23T19:20:28","slug":"corporacion-cultural-de-coyhaique-sera-parte-del-eje-cultural-digital","status":"publish","type":"post","link":"https:\/\/radiorevelacionfm.cl\/?p=8913","title":{"rendered":"Corporaci\u00f3n Cultural de Coyhaique ser\u00e1 parte del eje cultural digital"},"content":{"rendered":"<div class=\"flex_column av_one_full  flex_column_div av-zero-column-padding first  avia-builder-el-0  el_before_av_one_full  avia-builder-el-first  \" style='border-radius:0px; '><div  class='avia-image-container  av-styling-    avia-builder-el-1  avia-builder-el-no-sibling  avia-align-center '  itemprop=\"image\" itemscope=\"itemscope\" itemtype=\"https:\/\/schema.org\/ImageObject\"  ><div class='avia-image-container-inner'><div class='avia-image-overlay-wrap'><img decoding=\"async\" class='wp-image-8915 avia-img-lazy-loading-not-8915 avia_image' src=\"https:\/\/radiorevelacionfm.cl\/wp-content\/uploads\/2021\/09\/ccmc-conectividad-2-1_optimized.jpg\" alt='' title='ccmc---conectividad-2-(1)_optimized' height=\"600\" width=\"963\"  itemprop=\"thumbnailUrl\" srcset=\"https:\/\/radiorevelacionfm.cl\/wp-content\/uploads\/2021\/09\/ccmc-conectividad-2-1_optimized.jpg 963w, https:\/\/radiorevelacionfm.cl\/wp-content\/uploads\/2021\/09\/ccmc-conectividad-2-1_optimized-300x187.jpg 300w, https:\/\/radiorevelacionfm.cl\/wp-content\/uploads\/2021\/09\/ccmc-conectividad-2-1_optimized-768x479.jpg 768w, https:\/\/radiorevelacionfm.cl\/wp-content\/uploads\/2021\/09\/ccmc-conectividad-2-1_optimized-705x439.jpg 705w, https:\/\/radiorevelacionfm.cl\/wp-content\/uploads\/2021\/09\/ccmc-conectividad-2-1_optimized-600x374.jpg 600w\" sizes=\"(max-width: 963px) 100vw, 963px\" \/><\/div><\/div><\/div><\/div><div class=\"flex_column av_one_full  flex_column_div av-zero-column-padding first  avia-builder-el-2  el_after_av_one_full  el_before_av_one_full  column-top-margin\" style='border-radius:0px; '><section class=\"av_textblock_section \"  itemscope=\"itemscope\" itemtype=\"https:\/\/schema.org\/BlogPosting\" itemprop=\"blogPost\" ><div class='avia_textblock  '   itemprop=\"text\" ><p style=\"text-align: center;\"><strong><span style=\"font-size: 18pt;\">Corporaci\u00f3n Cultural de Coyhaique ser\u00e1 parte del eje cultural digital<\/span><\/strong><\/p>\n<div id=\"gtx-trans\" style=\"position: absolute; left: -50px; top: 4.31534px;\">\n<div class=\"gtx-trans-icon\"><\/div>\n<\/div>\n<\/div><\/section><\/div><div class=\"flex_column av_one_full  flex_column_div av-zero-column-padding first  avia-builder-el-4  el_after_av_one_full  el_before_av_hr  column-top-margin\" style='border-radius:0px; '><section class=\"av_textblock_section \"  itemscope=\"itemscope\" itemtype=\"https:\/\/schema.org\/BlogPosting\" itemprop=\"blogPost\" ><div class='avia_textblock  '   itemprop=\"text\" ><p style=\"text-align: justify;\">Con p\u00fablico que ir\u00e1 desde Arica, Alto Hospicio pasando por Vallenar, Tom\u00e9 hasta llegar a Coyhaique y Punta Arenas, parte este 25 de septiembre el programa piloto de Programaci\u00f3n Digital del Ministerio de Culturas, las Artes y Patrimonio y que re\u00fane en una gran red de fibra \u00f3ptica a m\u00e1s de 100 espacios culturales de todo el pa\u00eds. La iniciativa que partir\u00e1 en vivo desde el Teatro Municipal de La Pintana y v\u00eda streaming para el resto de Chile, lo har\u00e1 con la \u00a0musicalizaci\u00f3n de tres poemas de Gabriela Mistral, a cargo de Tryo Teatro Banda y la Fundaci\u00f3n de Orquestas Juveniles e Infantiles.<\/p>\n<p style=\"text-align: justify;\">De estos 100 espacios culturales que integran la red nacional de fibra \u00f3ptica, muchos de ellos son la \u00fanica infraestructura implementada para fines art\u00edsticos, educativos y recreativos en dichas localidades por lo que por un lado se estar\u00e1 garantizando un mayor acceso desde los territorios a contenidos art\u00edsticos, y por otro se estar\u00e1n generando las condiciones para dar mayor visibilidad al quehacer art\u00edstico y cultural de los creadores y creadoras locales.<\/p>\n<p style=\"text-align: justify;\">\u201cEn esta primera etapa los espacios culturales tendr\u00e1n programaci\u00f3n hasta el mes de diciembre, entre ellos el Centro Cultural Coyhaique, lo que nos llena de orgullo, puesto que es un espacio que fue desde su g\u00e9nesis pensado para mejorar y fortalecer el acceso de las comunidades a espect\u00e1culos de alto nivel. Ya hemos contado con la experiencia de las transmisiones con el Teatro Municipal de Santiago, ahora nuestra invitaci\u00f3n es a que la ciudadan\u00eda se informe sobre d\u00edas y horarios de las exhibiciones para participar en cada una de ellas\u201d, indic\u00f3 Ver\u00f3nica D\u00edaz,\u00a0 Seremi de las Culturas, las Artes y el Patrimonio.<\/p>\n<p style=\"text-align: justify;\">Carlos Gatica, alcalde de Coyhaique y presidente de la Corporaci\u00f3n Cultural, destac\u00f3 la importancia de formar parte de una red de conectividad digital de m\u00e1s de 100 espacios culturales que permitir\u00e1 no s\u00f3lo tener una programaci\u00f3n m\u00e1s variada, accesible y de gran calidad sino proyectar la identidad propia de esta parte del territorio. \u201cEs verdad que vamos a poder recibir y exhibir contenido de otros centros y espacios culturales, pero tan importante como eso, es que vamos a poder compartir nuestras propias producciones locales y regionales, hablamos de transformarnos en una vitrina cultural de la Patagonia Chilena para nuestros artistas y elencos hacia el resto del pa\u00eds y el mundo\u201d, dijo el alcalde de la capital regional de Ays\u00e9n.<\/p>\n<p style=\"text-align: justify;\">La programaci\u00f3n que comienza con Tryo Teatro Banda y la Fundaci\u00f3n de Orquestas Juveniles e Infantiles el s\u00e1bado 25 de septiembre a la 18:30 horas, contin\u00faa el 2 de octubre con Javiera y \u00c1ngel Parra y un grupo de voces femeninas de \u00d1uble desde Parque Monumental Bernardo O\u2019Higgins y el 16 de octubre desde Centro Cultural Gabriela Mistral estar\u00e1 \u201cLa p\u00e9rgola de la flores\u201d para que luego, desde la Regi\u00f3n de O&#8217;Higgins presentar a Am\u00e9rico Sinf\u00f3nico con la Fundaci\u00f3n de Orquestas Juveniles e Infantiles, con presentaciones en Sewell en el Teatro Municipal Regional de Rancagua el 4 de diciembre, mismo mes en que se realizar\u00e1 el cierre a cargo del ballet \u201cEl Cascanueces\u201d, actividad producida por el Teatro Municipal de Santiago.<\/p>\n<p style=\"text-align: justify;\">El aforo para esta actividad es de 100 personas, por lo que se entregar\u00e1n entradas para el ingreso al auditorio desde este mi\u00e9rcoles 22 de septiembre. Toda la informaci\u00f3n estar\u00e1 disponible en las redes sociales del Centro Cultural Coyhaique y la Seremi de las Culturas Ays\u00e9n.<\/p>\n<\/div><\/section><\/div><div  style='height:50px' class='hr hr-invisible   avia-builder-el-6  el_after_av_one_full  el_before_av_social_share '><span class='hr-inner ' ><span class='hr-inner-style'><\/span><\/span><\/div><\/p>\n<div  class='av-social-sharing-box  avia-builder-el-7  el_after_av_hr  el_before_av_hr  '><div class='av-share-box'><h5 class='av-share-link-description av-no-toc '>Compartir esta noticia<\/h5><ul class='av-share-box-list noLightbox'><li class='av-share-link av-social-link-facebook' ><a target=\"_blank\" aria-label=\"Compartir en Facebook\" href='https:\/\/www.facebook.com\/sharer.php?u=https:\/\/radiorevelacionfm.cl\/?p=8913&#038;t=Corporaci%C3%B3n%20Cultural%20de%20Coyhaique%20ser%C3%A1%20parte%20del%20eje%20cultural%20digital' aria-hidden='false' data-av_icon='\ue8f3' data-av_iconfont='entypo-fontello' title='' data-avia-related-tooltip='Compartir en Facebook' rel=\"noopener\"><span class='avia_hidden_link_text'>Compartir en Facebook<\/span><\/a><\/li><li class='av-share-link av-social-link-twitter' ><a target=\"_blank\" aria-label=\"Compartir en Twitter\" href='https:\/\/twitter.com\/share?text=Corporaci%C3%B3n%20Cultural%20de%20Coyhaique%20ser%C3%A1%20parte%20del%20eje%20cultural%20digital&#038;url=https:\/\/radiorevelacionfm.cl\/?p=8913' aria-hidden='false' data-av_icon='\ue8f1' data-av_iconfont='entypo-fontello' title='' data-avia-related-tooltip='Compartir en Twitter' rel=\"noopener\"><span class='avia_hidden_link_text'>Compartir en Twitter<\/span><\/a><\/li><li class='av-share-link av-social-link-whatsapp' ><a target=\"_blank\" aria-label=\"Compartir en Whatsapp\" href='https:\/\/api.whatsapp.com\/send?text=https:\/\/radiorevelacionfm.cl\/?p=8913' aria-hidden='false' data-av_icon='\uf232' data-av_iconfont='entypo-fontello' title='' data-avia-related-tooltip='Compartir en Whatsapp' rel=\"noopener\"><span class='avia_hidden_link_text'>Compartir en Whatsapp<\/span><\/a><\/li><li class='av-share-link av-social-link-linkedin' ><a target=\"_blank\" aria-label=\"Compartir en LinkedIn\" href='https:\/\/linkedin.com\/shareArticle?mini=true&#038;title=Corporaci%C3%B3n%20Cultural%20de%20Coyhaique%20ser%C3%A1%20parte%20del%20eje%20cultural%20digital&#038;url=https:\/\/radiorevelacionfm.cl\/?p=8913' aria-hidden='false' data-av_icon='\ue8fc' data-av_iconfont='entypo-fontello' title='' data-avia-related-tooltip='Compartir en LinkedIn' rel=\"noopener\"><span class='avia_hidden_link_text'>Compartir en LinkedIn<\/span><\/a><\/li><li class='av-share-link av-social-link-mail' ><a  aria-label=\"Compartir por correo\" href='mailto:?subject=Corporaci%C3%B3n%20Cultural%20de%20Coyhaique%20ser%C3%A1%20parte%20del%20eje%20cultural%20digital&#038;body=https:\/\/radiorevelacionfm.cl\/?p=8913' aria-hidden='false' data-av_icon='\ue805' data-av_iconfont='entypo-fontello' title='' data-avia-related-tooltip='Compartir por correo'><span class='avia_hidden_link_text'>Compartir por correo<\/span><\/a><\/li><\/ul><\/div><\/div>\n<div  style='height:50px' class='hr hr-invisible   avia-builder-el-8  el_after_av_social_share  el_before_av_comments_list '><span class='hr-inner ' ><span class='hr-inner-style'><\/span><\/span><\/div>\n<div  class='av-buildercomment  av-blog-meta-html-info-disabled av-blog-meta-tag-disabled  '><\/div>\n","protected":false},"excerpt":{"rendered":"","protected":false},"author":1,"featured_media":8915,"comment_status":"open","ping_status":"open","sticky":false,"template":"","format":"standard","meta":{"footnotes":""},"categories":[52],"tags":[],"class_list":["post-8913","post","type-post","status-publish","format-standard","has-post-thumbnail","hentry","category-cultura"],"jetpack_featured_media_url":"https:\/\/radiorevelacionfm.cl\/wp-content\/uploads\/2021\/09\/ccmc-conectividad-2-1_optimized.jpg","_links":{"self":[{"href":"https:\/\/radiorevelacionfm.cl\/index.php?rest_route=\/wp\/v2\/posts\/8913","targetHints":{"allow":["GET"]}}],"collection":[{"href":"https:\/\/radiorevelacionfm.cl\/index.php?rest_route=\/wp\/v2\/posts"}],"about":[{"href":"https:\/\/radiorevelacionfm.cl\/index.php?rest_route=\/wp\/v2\/types\/post"}],"author":[{"embeddable":true,"href":"https:\/\/radiorevelacionfm.cl\/index.php?rest_route=\/wp\/v2\/users\/1"}],"replies":[{"embeddable":true,"href":"https:\/\/radiorevelacionfm.cl\/index.php?rest_route=%2Fwp%2Fv2%2Fcomments&post=8913"}],"version-history":[{"count":1,"href":"https:\/\/radiorevelacionfm.cl\/index.php?rest_route=\/wp\/v2\/posts\/8913\/revisions"}],"predecessor-version":[{"id":8916,"href":"https:\/\/radiorevelacionfm.cl\/index.php?rest_route=\/wp\/v2\/posts\/8913\/revisions\/8916"}],"wp:featuredmedia":[{"embeddable":true,"href":"https:\/\/radiorevelacionfm.cl\/index.php?rest_route=\/wp\/v2\/media\/8915"}],"wp:attachment":[{"href":"https:\/\/radiorevelacionfm.cl\/index.php?rest_route=%2Fwp%2Fv2%2Fmedia&parent=8913"}],"wp:term":[{"taxonomy":"category","embeddable":true,"href":"https:\/\/radiorevelacionfm.cl\/index.php?rest_route=%2Fwp%2Fv2%2Fcategories&post=8913"},{"taxonomy":"post_tag","embeddable":true,"href":"https:\/\/radiorevelacionfm.cl\/index.php?rest_route=%2Fwp%2Fv2%2Ftags&post=8913"}],"curies":[{"name":"wp","href":"https:\/\/api.w.org\/{rel}","templated":true}]}}