{"id":8910,"date":"2021-09-22T09:38:33","date_gmt":"2021-09-22T12:38:33","guid":{"rendered":"https:\/\/radiorevelacionfm.cl\/?p=8910"},"modified":"2021-09-22T09:38:33","modified_gmt":"2021-09-22T12:38:33","slug":"antes-de-fin-de-ano-la-junta-contara-con-nueva-oficina-del-registro-civil","status":"publish","type":"post","link":"https:\/\/radiorevelacionfm.cl\/?p=8910","title":{"rendered":"Antes de fin de a\u00f1o La Junta contar\u00e1 con nueva oficina del Registro Civil"},"content":{"rendered":"<div class=\"flex_column av_one_full  flex_column_div av-zero-column-padding first  avia-builder-el-0  el_before_av_one_full  avia-builder-el-first  \" style='border-radius:0px; '><div  class='avia-image-container  av-styling-    avia-builder-el-1  avia-builder-el-no-sibling  avia-align-center '  itemprop=\"image\" itemscope=\"itemscope\" itemtype=\"https:\/\/schema.org\/ImageObject\"  ><div class='avia-image-container-inner'><div class='avia-image-overlay-wrap'><img decoding=\"async\" class='wp-image-8911 avia-img-lazy-loading-not-8911 avia_image' src=\"https:\/\/radiorevelacionfm.cl\/wp-content\/uploads\/2021\/09\/oficina-la-junta-3-1-1.jpg\" alt='' title='oficina la junta 3 (1) (1)' height=\"600\" width=\"800\"  itemprop=\"thumbnailUrl\" srcset=\"https:\/\/radiorevelacionfm.cl\/wp-content\/uploads\/2021\/09\/oficina-la-junta-3-1-1.jpg 800w, https:\/\/radiorevelacionfm.cl\/wp-content\/uploads\/2021\/09\/oficina-la-junta-3-1-1-300x225.jpg 300w, https:\/\/radiorevelacionfm.cl\/wp-content\/uploads\/2021\/09\/oficina-la-junta-3-1-1-768x576.jpg 768w, https:\/\/radiorevelacionfm.cl\/wp-content\/uploads\/2021\/09\/oficina-la-junta-3-1-1-705x529.jpg 705w, https:\/\/radiorevelacionfm.cl\/wp-content\/uploads\/2021\/09\/oficina-la-junta-3-1-1-600x450.jpg 600w\" sizes=\"(max-width: 800px) 100vw, 800px\" \/><\/div><\/div><\/div><\/div><div class=\"flex_column av_one_full  flex_column_div av-zero-column-padding first  avia-builder-el-2  el_after_av_one_full  el_before_av_one_full  column-top-margin\" style='border-radius:0px; '><section class=\"av_textblock_section \"  itemscope=\"itemscope\" itemtype=\"https:\/\/schema.org\/BlogPosting\" itemprop=\"blogPost\" ><div class='avia_textblock  '   itemprop=\"text\" ><p style=\"text-align: center;\"><strong><span style=\"font-size: 18pt;\">Antes de fin de a\u00f1o La Junta contar\u00e1 con nueva oficina del Registro Civil <\/span><\/strong><\/p>\n<div id=\"gtx-trans\" style=\"position: absolute; left: -50px; top: 4.31534px;\">\n<div class=\"gtx-trans-icon\"><\/div>\n<\/div>\n<\/div><\/section><\/div><div class=\"flex_column av_one_full  flex_column_div av-zero-column-padding first  avia-builder-el-4  el_after_av_one_full  el_before_av_hr  column-top-margin\" style='border-radius:0px; '><section class=\"av_textblock_section \"  itemscope=\"itemscope\" itemtype=\"https:\/\/schema.org\/BlogPosting\" itemprop=\"blogPost\" ><div class='avia_textblock  '   itemprop=\"text\" ><p style=\"text-align: justify;\">Con la entrega del terreno al contratista regional V\u00edctor Reyes, se inici\u00f3 la semana reci\u00e9n pasada el proyecto de habilitaci\u00f3n y relocalizaci\u00f3n de la sub oficina del Servicio de Registro Civil e Identificaci\u00f3n de La Junta, iniciativa que alcanza una inversi\u00f3n cercana a los 60 millones de pesos, y que permitir\u00e1 entregar un mejor servicio a todos los usuarios y usuarias de esta localidad.<\/p>\n<p style=\"text-align: justify;\">Este importante hito, se concreta tras el trabajo coordinado entre el Servicio y la Municipalidad de Cisnes, quienes a trav\u00e9s de un comodato facilitaron un terreno e inmueble correspondiente a la ex posta de la localidad, permitiendo con ello la habilitaci\u00f3n y relocalizaci\u00f3n de la nueva oficina, la cual contar\u00e1 con una superficie estimada de 96,4 metros cuadrados, distribuidos en amplios y c\u00f3modos espacios para la atenci\u00f3n de p\u00fablico, sala de ceremonias, bodegas de archivos y condiciones de accesibilidad universal, que permitir\u00e1n a las personas en situaci\u00f3n de discapacidad su plena inclusi\u00f3n.<\/p>\n<p style=\"text-align: justify;\">Respecto a esta importante iniciativa del sector Justicia en la regi\u00f3n, el Seremi de la cartera Luis Prieto, indic\u00f3 que \u201cestamos muy contentos que una vez m\u00e1s el trabajo colaborativo entre el Municipio, el Registro Civil y nosotros como Ministerio de Justicia y DD.HH va a brindar frutos en muy corto plazo para entregar nuevas oficinas a todos los habitantes de La Junta y sus alrededores, es una importante inversi\u00f3n que el Registro Civil va a realizar en esta localidad, y que se suma a otras iniciativas de infraestructura que se est\u00e1n desarrollando en la regi\u00f3n por parte del Servicio\u201d.<\/p>\n<p style=\"text-align: justify;\">Por su parte, el alcalde de la Municipalidad de Cisnes, Francisco Roncagliolo se\u00f1al\u00f3 que \u201cac\u00e1 surgi\u00f3 la inquietud por parte de la funcionaria del servicio en la localidad do\u00f1a Ximena Venteo, puesto que muchas veces se produc\u00eda un recargo de los espacios que ten\u00edamos en la delegaci\u00f3n o sede comunitaria y partimos buscando alternativas, como municipalidad fuimos parte de las solicitudes del terreno donde estamos hoy, el jard\u00edn antiguo, donde en alg\u00fan momento dejamos que la posta pudiese estar operativa, posteriormente Bienes Nacionales nos entreg\u00f3 este espacio completo, y dentro de esto parti\u00f3 el trabajo con el Registro Civil, terreno que entregamos en comodato al servicio para que puedan funcionar mejorando as\u00ed el est\u00e1ndar y la calidad de atenci\u00f3n en la localidad\u201d.<\/p>\n<p style=\"text-align: justify;\">En tanto, el Director Regional del Servicio de Registro Civil, Rodrigo Aguilera se\u00f1al\u00f3 \u201cquiero agradecer al alcalde Francisco Roncagliolo que tuvo una excelente disposici\u00f3n desde el d\u00eda 1, accediendo a entregarnos el inmueble en comodato, el que se firm\u00f3 hace unos meses atr\u00e1s, tras lo cual conseguimos los recursos para las mejoras a nivel institucional, son fondos sectoriales del Registro Civil que se van a ejecutar ac\u00e1 en la remodelaci\u00f3n de esta nueva oficina que va a contar con el est\u00e1ndar de todas las oficinas de la regi\u00f3n y el pa\u00eds, es decir con espacios adecuados para la atenci\u00f3n de nuestros usuarios, estoy contento porque esto es producto de un trabajo multidisciplinario, donde se a\u00fanan nuestros equipos de trabajo y terminan en mejoras para la comunidad\u201d.<\/p>\n<p style=\"text-align: justify;\">Finalmente, se\u00f1alar que se espera que La Junta cuente con estas nuevas instalaciones del Servicio de Registro Civil e Identificaci\u00f3n en noviembre pr\u00f3ximo.<\/p>\n<\/div><\/section><\/div><div  style='height:50px' class='hr hr-invisible   avia-builder-el-6  el_after_av_one_full  el_before_av_social_share '><span class='hr-inner ' ><span class='hr-inner-style'><\/span><\/span><\/div><\/p>\n<div  class='av-social-sharing-box  avia-builder-el-7  el_after_av_hr  el_before_av_hr  '><div class='av-share-box'><h5 class='av-share-link-description av-no-toc '>Compartir esta noticia<\/h5><ul class='av-share-box-list noLightbox'><li class='av-share-link av-social-link-facebook' ><a target=\"_blank\" aria-label=\"Compartir en Facebook\" href='https:\/\/www.facebook.com\/sharer.php?u=https:\/\/radiorevelacionfm.cl\/?p=8910&#038;t=Antes%20de%20fin%20de%20a%C3%B1o%20La%20Junta%20contar%C3%A1%20con%20nueva%20oficina%20del%20Registro%20Civil' aria-hidden='false' data-av_icon='\ue8f3' data-av_iconfont='entypo-fontello' title='' data-avia-related-tooltip='Compartir en Facebook' rel=\"noopener\"><span class='avia_hidden_link_text'>Compartir en Facebook<\/span><\/a><\/li><li class='av-share-link av-social-link-twitter' ><a target=\"_blank\" aria-label=\"Compartir en Twitter\" href='https:\/\/twitter.com\/share?text=Antes%20de%20fin%20de%20a%C3%B1o%20La%20Junta%20contar%C3%A1%20con%20nueva%20oficina%20del%20Registro%20Civil&#038;url=https:\/\/radiorevelacionfm.cl\/?p=8910' aria-hidden='false' data-av_icon='\ue8f1' data-av_iconfont='entypo-fontello' title='' data-avia-related-tooltip='Compartir en Twitter' rel=\"noopener\"><span class='avia_hidden_link_text'>Compartir en Twitter<\/span><\/a><\/li><li class='av-share-link av-social-link-whatsapp' ><a target=\"_blank\" aria-label=\"Compartir en Whatsapp\" href='https:\/\/api.whatsapp.com\/send?text=https:\/\/radiorevelacionfm.cl\/?p=8910' aria-hidden='false' data-av_icon='\uf232' data-av_iconfont='entypo-fontello' title='' data-avia-related-tooltip='Compartir en Whatsapp' rel=\"noopener\"><span class='avia_hidden_link_text'>Compartir en Whatsapp<\/span><\/a><\/li><li class='av-share-link av-social-link-linkedin' ><a target=\"_blank\" aria-label=\"Compartir en LinkedIn\" href='https:\/\/linkedin.com\/shareArticle?mini=true&#038;title=Antes%20de%20fin%20de%20a%C3%B1o%20La%20Junta%20contar%C3%A1%20con%20nueva%20oficina%20del%20Registro%20Civil&#038;url=https:\/\/radiorevelacionfm.cl\/?p=8910' aria-hidden='false' data-av_icon='\ue8fc' data-av_iconfont='entypo-fontello' title='' data-avia-related-tooltip='Compartir en LinkedIn' rel=\"noopener\"><span class='avia_hidden_link_text'>Compartir en LinkedIn<\/span><\/a><\/li><li class='av-share-link av-social-link-mail' ><a  aria-label=\"Compartir por correo\" href='mailto:?subject=Antes%20de%20fin%20de%20a%C3%B1o%20La%20Junta%20contar%C3%A1%20con%20nueva%20oficina%20del%20Registro%20Civil&#038;body=https:\/\/radiorevelacionfm.cl\/?p=8910' aria-hidden='false' data-av_icon='\ue805' data-av_iconfont='entypo-fontello' title='' data-avia-related-tooltip='Compartir por correo'><span class='avia_hidden_link_text'>Compartir por correo<\/span><\/a><\/li><\/ul><\/div><\/div>\n<div  style='height:50px' class='hr hr-invisible   avia-builder-el-8  el_after_av_social_share  el_before_av_comments_list '><span class='hr-inner ' ><span class='hr-inner-style'><\/span><\/span><\/div>\n<div  class='av-buildercomment  av-blog-meta-html-info-disabled av-blog-meta-tag-disabled  '><\/div>\n","protected":false},"excerpt":{"rendered":"","protected":false},"author":1,"featured_media":8911,"comment_status":"open","ping_status":"open","sticky":false,"template":"","format":"standard","meta":{"footnotes":""},"categories":[38],"tags":[],"class_list":["post-8910","post","type-post","status-publish","format-standard","has-post-thumbnail","hentry","category-regional"],"jetpack_featured_media_url":"https:\/\/radiorevelacionfm.cl\/wp-content\/uploads\/2021\/09\/oficina-la-junta-3-1-1.jpg","_links":{"self":[{"href":"https:\/\/radiorevelacionfm.cl\/index.php?rest_route=\/wp\/v2\/posts\/8910","targetHints":{"allow":["GET"]}}],"collection":[{"href":"https:\/\/radiorevelacionfm.cl\/index.php?rest_route=\/wp\/v2\/posts"}],"about":[{"href":"https:\/\/radiorevelacionfm.cl\/index.php?rest_route=\/wp\/v2\/types\/post"}],"author":[{"embeddable":true,"href":"https:\/\/radiorevelacionfm.cl\/index.php?rest_route=\/wp\/v2\/users\/1"}],"replies":[{"embeddable":true,"href":"https:\/\/radiorevelacionfm.cl\/index.php?rest_route=%2Fwp%2Fv2%2Fcomments&post=8910"}],"version-history":[{"count":1,"href":"https:\/\/radiorevelacionfm.cl\/index.php?rest_route=\/wp\/v2\/posts\/8910\/revisions"}],"predecessor-version":[{"id":8912,"href":"https:\/\/radiorevelacionfm.cl\/index.php?rest_route=\/wp\/v2\/posts\/8910\/revisions\/8912"}],"wp:featuredmedia":[{"embeddable":true,"href":"https:\/\/radiorevelacionfm.cl\/index.php?rest_route=\/wp\/v2\/media\/8911"}],"wp:attachment":[{"href":"https:\/\/radiorevelacionfm.cl\/index.php?rest_route=%2Fwp%2Fv2%2Fmedia&parent=8910"}],"wp:term":[{"taxonomy":"category","embeddable":true,"href":"https:\/\/radiorevelacionfm.cl\/index.php?rest_route=%2Fwp%2Fv2%2Fcategories&post=8910"},{"taxonomy":"post_tag","embeddable":true,"href":"https:\/\/radiorevelacionfm.cl\/index.php?rest_route=%2Fwp%2Fv2%2Ftags&post=8910"}],"curies":[{"name":"wp","href":"https:\/\/api.w.org\/{rel}","templated":true}]}}