{"id":8907,"date":"2021-09-22T09:47:31","date_gmt":"2021-09-22T12:47:31","guid":{"rendered":"https:\/\/radiorevelacionfm.cl\/?p=8907"},"modified":"2021-09-22T09:47:31","modified_gmt":"2021-09-22T12:47:31","slug":"con-exito-se-desarrollo-clinica-de-boxeo-y-kickboxing-dictada-por-el-destacado-deportista-y-entrenador-claudio-pardo","status":"publish","type":"post","link":"https:\/\/radiorevelacionfm.cl\/?p=8907","title":{"rendered":"Con \u00e9xito se desarroll\u00f3 cl\u00ednica de Boxeo y Kickboxing dictada por el destacado deportista y entrenador Claudio Pardo"},"content":{"rendered":"<div class=\"flex_column av_one_full  flex_column_div av-zero-column-padding first  avia-builder-el-0  el_before_av_one_full  avia-builder-el-first  \" style='border-radius:0px; '><div  class='avia-image-container  av-styling-    avia-builder-el-1  avia-builder-el-no-sibling  avia-align-center '  itemprop=\"image\" itemscope=\"itemscope\" itemtype=\"https:\/\/schema.org\/ImageObject\"  ><div class='avia-image-container-inner'><div class='avia-image-overlay-wrap'><img decoding=\"async\" class='wp-image-8908 avia-img-lazy-loading-not-8908 avia_image' src=\"https:\/\/radiorevelacionfm.cl\/wp-content\/uploads\/2021\/09\/1-70-1-1.jpg\" alt='' title='1 (70) (1) (1)' height=\"600\" width=\"800\"  itemprop=\"thumbnailUrl\" srcset=\"https:\/\/radiorevelacionfm.cl\/wp-content\/uploads\/2021\/09\/1-70-1-1.jpg 800w, https:\/\/radiorevelacionfm.cl\/wp-content\/uploads\/2021\/09\/1-70-1-1-300x225.jpg 300w, https:\/\/radiorevelacionfm.cl\/wp-content\/uploads\/2021\/09\/1-70-1-1-768x576.jpg 768w, https:\/\/radiorevelacionfm.cl\/wp-content\/uploads\/2021\/09\/1-70-1-1-705x529.jpg 705w, https:\/\/radiorevelacionfm.cl\/wp-content\/uploads\/2021\/09\/1-70-1-1-600x450.jpg 600w\" sizes=\"(max-width: 800px) 100vw, 800px\" \/><\/div><\/div><\/div><\/div><div class=\"flex_column av_one_full  flex_column_div av-zero-column-padding first  avia-builder-el-2  el_after_av_one_full  el_before_av_one_full  column-top-margin\" style='border-radius:0px; '><section class=\"av_textblock_section \"  itemscope=\"itemscope\" itemtype=\"https:\/\/schema.org\/BlogPosting\" itemprop=\"blogPost\" ><div class='avia_textblock  '   itemprop=\"text\" ><p style=\"text-align: center;\"><strong><span style=\"font-size: 18pt;\">Con \u00e9xito se desarroll\u00f3 cl\u00ednica de Boxeo y Kickboxing dictada por el destacado deportista y entrenador Claudio Pardo<\/span><\/strong><\/p>\n<div id=\"gtx-trans\" style=\"position: absolute; left: -50px; top: 4.31534px;\">\n<div class=\"gtx-trans-icon\"><\/div>\n<\/div>\n<\/div><\/section><\/div><div class=\"flex_column av_one_full  flex_column_div av-zero-column-padding first  avia-builder-el-4  el_after_av_one_full  el_before_av_hr  column-top-margin\" style='border-radius:0px; '><section class=\"av_textblock_section \"  itemscope=\"itemscope\" itemtype=\"https:\/\/schema.org\/BlogPosting\" itemprop=\"blogPost\" ><div class='avia_textblock  '   itemprop=\"text\" ><p style=\"text-align: justify;\">Con la participaci\u00f3n de deportistas y aficionados se dio inicio a la primera cl\u00ednica deportiva de Boxeo y Kickboxing realizada por Claudio Pardo, Maestro Cinta Negra 5\u00b0 Dan de kickboxing WAKO y entrenador de Boxeo amateurs y profesional.<\/p>\n<p style=\"text-align: justify;\">A la jornada de capacitaci\u00f3n asisti\u00f3 el Seremi del Deporte, Rodrigo Cubilla Retamal, el Alcalde de Coyhaique Carlos Gatica, el Director Regional del IND Jos\u00e9 Manuel Sep\u00falveda, Jos\u00e9 Carillo representante del boxeo regional y deportistas del Club Cobras y Team Guerrero.<\/p>\n<p style=\"text-align: justify;\">Al respecto, el Seremi del Deporte Rodrigo Cubilla Retamal precis\u00f3 \u00abes muy satisfactorio ver a todos estos deportistas en un d\u00eda feriado participando de esta cl\u00ednica, como Ministerio del Deporte y junto al IND regional queremos ofrecer estos espacios para el desarrollo de las diferentes disciplinas, sabemos que el boxeo y las artes marciales tienen muchos adherentes en nuestra regi\u00f3n y m\u00e1s a\u00fan cuando un patag\u00f3n como el profesor Claudio Parra de gran trayectoria comparte sus conocimientos, experiencia y trayectoria con nuestros j\u00f3venes, por lo que estamos muy agradecidos por su visita\u00bb.<\/p>\n<p style=\"text-align: justify;\">Asimismo, las autoridades del deporte regional entregaron un reconocimiento al profesor Claudio Pardo, por su destacada trayectoria como deportista, entrenador y formador de la primera y \u00fanica chilena campeona mundial de boxeo profesional WIBA y FIB, Carolina \u00abCrespita\u00bb Rodr\u00edguez.<\/p>\n<p style=\"text-align: justify;\">\u00abSoy coyhaiquino \u00a0de nacimiento, tengo a mi madre y familia ac\u00e1, por lo que cuando mi alumno Camilo Silva del Team Guerreo, me extendi\u00f3 la invitaci\u00f3n a participar, acept\u00e9 de inmediato, con el objetivo de motivar y perfeccionar los\u00a0 conocimientos de los deportistas regionales\u00bb, se\u00f1al\u00f3 el entrenador Claudio Pardo.<\/p>\n<div><\/div>\n<\/div><\/section><\/div><div  style='height:50px' class='hr hr-invisible   avia-builder-el-6  el_after_av_one_full  el_before_av_social_share '><span class='hr-inner ' ><span class='hr-inner-style'><\/span><\/span><\/div><\/p>\n<div  class='av-social-sharing-box  avia-builder-el-7  el_after_av_hr  el_before_av_hr  '><div class='av-share-box'><h5 class='av-share-link-description av-no-toc '>Compartir esta noticia<\/h5><ul class='av-share-box-list noLightbox'><li class='av-share-link av-social-link-facebook' ><a target=\"_blank\" aria-label=\"Compartir en Facebook\" href='https:\/\/www.facebook.com\/sharer.php?u=https:\/\/radiorevelacionfm.cl\/?p=8907&#038;t=Con%20%C3%A9xito%20se%20desarroll%C3%B3%20cl%C3%ADnica%20de%20Boxeo%20y%20Kickboxing%20dictada%20por%20el%20destacado%20deportista%20y%20entrenador%20Claudio%20Pardo' aria-hidden='false' data-av_icon='\ue8f3' data-av_iconfont='entypo-fontello' title='' data-avia-related-tooltip='Compartir en Facebook' rel=\"noopener\"><span class='avia_hidden_link_text'>Compartir en Facebook<\/span><\/a><\/li><li class='av-share-link av-social-link-twitter' ><a target=\"_blank\" aria-label=\"Compartir en Twitter\" href='https:\/\/twitter.com\/share?text=Con%20%C3%A9xito%20se%20desarroll%C3%B3%20cl%C3%ADnica%20de%20Boxeo%20y%20Kickboxing%20dictada%20por%20el%20destacado%20deportista%20y%20entrenador%20Claudio%20Pardo&#038;url=https:\/\/radiorevelacionfm.cl\/?p=8907' aria-hidden='false' data-av_icon='\ue8f1' data-av_iconfont='entypo-fontello' title='' data-avia-related-tooltip='Compartir en Twitter' rel=\"noopener\"><span class='avia_hidden_link_text'>Compartir en Twitter<\/span><\/a><\/li><li class='av-share-link av-social-link-whatsapp' ><a target=\"_blank\" aria-label=\"Compartir en Whatsapp\" href='https:\/\/api.whatsapp.com\/send?text=https:\/\/radiorevelacionfm.cl\/?p=8907' aria-hidden='false' data-av_icon='\uf232' data-av_iconfont='entypo-fontello' title='' data-avia-related-tooltip='Compartir en Whatsapp' rel=\"noopener\"><span class='avia_hidden_link_text'>Compartir en Whatsapp<\/span><\/a><\/li><li class='av-share-link av-social-link-linkedin' ><a target=\"_blank\" aria-label=\"Compartir en LinkedIn\" href='https:\/\/linkedin.com\/shareArticle?mini=true&#038;title=Con%20%C3%A9xito%20se%20desarroll%C3%B3%20cl%C3%ADnica%20de%20Boxeo%20y%20Kickboxing%20dictada%20por%20el%20destacado%20deportista%20y%20entrenador%20Claudio%20Pardo&#038;url=https:\/\/radiorevelacionfm.cl\/?p=8907' aria-hidden='false' data-av_icon='\ue8fc' data-av_iconfont='entypo-fontello' title='' data-avia-related-tooltip='Compartir en LinkedIn' rel=\"noopener\"><span class='avia_hidden_link_text'>Compartir en LinkedIn<\/span><\/a><\/li><li class='av-share-link av-social-link-mail' ><a  aria-label=\"Compartir por correo\" href='mailto:?subject=Con%20%C3%A9xito%20se%20desarroll%C3%B3%20cl%C3%ADnica%20de%20Boxeo%20y%20Kickboxing%20dictada%20por%20el%20destacado%20deportista%20y%20entrenador%20Claudio%20Pardo&#038;body=https:\/\/radiorevelacionfm.cl\/?p=8907' aria-hidden='false' data-av_icon='\ue805' data-av_iconfont='entypo-fontello' title='' data-avia-related-tooltip='Compartir por correo'><span class='avia_hidden_link_text'>Compartir por correo<\/span><\/a><\/li><\/ul><\/div><\/div>\n<div  style='height:50px' class='hr hr-invisible   avia-builder-el-8  el_after_av_social_share  el_before_av_comments_list '><span class='hr-inner ' ><span class='hr-inner-style'><\/span><\/span><\/div>\n<div  class='av-buildercomment  av-blog-meta-html-info-disabled av-blog-meta-tag-disabled  '><\/div>\n","protected":false},"excerpt":{"rendered":"","protected":false},"author":1,"featured_media":8908,"comment_status":"open","ping_status":"open","sticky":false,"template":"","format":"standard","meta":{"footnotes":""},"categories":[40],"tags":[],"class_list":["post-8907","post","type-post","status-publish","format-standard","has-post-thumbnail","hentry","category-deportes"],"jetpack_featured_media_url":"https:\/\/radiorevelacionfm.cl\/wp-content\/uploads\/2021\/09\/1-70-1-1.jpg","_links":{"self":[{"href":"https:\/\/radiorevelacionfm.cl\/index.php?rest_route=\/wp\/v2\/posts\/8907","targetHints":{"allow":["GET"]}}],"collection":[{"href":"https:\/\/radiorevelacionfm.cl\/index.php?rest_route=\/wp\/v2\/posts"}],"about":[{"href":"https:\/\/radiorevelacionfm.cl\/index.php?rest_route=\/wp\/v2\/types\/post"}],"author":[{"embeddable":true,"href":"https:\/\/radiorevelacionfm.cl\/index.php?rest_route=\/wp\/v2\/users\/1"}],"replies":[{"embeddable":true,"href":"https:\/\/radiorevelacionfm.cl\/index.php?rest_route=%2Fwp%2Fv2%2Fcomments&post=8907"}],"version-history":[{"count":2,"href":"https:\/\/radiorevelacionfm.cl\/index.php?rest_route=\/wp\/v2\/posts\/8907\/revisions"}],"predecessor-version":[{"id":8917,"href":"https:\/\/radiorevelacionfm.cl\/index.php?rest_route=\/wp\/v2\/posts\/8907\/revisions\/8917"}],"wp:featuredmedia":[{"embeddable":true,"href":"https:\/\/radiorevelacionfm.cl\/index.php?rest_route=\/wp\/v2\/media\/8908"}],"wp:attachment":[{"href":"https:\/\/radiorevelacionfm.cl\/index.php?rest_route=%2Fwp%2Fv2%2Fmedia&parent=8907"}],"wp:term":[{"taxonomy":"category","embeddable":true,"href":"https:\/\/radiorevelacionfm.cl\/index.php?rest_route=%2Fwp%2Fv2%2Fcategories&post=8907"},{"taxonomy":"post_tag","embeddable":true,"href":"https:\/\/radiorevelacionfm.cl\/index.php?rest_route=%2Fwp%2Fv2%2Ftags&post=8907"}],"curies":[{"name":"wp","href":"https:\/\/api.w.org\/{rel}","templated":true}]}}