{"id":8903,"date":"2021-09-22T09:30:39","date_gmt":"2021-09-22T12:30:39","guid":{"rendered":"https:\/\/radiorevelacionfm.cl\/?p=8903"},"modified":"2021-09-22T09:30:39","modified_gmt":"2021-09-22T12:30:39","slug":"calisto-critica-a-sus-pares-que-rechazaron-proyecto-que-disminuye-impuesto-especifico","status":"publish","type":"post","link":"https:\/\/radiorevelacionfm.cl\/?p=8903","title":{"rendered":"Calisto critica a sus pares que rechazaron proyecto que disminuye impuesto espec\u00edfico"},"content":{"rendered":"<div  style='height:50px' class='hr hr-invisible   avia-builder-el-0  el_before_av_one_full  avia-builder-el-first '><span class='hr-inner ' ><span class='hr-inner-style'><\/span><\/span><\/div>\n<div class=\"flex_column av_one_full  flex_column_div av-zero-column-padding first  avia-builder-el-1  el_after_av_hr  el_before_av_one_full  \" style='border-radius:0px; '><div  class='avia-image-container  av-styling-    avia-builder-el-2  avia-builder-el-no-sibling  avia-align-center '  itemprop=\"image\" itemscope=\"itemscope\" itemtype=\"https:\/\/schema.org\/ImageObject\"  ><div class='avia-image-container-inner'><div class='avia-image-overlay-wrap'><img decoding=\"async\" class='wp-image-8905 avia-img-lazy-loading-not-8905 avia_image' src=\"https:\/\/radiorevelacionfm.cl\/wp-content\/uploads\/2021\/09\/CALISTO-25A-1-1.jpg\" alt='' title='CALISTO -25A (1) (1)' height=\"600\" width=\"1129\"  itemprop=\"thumbnailUrl\" srcset=\"https:\/\/radiorevelacionfm.cl\/wp-content\/uploads\/2021\/09\/CALISTO-25A-1-1.jpg 1129w, https:\/\/radiorevelacionfm.cl\/wp-content\/uploads\/2021\/09\/CALISTO-25A-1-1-300x159.jpg 300w, https:\/\/radiorevelacionfm.cl\/wp-content\/uploads\/2021\/09\/CALISTO-25A-1-1-1030x547.jpg 1030w, https:\/\/radiorevelacionfm.cl\/wp-content\/uploads\/2021\/09\/CALISTO-25A-1-1-768x408.jpg 768w, https:\/\/radiorevelacionfm.cl\/wp-content\/uploads\/2021\/09\/CALISTO-25A-1-1-705x375.jpg 705w, https:\/\/radiorevelacionfm.cl\/wp-content\/uploads\/2021\/09\/CALISTO-25A-1-1-600x319.jpg 600w\" sizes=\"(max-width: 1129px) 100vw, 1129px\" \/><\/div><\/div><\/div><\/div><div class=\"flex_column av_one_full  flex_column_div av-zero-column-padding first  avia-builder-el-3  el_after_av_one_full  el_before_av_one_full  column-top-margin\" style='border-radius:0px; '><section class=\"av_textblock_section \"  itemscope=\"itemscope\" itemtype=\"https:\/\/schema.org\/BlogPosting\" itemprop=\"blogPost\" ><div class='avia_textblock  '   itemprop=\"text\" ><p style=\"text-align: center;\"><strong><span style=\"font-size: 18pt;\">Calisto critica a sus pares que rechazaron proyecto que disminuye impuesto espec\u00edfico<\/span><\/strong><\/p>\n<div id=\"gtx-trans\" style=\"position: absolute; left: -50px; top: 4.31534px;\">\n<div class=\"gtx-trans-icon\"><\/div>\n<\/div>\n<\/div><\/section><\/div><div class=\"flex_column av_one_full  flex_column_div av-zero-column-padding first  avia-builder-el-5  el_after_av_one_full  el_before_av_hr  column-top-margin\" style='border-radius:0px; '><section class=\"av_textblock_section \"  itemscope=\"itemscope\" itemtype=\"https:\/\/schema.org\/BlogPosting\" itemprop=\"blogPost\" ><div class='avia_textblock  '   itemprop=\"text\" ><p style=\"font-weight: 400; text-align: justify;\">Como lamentable calific\u00f3 el diputado Miguel \u00c1ngel Calisto el rechazo en la C\u00e1mara del proyecto que establec\u00eda la disminuci\u00f3n en un 50% del impuesto espec\u00edfico a los combustibles, iniciativa que a juicio del parlamentario era un gran avance para las zonas extremas, por lo que critic\u00f3 la votaci\u00f3n de sus colegas.<\/p>\n<p style=\"font-weight: 400; text-align: justify;\">Seg\u00fan el legislador, \u201cresulta bastante sorprendente las intervenciones del resto de los diputados, quienes desde una mirada desde el centro del pa\u00eds se\u00f1alan que este proyecto est\u00e1 equivocado, irracional. Llama la atenci\u00f3n, porque esto a mi juicio representa una desconexi\u00f3n absoluta con la realidad de nuestros territorios\u201d.<\/p>\n<p style=\"font-weight: 400; text-align: justify;\">\u201cEntiendo que desde la comodidad de Santiago uno pueda decir que el impuesto espec\u00edfico est\u00e1 bien, porque contribuye a desincentivar el uso de veh\u00edculos, pero para un poblador de Villa O\u00b4Higgins, que est\u00e1 a 14 horas por tierra de Coyhaique y que debe trasladarse a una atenci\u00f3n m\u00e9dica, la utilizaci\u00f3n del veh\u00edculo es vital. Estamos frente a una realidad totalmente distinta\u201d, indic\u00f3.<\/p>\n<p style=\"font-weight: 400; text-align: justify;\">Calisto agreg\u00f3 que \u201cen algunas regiones el litro de combustible est\u00e1 sobre los 1100 pesos, y no s\u00f3lo se usa en los veh\u00edculos, sino tambi\u00e9n en embarcaciones pesqueras, para el generador el\u00e9ctrico en el campo. Por lo tanto, en este Congreso debi\u00e9ramos tener un discurso que no sea Santiago c\u00e9ntrico, donde todas las decisiones pasan por la capital, porque Santiago no es Chile\u201d.<\/p>\n<p style=\"font-weight: 400; text-align: justify;\">Adem\u00e1s, se\u00f1al\u00f3 que \u201cmientras m\u00e1s lejos vives de Santiago, m\u00e1s te castigan por la aplicaci\u00f3n de impuestos. Si en Coyhaique pagamos cerca de $1100 por el combustible, en Islas Huiichas, Puerto Gala, Puerto Gaviota, que son lugares donde la gente realmente hace patria, se paga $1500 por el litro de combustible. Todos ac\u00e1 en la C\u00e1mara hacen discursos sobre la soberan\u00eda, el territorio, en fin, pero en la pr\u00e1ctica, castigamos a aquellos que viven m\u00e1s lejos\u201d.<\/p>\n<p style=\"font-weight: 400; text-align: justify;\">Finalmente, el diputado Calisto afirm\u00f3 que \u201cadem\u00e1s, pagamos la luz el\u00e9ctrica m\u00e1s cara de Chile. Tenemos tambi\u00e9n las peores condiciones de habitabilidad. Yo les pido en este Congreso Nacional que cuando hablamos de la eliminaci\u00f3n del Impuesto Espec\u00edfico, nos acordemos de las Zonas Extremas, porque realmente afecta nuestra calidad de vida y empobrece a nuestras familias. No todo pasa por Santiago ni por las grandes urbes, tambi\u00e9n hay regiones que est\u00e1n abandonadas por parte del Estado\u201d.<\/p>\n<\/div><\/section><\/div><div  style='height:50px' class='hr hr-invisible   avia-builder-el-7  el_after_av_one_full  el_before_av_social_share '><span class='hr-inner ' ><span class='hr-inner-style'><\/span><\/span><\/div><\/p>\n<div  class='av-social-sharing-box  avia-builder-el-8  el_after_av_hr  el_before_av_hr  '><div class='av-share-box'><h5 class='av-share-link-description av-no-toc '>Compartir esta noticia<\/h5><ul class='av-share-box-list noLightbox'><li class='av-share-link av-social-link-facebook' ><a target=\"_blank\" aria-label=\"Compartir en Facebook\" href='https:\/\/www.facebook.com\/sharer.php?u=https:\/\/radiorevelacionfm.cl\/?p=8903&#038;t=Calisto%20critica%20a%20sus%20pares%20que%20rechazaron%20proyecto%20que%20disminuye%20impuesto%20espec%C3%ADfico' aria-hidden='false' data-av_icon='\ue8f3' data-av_iconfont='entypo-fontello' title='' data-avia-related-tooltip='Compartir en Facebook' rel=\"noopener\"><span class='avia_hidden_link_text'>Compartir en Facebook<\/span><\/a><\/li><li class='av-share-link av-social-link-twitter' ><a target=\"_blank\" aria-label=\"Compartir en Twitter\" href='https:\/\/twitter.com\/share?text=Calisto%20critica%20a%20sus%20pares%20que%20rechazaron%20proyecto%20que%20disminuye%20impuesto%20espec%C3%ADfico&#038;url=https:\/\/radiorevelacionfm.cl\/?p=8903' aria-hidden='false' data-av_icon='\ue8f1' data-av_iconfont='entypo-fontello' title='' data-avia-related-tooltip='Compartir en Twitter' rel=\"noopener\"><span class='avia_hidden_link_text'>Compartir en Twitter<\/span><\/a><\/li><li class='av-share-link av-social-link-whatsapp' ><a target=\"_blank\" aria-label=\"Compartir en Whatsapp\" href='https:\/\/api.whatsapp.com\/send?text=https:\/\/radiorevelacionfm.cl\/?p=8903' aria-hidden='false' data-av_icon='\uf232' data-av_iconfont='entypo-fontello' title='' data-avia-related-tooltip='Compartir en Whatsapp' rel=\"noopener\"><span class='avia_hidden_link_text'>Compartir en Whatsapp<\/span><\/a><\/li><li class='av-share-link av-social-link-linkedin' ><a target=\"_blank\" aria-label=\"Compartir en LinkedIn\" href='https:\/\/linkedin.com\/shareArticle?mini=true&#038;title=Calisto%20critica%20a%20sus%20pares%20que%20rechazaron%20proyecto%20que%20disminuye%20impuesto%20espec%C3%ADfico&#038;url=https:\/\/radiorevelacionfm.cl\/?p=8903' aria-hidden='false' data-av_icon='\ue8fc' data-av_iconfont='entypo-fontello' title='' data-avia-related-tooltip='Compartir en LinkedIn' rel=\"noopener\"><span class='avia_hidden_link_text'>Compartir en LinkedIn<\/span><\/a><\/li><li class='av-share-link av-social-link-mail' ><a  aria-label=\"Compartir por correo\" href='mailto:?subject=Calisto%20critica%20a%20sus%20pares%20que%20rechazaron%20proyecto%20que%20disminuye%20impuesto%20espec%C3%ADfico&#038;body=https:\/\/radiorevelacionfm.cl\/?p=8903' aria-hidden='false' data-av_icon='\ue805' data-av_iconfont='entypo-fontello' title='' data-avia-related-tooltip='Compartir por correo'><span class='avia_hidden_link_text'>Compartir por correo<\/span><\/a><\/li><\/ul><\/div><\/div>\n<div  style='height:50px' class='hr hr-invisible   avia-builder-el-9  el_after_av_social_share  el_before_av_comments_list '><span class='hr-inner ' ><span class='hr-inner-style'><\/span><\/span><\/div>\n<div  class='av-buildercomment  av-blog-meta-html-info-disabled av-blog-meta-tag-disabled  '><\/div>\n","protected":false},"excerpt":{"rendered":"","protected":false},"author":1,"featured_media":8905,"comment_status":"open","ping_status":"open","sticky":false,"template":"","format":"standard","meta":{"footnotes":""},"categories":[35],"tags":[],"class_list":["post-8903","post","type-post","status-publish","format-standard","has-post-thumbnail","hentry","category-politica"],"jetpack_featured_media_url":"https:\/\/radiorevelacionfm.cl\/wp-content\/uploads\/2021\/09\/CALISTO-25A-1-1.jpg","_links":{"self":[{"href":"https:\/\/radiorevelacionfm.cl\/index.php?rest_route=\/wp\/v2\/posts\/8903","targetHints":{"allow":["GET"]}}],"collection":[{"href":"https:\/\/radiorevelacionfm.cl\/index.php?rest_route=\/wp\/v2\/posts"}],"about":[{"href":"https:\/\/radiorevelacionfm.cl\/index.php?rest_route=\/wp\/v2\/types\/post"}],"author":[{"embeddable":true,"href":"https:\/\/radiorevelacionfm.cl\/index.php?rest_route=\/wp\/v2\/users\/1"}],"replies":[{"embeddable":true,"href":"https:\/\/radiorevelacionfm.cl\/index.php?rest_route=%2Fwp%2Fv2%2Fcomments&post=8903"}],"version-history":[{"count":1,"href":"https:\/\/radiorevelacionfm.cl\/index.php?rest_route=\/wp\/v2\/posts\/8903\/revisions"}],"predecessor-version":[{"id":8906,"href":"https:\/\/radiorevelacionfm.cl\/index.php?rest_route=\/wp\/v2\/posts\/8903\/revisions\/8906"}],"wp:featuredmedia":[{"embeddable":true,"href":"https:\/\/radiorevelacionfm.cl\/index.php?rest_route=\/wp\/v2\/media\/8905"}],"wp:attachment":[{"href":"https:\/\/radiorevelacionfm.cl\/index.php?rest_route=%2Fwp%2Fv2%2Fmedia&parent=8903"}],"wp:term":[{"taxonomy":"category","embeddable":true,"href":"https:\/\/radiorevelacionfm.cl\/index.php?rest_route=%2Fwp%2Fv2%2Fcategories&post=8903"},{"taxonomy":"post_tag","embeddable":true,"href":"https:\/\/radiorevelacionfm.cl\/index.php?rest_route=%2Fwp%2Fv2%2Ftags&post=8903"}],"curies":[{"name":"wp","href":"https:\/\/api.w.org\/{rel}","templated":true}]}}