{"id":8901,"date":"2021-09-22T10:38:34","date_gmt":"2021-09-22T13:38:34","guid":{"rendered":"https:\/\/radiorevelacionfm.cl\/?p=8901"},"modified":"2021-09-22T10:38:34","modified_gmt":"2021-09-22T13:38:34","slug":"organizaciones-de-pescadores-artesanales-podran-optar-a-fondo-para-cubrir-gastos-basicos-y-operacionales","status":"publish","type":"post","link":"https:\/\/radiorevelacionfm.cl\/?p=8901","title":{"rendered":"Organizaciones de pescadores artesanales podr\u00e1n optar a fondo para cubrir gastos b\u00e1sicos y operacionales"},"content":{"rendered":"<div class=\"flex_column av_one_full  flex_column_div av-zero-column-padding first  avia-builder-el-0  el_before_av_one_full  avia-builder-el-first  \" style='border-radius:0px; '><div  class='avia-image-container  av-styling-    avia-builder-el-1  avia-builder-el-no-sibling  avia-align-center '  itemprop=\"image\" itemscope=\"itemscope\" itemtype=\"https:\/\/schema.org\/ImageObject\"  ><div class='avia-image-container-inner'><div class='avia-image-overlay-wrap'><img decoding=\"async\" class='wp-image-6866 avia-img-lazy-loading-not-6866 avia_image' src=\"https:\/\/radiorevelacionfm.cl\/wp-content\/uploads\/2021\/07\/Embarcaciones-2-1-1.jpg\" alt='' title='Embarcaciones 2 (1) (1)' height=\"600\" width=\"900\"  itemprop=\"thumbnailUrl\" srcset=\"https:\/\/radiorevelacionfm.cl\/wp-content\/uploads\/2021\/07\/Embarcaciones-2-1-1.jpg 900w, https:\/\/radiorevelacionfm.cl\/wp-content\/uploads\/2021\/07\/Embarcaciones-2-1-1-300x200.jpg 300w, https:\/\/radiorevelacionfm.cl\/wp-content\/uploads\/2021\/07\/Embarcaciones-2-1-1-768x512.jpg 768w, https:\/\/radiorevelacionfm.cl\/wp-content\/uploads\/2021\/07\/Embarcaciones-2-1-1-705x470.jpg 705w, https:\/\/radiorevelacionfm.cl\/wp-content\/uploads\/2021\/07\/Embarcaciones-2-1-1-600x400.jpg 600w\" sizes=\"(max-width: 900px) 100vw, 900px\" \/><\/div><\/div><\/div><\/div><div class=\"flex_column av_one_full  flex_column_div av-zero-column-padding first  avia-builder-el-2  el_after_av_one_full  el_before_av_one_full  column-top-margin\" style='border-radius:0px; '><section class=\"av_textblock_section \"  itemscope=\"itemscope\" itemtype=\"https:\/\/schema.org\/BlogPosting\" itemprop=\"blogPost\" ><div class='avia_textblock  '   itemprop=\"text\" ><p style=\"text-align: center;\"><strong><span style=\"font-size: 18pt;\">Organizaciones de pescadores artesanales podr\u00e1n optar a fondo para cubrir gastos b\u00e1sicos y operacionales<\/span><\/strong><\/p>\n<div id=\"gtx-trans\" style=\"position: absolute; left: -50px; top: 4.31534px;\">\n<div class=\"gtx-trans-icon\"><\/div>\n<\/div>\n<\/div><\/section><\/div><div class=\"flex_column av_one_full  flex_column_div av-zero-column-padding first  avia-builder-el-4  el_after_av_one_full  el_before_av_hr  column-top-margin\" style='border-radius:0px; '><section class=\"av_textblock_section \"  itemscope=\"itemscope\" itemtype=\"https:\/\/schema.org\/BlogPosting\" itemprop=\"blogPost\" ><div class='avia_textblock  '   itemprop=\"text\" ><p style=\"text-align: justify;\">La convocatoria especial involucra un aporte p\u00fablico de dos mil millones de pesos y se realiza a trav\u00e9s de la plataforma web\u00a0<a href=\"http:\/\/www.indespa.cl\/\" target=\"_blank\" rel=\"noopener\" data-saferedirecturl=\"https:\/\/www.google.com\/url?q=http:\/\/www.indespa.cl&amp;source=gmail&amp;ust=1632353729592000&amp;usg=AFQjCNHntPYnM0EJvlFqOUI8tvNs5XilZQ\">www.indespa.cl<\/a><\/p>\n<p style=\"text-align: justify;\">Hasta el 29 de septiembre pr\u00f3ximo los sindicatos, cooperativas y organizaciones de pescadores y pescadoras artesanales del pa\u00eds podr\u00e1n postular al fondo especial Gesti\u00f3n Operativa para Organizaciones de Pescadores Artesanales, dispuesto por el Gobierno con el fin de apoyarlas en su reactivaci\u00f3n frente a la baja de ingresos que muchas de ellas han sufrido producto de las\u00a0actuales condiciones sanitarias.<\/p>\n<p style=\"text-align: justify;\">El programa de apoyo comprende aportes para cada organizaci\u00f3n que var\u00edan entre los 200 mil y dos millones de pesos, sujetos a rendici\u00f3n y destinados a cubrir los costos operativos de las organizaciones como son cuentas de luz, agua, gas, telefon\u00eda, mano de obra, materiales de reparaci\u00f3n, patentes, entre otros.<\/p>\n<p style=\"text-align: justify;\">La convocatoria, ejecutada a trav\u00e9s del Instituto Nacional de Desarrollo Sustentable de la Pesca Artesanal y de la Acuicultura de Peque\u00f1a Escala, Indespa, se en enmarca en el plan especial de apoyo al sector impulsado a trav\u00e9s del Ministerio de Econom\u00eda, Fomento y Turismo, Subpesca, Sernapesca, Indespa, Sercotec, Fosis y la Direcci\u00f3n de Obras Portuarias.<\/p>\n<p style=\"text-align: justify;\">El Director Ejecutivo de Indespa, Jos\u00e9 Pedro N\u00fa\u00f1ez, explic\u00f3 que a nivel nacional operan en Chile 1.700 organizaciones que re\u00fanen a 57.102 pescadores, tripulantes, buzos y recolectores de orilla. \u201cEstas organizaciones tienen costos fijos o variables que, por efecto de la baja en sus niveles de venta a ra\u00edz de las cuarentenas, han visto afectada su capacidad econ\u00f3mica, y este fondo especial es un recurso fresco y directo que les ayudar\u00e1 a reactivar y continuar el correcto funcionamiento administrativo y operacional de sus caletas\u201d, subray\u00f3 N\u00fa\u00f1ez.<\/p>\n<p style=\"font-weight: 400; text-align: justify;\">La iniciativa es una de cuatro acciones especiales que ejecutar\u00e1 Indespa dentro del \u00faltimo trimestre 2021, como parte del plan de reactivaci\u00f3n para la pesca artesanal que impulsa el Gobierno. Estas medidas involucrar\u00e1n recursos por cerca de cuatro mil millones de pesos\u00a0y comprenden tambi\u00e9n un fondo de apoyo a\u00a0la\u00a0Gesti\u00f3n\u00a0Comercial con\u00a0recursos para la activaci\u00f3n de plantas de proceso y comercializaci\u00f3n;\u00a0un fondo individual\u00a0Capital Semilla Inicia,\u00a0para\u00a0apoyar\u00a0emprendimientos de tripulantes, buzos y recolectores de orilla,\u00a0y un fondo de\u00a0Indumentaria y material de trabajo, con financiamiento individual para\u00a0entregar\u00a0equipamiento a\u00a0recolectores de orilla, buzos y tripulantes.<\/p>\n<\/div><\/section><\/div><div  style='height:50px' class='hr hr-invisible   avia-builder-el-6  el_after_av_one_full  el_before_av_social_share '><span class='hr-inner ' ><span class='hr-inner-style'><\/span><\/span><\/div><\/p>\n<div  class='av-social-sharing-box  avia-builder-el-7  el_after_av_hr  el_before_av_hr  '><div class='av-share-box'><h5 class='av-share-link-description av-no-toc '>Compartir esta noticia<\/h5><ul class='av-share-box-list noLightbox'><li class='av-share-link av-social-link-facebook' ><a target=\"_blank\" aria-label=\"Compartir en Facebook\" href='https:\/\/www.facebook.com\/sharer.php?u=https:\/\/radiorevelacionfm.cl\/?p=8901&#038;t=Organizaciones%20de%20pescadores%20artesanales%20podr%C3%A1n%20optar%20a%20fondo%20para%20cubrir%20gastos%20b%C3%A1sicos%20y%20operacionales' aria-hidden='false' data-av_icon='\ue8f3' data-av_iconfont='entypo-fontello' title='' data-avia-related-tooltip='Compartir en Facebook' rel=\"noopener\"><span class='avia_hidden_link_text'>Compartir en Facebook<\/span><\/a><\/li><li class='av-share-link av-social-link-twitter' ><a target=\"_blank\" aria-label=\"Compartir en Twitter\" href='https:\/\/twitter.com\/share?text=Organizaciones%20de%20pescadores%20artesanales%20podr%C3%A1n%20optar%20a%20fondo%20para%20cubrir%20gastos%20b%C3%A1sicos%20y%20operacionales&#038;url=https:\/\/radiorevelacionfm.cl\/?p=8901' aria-hidden='false' data-av_icon='\ue8f1' data-av_iconfont='entypo-fontello' title='' data-avia-related-tooltip='Compartir en Twitter' rel=\"noopener\"><span class='avia_hidden_link_text'>Compartir en Twitter<\/span><\/a><\/li><li class='av-share-link av-social-link-whatsapp' ><a target=\"_blank\" aria-label=\"Compartir en Whatsapp\" href='https:\/\/api.whatsapp.com\/send?text=https:\/\/radiorevelacionfm.cl\/?p=8901' aria-hidden='false' data-av_icon='\uf232' data-av_iconfont='entypo-fontello' title='' data-avia-related-tooltip='Compartir en Whatsapp' rel=\"noopener\"><span class='avia_hidden_link_text'>Compartir en Whatsapp<\/span><\/a><\/li><li class='av-share-link av-social-link-linkedin' ><a target=\"_blank\" aria-label=\"Compartir en LinkedIn\" href='https:\/\/linkedin.com\/shareArticle?mini=true&#038;title=Organizaciones%20de%20pescadores%20artesanales%20podr%C3%A1n%20optar%20a%20fondo%20para%20cubrir%20gastos%20b%C3%A1sicos%20y%20operacionales&#038;url=https:\/\/radiorevelacionfm.cl\/?p=8901' aria-hidden='false' data-av_icon='\ue8fc' data-av_iconfont='entypo-fontello' title='' data-avia-related-tooltip='Compartir en LinkedIn' rel=\"noopener\"><span class='avia_hidden_link_text'>Compartir en LinkedIn<\/span><\/a><\/li><li class='av-share-link av-social-link-mail' ><a  aria-label=\"Compartir por correo\" href='mailto:?subject=Organizaciones%20de%20pescadores%20artesanales%20podr%C3%A1n%20optar%20a%20fondo%20para%20cubrir%20gastos%20b%C3%A1sicos%20y%20operacionales&#038;body=https:\/\/radiorevelacionfm.cl\/?p=8901' aria-hidden='false' data-av_icon='\ue805' data-av_iconfont='entypo-fontello' title='' data-avia-related-tooltip='Compartir por correo'><span class='avia_hidden_link_text'>Compartir por correo<\/span><\/a><\/li><\/ul><\/div><\/div>\n<div  style='height:50px' class='hr hr-invisible   avia-builder-el-8  el_after_av_social_share  el_before_av_comments_list '><span class='hr-inner ' ><span class='hr-inner-style'><\/span><\/span><\/div>\n<div  class='av-buildercomment  av-blog-meta-html-info-disabled av-blog-meta-tag-disabled  '><\/div>\n","protected":false},"excerpt":{"rendered":"","protected":false},"author":1,"featured_media":6866,"comment_status":"open","ping_status":"open","sticky":false,"template":"","format":"standard","meta":{"footnotes":""},"categories":[38],"tags":[],"class_list":["post-8901","post","type-post","status-publish","format-standard","has-post-thumbnail","hentry","category-regional"],"jetpack_featured_media_url":"https:\/\/radiorevelacionfm.cl\/wp-content\/uploads\/2021\/07\/Embarcaciones-2-1-1.jpg","_links":{"self":[{"href":"https:\/\/radiorevelacionfm.cl\/index.php?rest_route=\/wp\/v2\/posts\/8901","targetHints":{"allow":["GET"]}}],"collection":[{"href":"https:\/\/radiorevelacionfm.cl\/index.php?rest_route=\/wp\/v2\/posts"}],"about":[{"href":"https:\/\/radiorevelacionfm.cl\/index.php?rest_route=\/wp\/v2\/types\/post"}],"author":[{"embeddable":true,"href":"https:\/\/radiorevelacionfm.cl\/index.php?rest_route=\/wp\/v2\/users\/1"}],"replies":[{"embeddable":true,"href":"https:\/\/radiorevelacionfm.cl\/index.php?rest_route=%2Fwp%2Fv2%2Fcomments&post=8901"}],"version-history":[{"count":1,"href":"https:\/\/radiorevelacionfm.cl\/index.php?rest_route=\/wp\/v2\/posts\/8901\/revisions"}],"predecessor-version":[{"id":8902,"href":"https:\/\/radiorevelacionfm.cl\/index.php?rest_route=\/wp\/v2\/posts\/8901\/revisions\/8902"}],"wp:featuredmedia":[{"embeddable":true,"href":"https:\/\/radiorevelacionfm.cl\/index.php?rest_route=\/wp\/v2\/media\/6866"}],"wp:attachment":[{"href":"https:\/\/radiorevelacionfm.cl\/index.php?rest_route=%2Fwp%2Fv2%2Fmedia&parent=8901"}],"wp:term":[{"taxonomy":"category","embeddable":true,"href":"https:\/\/radiorevelacionfm.cl\/index.php?rest_route=%2Fwp%2Fv2%2Fcategories&post=8901"},{"taxonomy":"post_tag","embeddable":true,"href":"https:\/\/radiorevelacionfm.cl\/index.php?rest_route=%2Fwp%2Fv2%2Ftags&post=8901"}],"curies":[{"name":"wp","href":"https:\/\/api.w.org\/{rel}","templated":true}]}}