{"id":8898,"date":"2021-09-21T23:14:15","date_gmt":"2021-09-22T02:14:15","guid":{"rendered":"https:\/\/radiorevelacionfm.cl\/?p=8898"},"modified":"2021-09-21T23:14:15","modified_gmt":"2021-09-22T02:14:15","slug":"mas-de-90-emprendedores-regionales-fortalecieron-digitalizacion-de-sus-negocios-con-recursos-fndr","status":"publish","type":"post","link":"https:\/\/radiorevelacionfm.cl\/?p=8898","title":{"rendered":"M\u00e1s de 90 emprendedores regionales fortalecieron digitalizaci\u00f3n de sus negocios con recursos FNDR"},"content":{"rendered":"<div class=\"flex_column av_one_full  flex_column_div av-zero-column-padding first  avia-builder-el-0  el_before_av_one_full  avia-builder-el-first  \" style='border-radius:0px; '><div  class='avia-image-container  av-styling-    avia-builder-el-1  avia-builder-el-no-sibling  avia-align-center '  itemprop=\"image\" itemscope=\"itemscope\" itemtype=\"https:\/\/schema.org\/ImageObject\"  ><div class='avia-image-container-inner'><div class='avia-image-overlay-wrap'><img decoding=\"async\" class='wp-image-8899 avia-img-lazy-loading-not-8899 avia_image' src=\"https:\/\/radiorevelacionfm.cl\/wp-content\/uploads\/2021\/09\/1-Yo-Emprendo-Ferias-FNDR-1-1.jpg\" alt='' title='1 Yo Emprendo Ferias FNDR (1) (1)' height=\"600\" width=\"867\"  itemprop=\"thumbnailUrl\" srcset=\"https:\/\/radiorevelacionfm.cl\/wp-content\/uploads\/2021\/09\/1-Yo-Emprendo-Ferias-FNDR-1-1.jpg 867w, https:\/\/radiorevelacionfm.cl\/wp-content\/uploads\/2021\/09\/1-Yo-Emprendo-Ferias-FNDR-1-1-300x208.jpg 300w, https:\/\/radiorevelacionfm.cl\/wp-content\/uploads\/2021\/09\/1-Yo-Emprendo-Ferias-FNDR-1-1-768x531.jpg 768w, https:\/\/radiorevelacionfm.cl\/wp-content\/uploads\/2021\/09\/1-Yo-Emprendo-Ferias-FNDR-1-1-705x488.jpg 705w, https:\/\/radiorevelacionfm.cl\/wp-content\/uploads\/2021\/09\/1-Yo-Emprendo-Ferias-FNDR-1-1-600x415.jpg 600w\" sizes=\"(max-width: 867px) 100vw, 867px\" \/><\/div><\/div><\/div><\/div><div class=\"flex_column av_one_full  flex_column_div av-zero-column-padding first  avia-builder-el-2  el_after_av_one_full  el_before_av_one_full  column-top-margin\" style='border-radius:0px; '><section class=\"av_textblock_section \"  itemscope=\"itemscope\" itemtype=\"https:\/\/schema.org\/BlogPosting\" itemprop=\"blogPost\" ><div class='avia_textblock  '   itemprop=\"text\" ><p style=\"text-align: center;\"><strong><span style=\"font-size: 18pt;\">M\u00e1s de 90 emprendedores regionales fortalecieron digitalizaci\u00f3n de sus negocios con recursos FNDR<\/span><\/strong><\/p>\n<div id=\"gtx-trans\" style=\"position: absolute; left: -50px; top: 4.31534px;\">\n<div class=\"gtx-trans-icon\"><\/div>\n<\/div>\n<\/div><\/section><\/div><div class=\"flex_column av_one_full  flex_column_div av-zero-column-padding first  avia-builder-el-4  el_after_av_one_full  el_before_av_hr  column-top-margin\" style='border-radius:0px; '><section class=\"av_textblock_section \"  itemscope=\"itemscope\" itemtype=\"https:\/\/schema.org\/BlogPosting\" itemprop=\"blogPost\" ><div class='avia_textblock  '   itemprop=\"text\" ><p style=\"text-align: justify;\">El programa \u201cYo Emprendo Ferias FNDR\u201d es ejecutado por el Fondo de Solidaridad e Inversi\u00f3n Social, FOSIS, con el apoyo de Emprediem y financiado gracias a recursos aprobados por el Gobierno Regional de Ays\u00e9n y su Consejo, a trav\u00e9s del Fondo Nacional de Desarrollo Regional.<\/p>\n<p style=\"text-align: justify;\">La ceremonia se llev\u00f3 a cabo en el Centro Cultural de Coyhaique y v\u00eda remota, lo que permiti\u00f3 la participaci\u00f3n de emprendedores y emprendedoras de distintas localidades de la regi\u00f3n de Ays\u00e9n, quienes fueron parte de este programa. El evento estuvo acompa\u00f1ado de una exposici\u00f3n presencial donde distintos emprendedores locales mostraron sus productos y contaron su experiencia de participaci\u00f3n en el programa.<\/p>\n<p style=\"text-align: justify;\">En el contexto de esta iniciativa se han llevado a cabo 5 ferias presenciales y remotas, junto con distintas actividades para potenciar emprendimientos en espacios digitales, a trav\u00e9s de asesor\u00edas y talleres enfocados en mejoramiento fotogr\u00e1fico, marketing digital y plan de financiamiento; pudiendo llevar los aprendizajes a la pr\u00e1ctica mediante una plataforma de comercializaci\u00f3n o vitrinas virtual del FOSIS.<\/p>\n<p style=\"text-align: justify;\">Margarita Anti\u00f1anco, Orfebre y emprendedora de Coyhaique, quien trabaja hace a\u00f1os confeccionando joyas de plata, cobre y alpaca; valor\u00f3 positivamente su experiencia en esta iniciativa. \u201cEn este programa he aprendido mucho sobre las redes sociales, porque uno colocaba una foto y trataba de ofrecer as\u00ed su producto, pero ahora tengo una p\u00e1gina en Instagram y en Facebook, donde puedo vender mis productos hacia toda la regi\u00f3n, incluso afuera. Me ha ayudado mucho este programa para mostrar mi emprendimiento, sacar nuevas fotos y usar mi logo. Me gust\u00f3 mucho este programa y ha sido muy enriquecedor tambi\u00e9n conocer a otros emprendedores de la regi\u00f3n.\u201d<\/p>\n<p style=\"text-align: justify;\">La Gobernadora Regional de Ays\u00e9n, Andrea Mac\u00edas, asegur\u00f3 que \u201ccomo Gobierno Regional estamos muy contentos de participar en la finalizaci\u00f3n de este programa. Fueron m\u00e1s de 200 millones de pesos, una inversi\u00f3n importante que se realiza en las personas, en emprendedores y emprendedoras de toda la regi\u00f3n de Ays\u00e9n para lograr una ventana hacia el mundo en el contexto en que hoy vivimos, donde resulta de gran valor para aumentar las ventas y tambi\u00e9n para generar procesos de aprendizaje y asociatividad entre los y las emprendedoras, no s\u00f3lo de la regi\u00f3n de Ays\u00e9n sino para salir a Chile y el mundo a trav\u00e9s de estas ferias. Como Gobierno Regional estamos muy contentos de poder aportar a que estos programas se ejecuten y es la l\u00ednea de trabajo que hemos manifestado que requerimos poder tener.\u201d<\/p>\n<p style=\"text-align: justify;\">Dominique Br\u00e4utigam, Directora Regional del FOSIS en Ays\u00e9n, destac\u00f3 que \u201choy estamos culminando una etapa del trabajo colaborativo con Emprendiem, junto a nuestros emprendedores, gracias al programa Yo Emprendo Ferias FNDR, donde nos apoy\u00f3 el Gobierno Regional de Ays\u00e9n junto a su Consejo, lo que posibilit\u00f3 llevar a cabo distintas ferias y preparar a nuestros emprendedores para fortalecer la comercializaci\u00f3n digital a trav\u00e9s de capacitaciones, rondas de negocios y distintas instancias que hoy les permiten empoderarse y tener las herramientas necesarias para potenciar la comercializaci\u00f3n digital. Fue una ceremonia llena de alegr\u00eda y motivaci\u00f3n donde logramos fortalecer el trabajo en equipo y reflejar la importancia de la asociatividad y colaboraci\u00f3n entre emprendedores que son parte de los programas del FOSIS.\u201d<\/p>\n<p style=\"text-align: justify;\">El Seremi de Desarrollo Social y Familia, Marcelo J\u00e9lvez, por su parte manifest\u00f3 que \u201cla pandemia tambi\u00e9n ha provocado que se ponga en valor las vitrinas digitales ligadas al comercio electr\u00f3nico, que han masificado la forma de potenciar el contacto entre el productor y el cliente v\u00eda web y, en esto, el Fondo de Solidaridad e Inversi\u00f3n Social ha sido fundamental, porque ha logrado ver la oportunidad y, gracias al Consejo Regional de Ays\u00e9n, se ha financiado una plataforma que ha sido clave para poner los productos de Ays\u00e9n en alcance nacional e internacional. Hay talento en nuestro territorio y esto est\u00e1 demostrado en la variedad de manufacturas, artesan\u00edas, alimentos, juguetes, etc\u00e9tera. Todos ellos en l\u00ednea y a un clic de distancia\u201d.<\/p>\n<p style=\"text-align: justify;\">El programa Yo Emprendo Ferias FNDR a\u00fan contempla la realizaci\u00f3n de 2 ferias, junto con un cat\u00e1logo digital de productos y servicios donde estar\u00e1n presente todas las emprendedoras y emprendedores que fueron parte de esta iniciativa.<\/p>\n<\/div><\/section><\/div><div  style='height:50px' class='hr hr-invisible   avia-builder-el-6  el_after_av_one_full  el_before_av_social_share '><span class='hr-inner ' ><span class='hr-inner-style'><\/span><\/span><\/div><\/p>\n<div  class='av-social-sharing-box  avia-builder-el-7  el_after_av_hr  el_before_av_hr  '><div class='av-share-box'><h5 class='av-share-link-description av-no-toc '>Compartir esta noticia<\/h5><ul class='av-share-box-list noLightbox'><li class='av-share-link av-social-link-facebook' ><a target=\"_blank\" aria-label=\"Compartir en Facebook\" href='https:\/\/www.facebook.com\/sharer.php?u=https:\/\/radiorevelacionfm.cl\/?p=8898&#038;t=M%C3%A1s%20de%2090%20emprendedores%20regionales%20fortalecieron%20digitalizaci%C3%B3n%20de%20sus%20negocios%20con%20recursos%20FNDR' aria-hidden='false' data-av_icon='\ue8f3' data-av_iconfont='entypo-fontello' title='' data-avia-related-tooltip='Compartir en Facebook' rel=\"noopener\"><span class='avia_hidden_link_text'>Compartir en Facebook<\/span><\/a><\/li><li class='av-share-link av-social-link-twitter' ><a target=\"_blank\" aria-label=\"Compartir en Twitter\" href='https:\/\/twitter.com\/share?text=M%C3%A1s%20de%2090%20emprendedores%20regionales%20fortalecieron%20digitalizaci%C3%B3n%20de%20sus%20negocios%20con%20recursos%20FNDR&#038;url=https:\/\/radiorevelacionfm.cl\/?p=8898' aria-hidden='false' data-av_icon='\ue8f1' data-av_iconfont='entypo-fontello' title='' data-avia-related-tooltip='Compartir en Twitter' rel=\"noopener\"><span class='avia_hidden_link_text'>Compartir en Twitter<\/span><\/a><\/li><li class='av-share-link av-social-link-whatsapp' ><a target=\"_blank\" aria-label=\"Compartir en Whatsapp\" href='https:\/\/api.whatsapp.com\/send?text=https:\/\/radiorevelacionfm.cl\/?p=8898' aria-hidden='false' data-av_icon='\uf232' data-av_iconfont='entypo-fontello' title='' data-avia-related-tooltip='Compartir en Whatsapp' rel=\"noopener\"><span class='avia_hidden_link_text'>Compartir en Whatsapp<\/span><\/a><\/li><li class='av-share-link av-social-link-linkedin' ><a target=\"_blank\" aria-label=\"Compartir en LinkedIn\" href='https:\/\/linkedin.com\/shareArticle?mini=true&#038;title=M%C3%A1s%20de%2090%20emprendedores%20regionales%20fortalecieron%20digitalizaci%C3%B3n%20de%20sus%20negocios%20con%20recursos%20FNDR&#038;url=https:\/\/radiorevelacionfm.cl\/?p=8898' aria-hidden='false' data-av_icon='\ue8fc' data-av_iconfont='entypo-fontello' title='' data-avia-related-tooltip='Compartir en LinkedIn' rel=\"noopener\"><span class='avia_hidden_link_text'>Compartir en LinkedIn<\/span><\/a><\/li><li class='av-share-link av-social-link-mail' ><a  aria-label=\"Compartir por correo\" href='mailto:?subject=M%C3%A1s%20de%2090%20emprendedores%20regionales%20fortalecieron%20digitalizaci%C3%B3n%20de%20sus%20negocios%20con%20recursos%20FNDR&#038;body=https:\/\/radiorevelacionfm.cl\/?p=8898' aria-hidden='false' data-av_icon='\ue805' data-av_iconfont='entypo-fontello' title='' data-avia-related-tooltip='Compartir por correo'><span class='avia_hidden_link_text'>Compartir por correo<\/span><\/a><\/li><\/ul><\/div><\/div>\n<div  style='height:50px' class='hr hr-invisible   avia-builder-el-8  el_after_av_social_share  el_before_av_comments_list '><span class='hr-inner ' ><span class='hr-inner-style'><\/span><\/span><\/div>\n<div  class='av-buildercomment  av-blog-meta-html-info-disabled av-blog-meta-tag-disabled  '><\/div>\n","protected":false},"excerpt":{"rendered":"","protected":false},"author":1,"featured_media":8899,"comment_status":"open","ping_status":"open","sticky":false,"template":"","format":"standard","meta":{"footnotes":""},"categories":[38],"tags":[],"class_list":["post-8898","post","type-post","status-publish","format-standard","has-post-thumbnail","hentry","category-regional"],"jetpack_featured_media_url":"https:\/\/radiorevelacionfm.cl\/wp-content\/uploads\/2021\/09\/1-Yo-Emprendo-Ferias-FNDR-1-1.jpg","_links":{"self":[{"href":"https:\/\/radiorevelacionfm.cl\/index.php?rest_route=\/wp\/v2\/posts\/8898","targetHints":{"allow":["GET"]}}],"collection":[{"href":"https:\/\/radiorevelacionfm.cl\/index.php?rest_route=\/wp\/v2\/posts"}],"about":[{"href":"https:\/\/radiorevelacionfm.cl\/index.php?rest_route=\/wp\/v2\/types\/post"}],"author":[{"embeddable":true,"href":"https:\/\/radiorevelacionfm.cl\/index.php?rest_route=\/wp\/v2\/users\/1"}],"replies":[{"embeddable":true,"href":"https:\/\/radiorevelacionfm.cl\/index.php?rest_route=%2Fwp%2Fv2%2Fcomments&post=8898"}],"version-history":[{"count":1,"href":"https:\/\/radiorevelacionfm.cl\/index.php?rest_route=\/wp\/v2\/posts\/8898\/revisions"}],"predecessor-version":[{"id":8900,"href":"https:\/\/radiorevelacionfm.cl\/index.php?rest_route=\/wp\/v2\/posts\/8898\/revisions\/8900"}],"wp:featuredmedia":[{"embeddable":true,"href":"https:\/\/radiorevelacionfm.cl\/index.php?rest_route=\/wp\/v2\/media\/8899"}],"wp:attachment":[{"href":"https:\/\/radiorevelacionfm.cl\/index.php?rest_route=%2Fwp%2Fv2%2Fmedia&parent=8898"}],"wp:term":[{"taxonomy":"category","embeddable":true,"href":"https:\/\/radiorevelacionfm.cl\/index.php?rest_route=%2Fwp%2Fv2%2Fcategories&post=8898"},{"taxonomy":"post_tag","embeddable":true,"href":"https:\/\/radiorevelacionfm.cl\/index.php?rest_route=%2Fwp%2Fv2%2Ftags&post=8898"}],"curies":[{"name":"wp","href":"https:\/\/api.w.org\/{rel}","templated":true}]}}