{"id":8892,"date":"2021-09-21T22:32:38","date_gmt":"2021-09-22T01:32:38","guid":{"rendered":"https:\/\/radiorevelacionfm.cl\/?p=8892"},"modified":"2021-09-21T22:32:38","modified_gmt":"2021-09-22T01:32:38","slug":"autoridades-valoran-proyecto-de-ley-que-busca-mejorar-las-pensiones-de-los-adultos-mayores","status":"publish","type":"post","link":"https:\/\/radiorevelacionfm.cl\/?p=8892","title":{"rendered":"Autoridades valoran proyecto de Ley que busca mejorar las pensiones de los adultos mayores"},"content":{"rendered":"<div class=\"flex_column av_one_full  flex_column_div av-zero-column-padding first  avia-builder-el-0  el_before_av_one_full  avia-builder-el-first  \" style='border-radius:0px; '><div  class='avia-image-container  av-styling-    avia-builder-el-1  avia-builder-el-no-sibling  avia-align-center '  itemprop=\"image\" itemscope=\"itemscope\" itemtype=\"https:\/\/schema.org\/ImageObject\"  ><div class='avia-image-container-inner'><div class='avia-image-overlay-wrap'><img decoding=\"async\" class='wp-image-8893 avia-img-lazy-loading-not-8893 avia_image' src=\"https:\/\/radiorevelacionfm.cl\/wp-content\/uploads\/2021\/09\/Delegada-Presidencial-2021-09-21a-1-1.jpg\" alt='' title='Delegada Presidencial 2021-09-21a (1) (1)' height=\"600\" width=\"1215\"  itemprop=\"thumbnailUrl\" srcset=\"https:\/\/radiorevelacionfm.cl\/wp-content\/uploads\/2021\/09\/Delegada-Presidencial-2021-09-21a-1-1.jpg 1215w, https:\/\/radiorevelacionfm.cl\/wp-content\/uploads\/2021\/09\/Delegada-Presidencial-2021-09-21a-1-1-300x148.jpg 300w, https:\/\/radiorevelacionfm.cl\/wp-content\/uploads\/2021\/09\/Delegada-Presidencial-2021-09-21a-1-1-1030x509.jpg 1030w, https:\/\/radiorevelacionfm.cl\/wp-content\/uploads\/2021\/09\/Delegada-Presidencial-2021-09-21a-1-1-768x379.jpg 768w, https:\/\/radiorevelacionfm.cl\/wp-content\/uploads\/2021\/09\/Delegada-Presidencial-2021-09-21a-1-1-705x348.jpg 705w, https:\/\/radiorevelacionfm.cl\/wp-content\/uploads\/2021\/09\/Delegada-Presidencial-2021-09-21a-1-1-600x296.jpg 600w\" sizes=\"(max-width: 1215px) 100vw, 1215px\" \/><\/div><\/div><\/div><\/div><div class=\"flex_column av_one_full  flex_column_div av-zero-column-padding first  avia-builder-el-2  el_after_av_one_full  el_before_av_one_full  column-top-margin\" style='border-radius:0px; '><section class=\"av_textblock_section \"  itemscope=\"itemscope\" itemtype=\"https:\/\/schema.org\/BlogPosting\" itemprop=\"blogPost\" ><div class='avia_textblock  '   itemprop=\"text\" ><p style=\"text-align: center;\"><strong><span style=\"font-size: 18pt;\">Autoridades valoran proyecto de Ley que busca mejorar las pensiones de los adultos mayores<\/span><\/strong><\/p>\n<div id=\"gtx-trans\" style=\"position: absolute; left: -50px; top: 4.31534px;\">\n<div class=\"gtx-trans-icon\"><\/div>\n<\/div>\n<\/div><\/section><\/div><div class=\"flex_column av_one_full  flex_column_div av-zero-column-padding first  avia-builder-el-4  el_after_av_one_full  el_before_av_hr  column-top-margin\" style='border-radius:0px; '><section class=\"av_textblock_section \"  itemscope=\"itemscope\" itemtype=\"https:\/\/schema.org\/BlogPosting\" itemprop=\"blogPost\" ><div class='avia_textblock  '   itemprop=\"text\" ><p style=\"text-align: justify;\">La iniciativa, que ahora deber\u00e1 ser revisada en el Congreso, busca aumentar la cobertura de la Pensi\u00f3n B\u00e1sica Solidaria del 60% al 80%, el monto de la misma hasta $178 mil y establecer un nuevo seguro de lagunas para las personas cesantes.<\/p>\n<p style=\"text-align: justify;\">Como un \u201cpaso adelante en materia de pensiones\u201d explic\u00f3 la Delegada Presidencial Regional de Ays\u00e9n, Margarita Ossa Rojas, la firma del proyecto de reforma de pensiones para mejorar los ingresos de los jubilados, en especial, de las mujeres y de la clase media efectuada ayer por el Presidente Sebasti\u00e1n Pi\u00f1era.<\/p>\n<p style=\"text-align: justify;\">El proyecto busca en lo medular, a trav\u00e9s de tres pilares, primero, fortalecer el sistema de pensiones solidarias, segundo, establecer un seguro de lagunas para las personas cesantes y as\u00ed proteger a quienes no coticen en el Fondo de Cesant\u00eda Solidario, y en tercer t\u00e9rmino, financiar dicha reforma mediante la eliminaci\u00f3n y\/o restricci\u00f3n de exenciones tributarias vigentes.<\/p>\n<p style=\"text-align: justify;\">Seg\u00fan explic\u00f3 la Delegada Presidencial Regional de Ays\u00e9n, Margarita Ossa Rojas, \u201clo que est\u00e1 impulsando nuestro Gobierno es muy valioso para la actual y tambi\u00e9n futuras generaciones, con esta propuesta de mejora a las pensiones que sin duda es tan necesaria. Lo dijimos muchas veces, esto era algo de lo cual nos deb\u00edamos hacer cargo y lo estamos haciendo; y esperamos que toda la clase pol\u00edtica en su conjunto entienda que esto no puede esperar m\u00e1s; m\u00e1s si tenemos en cuenta que las mejoras propuestas son indiscutiblemente un paso adelante y que en nuestro caso tendr\u00eda mejoras sustanciales para casi 10 mil personas\u201d, dijo.<\/p>\n<p style=\"text-align: justify;\">Por su parte, la seremi del Trabajo y Previsi\u00f3n Social Andrea Ponce, explic\u00f3 que actualmente \u201cen nuestra Regi\u00f3n de Ays\u00e9n reciben la Pensi\u00f3n B\u00e1sica Solidaria del Estado, 3.534 personas, aumentando a $178 mil sus pensiones si se aprueba esta reforma, para estar sobre la l\u00ednea de la pobreza; a ellos se suman 6.557 que reciben actualmente el Aporte Previsional Solidario que corresponde a los pensionados de hasta el 60% del Registro Social de Hogares (RSH)\u201d agregando que \u201ccon este proyecto de ley corta de pensiones, se aumentar\u00eda a un 80% de los pensionados seg\u00fan el RSH. Junto a ello, queremos destacar que se busca subsidiar a quienes tienen actualmente lagunas previsionales a causa de no tener empleo, para as\u00ed apoyarlos para obtener una mejor pensi\u00f3n a futuro, a trav\u00e9s de un seguro, lo cual es y era un gran anhelo. Recordemos que hace dos a\u00f1os el Gobierno aument\u00f3 gran parte de las pensiones del Pilar Solidario en un 50%, lo cual gradualmente ir\u00e1 abarcando a todos los pensionados a enero del 2022\u201d, concluy\u00f3.<\/p>\n<\/div><\/section><\/div><div  style='height:50px' class='hr hr-invisible   avia-builder-el-6  el_after_av_one_full  el_before_av_social_share '><span class='hr-inner ' ><span class='hr-inner-style'><\/span><\/span><\/div><\/p>\n<div  class='av-social-sharing-box  avia-builder-el-7  el_after_av_hr  el_before_av_hr  '><div class='av-share-box'><h5 class='av-share-link-description av-no-toc '>Compartir esta noticia<\/h5><ul class='av-share-box-list noLightbox'><li class='av-share-link av-social-link-facebook' ><a target=\"_blank\" aria-label=\"Compartir en Facebook\" href='https:\/\/www.facebook.com\/sharer.php?u=https:\/\/radiorevelacionfm.cl\/?p=8892&#038;t=Autoridades%20valoran%20proyecto%20de%20Ley%20que%20busca%20mejorar%20las%20pensiones%20de%20los%20adultos%20mayores' aria-hidden='false' data-av_icon='\ue8f3' data-av_iconfont='entypo-fontello' title='' data-avia-related-tooltip='Compartir en Facebook' rel=\"noopener\"><span class='avia_hidden_link_text'>Compartir en Facebook<\/span><\/a><\/li><li class='av-share-link av-social-link-twitter' ><a target=\"_blank\" aria-label=\"Compartir en Twitter\" href='https:\/\/twitter.com\/share?text=Autoridades%20valoran%20proyecto%20de%20Ley%20que%20busca%20mejorar%20las%20pensiones%20de%20los%20adultos%20mayores&#038;url=https:\/\/radiorevelacionfm.cl\/?p=8892' aria-hidden='false' data-av_icon='\ue8f1' data-av_iconfont='entypo-fontello' title='' data-avia-related-tooltip='Compartir en Twitter' rel=\"noopener\"><span class='avia_hidden_link_text'>Compartir en Twitter<\/span><\/a><\/li><li class='av-share-link av-social-link-whatsapp' ><a target=\"_blank\" aria-label=\"Compartir en Whatsapp\" href='https:\/\/api.whatsapp.com\/send?text=https:\/\/radiorevelacionfm.cl\/?p=8892' aria-hidden='false' data-av_icon='\uf232' data-av_iconfont='entypo-fontello' title='' data-avia-related-tooltip='Compartir en Whatsapp' rel=\"noopener\"><span class='avia_hidden_link_text'>Compartir en Whatsapp<\/span><\/a><\/li><li class='av-share-link av-social-link-linkedin' ><a target=\"_blank\" aria-label=\"Compartir en LinkedIn\" href='https:\/\/linkedin.com\/shareArticle?mini=true&#038;title=Autoridades%20valoran%20proyecto%20de%20Ley%20que%20busca%20mejorar%20las%20pensiones%20de%20los%20adultos%20mayores&#038;url=https:\/\/radiorevelacionfm.cl\/?p=8892' aria-hidden='false' data-av_icon='\ue8fc' data-av_iconfont='entypo-fontello' title='' data-avia-related-tooltip='Compartir en LinkedIn' rel=\"noopener\"><span class='avia_hidden_link_text'>Compartir en LinkedIn<\/span><\/a><\/li><li class='av-share-link av-social-link-mail' ><a  aria-label=\"Compartir por correo\" href='mailto:?subject=Autoridades%20valoran%20proyecto%20de%20Ley%20que%20busca%20mejorar%20las%20pensiones%20de%20los%20adultos%20mayores&#038;body=https:\/\/radiorevelacionfm.cl\/?p=8892' aria-hidden='false' data-av_icon='\ue805' data-av_iconfont='entypo-fontello' title='' data-avia-related-tooltip='Compartir por correo'><span class='avia_hidden_link_text'>Compartir por correo<\/span><\/a><\/li><\/ul><\/div><\/div>\n<div  style='height:50px' class='hr hr-invisible   avia-builder-el-8  el_after_av_social_share  el_before_av_comments_list '><span class='hr-inner ' ><span class='hr-inner-style'><\/span><\/span><\/div>\n<div  class='av-buildercomment  av-blog-meta-html-info-disabled av-blog-meta-tag-disabled  '><\/div>\n","protected":false},"excerpt":{"rendered":"","protected":false},"author":1,"featured_media":8893,"comment_status":"open","ping_status":"open","sticky":false,"template":"","format":"standard","meta":{"footnotes":""},"categories":[38],"tags":[],"class_list":["post-8892","post","type-post","status-publish","format-standard","has-post-thumbnail","hentry","category-regional"],"jetpack_featured_media_url":"https:\/\/radiorevelacionfm.cl\/wp-content\/uploads\/2021\/09\/Delegada-Presidencial-2021-09-21a-1-1.jpg","_links":{"self":[{"href":"https:\/\/radiorevelacionfm.cl\/index.php?rest_route=\/wp\/v2\/posts\/8892","targetHints":{"allow":["GET"]}}],"collection":[{"href":"https:\/\/radiorevelacionfm.cl\/index.php?rest_route=\/wp\/v2\/posts"}],"about":[{"href":"https:\/\/radiorevelacionfm.cl\/index.php?rest_route=\/wp\/v2\/types\/post"}],"author":[{"embeddable":true,"href":"https:\/\/radiorevelacionfm.cl\/index.php?rest_route=\/wp\/v2\/users\/1"}],"replies":[{"embeddable":true,"href":"https:\/\/radiorevelacionfm.cl\/index.php?rest_route=%2Fwp%2Fv2%2Fcomments&post=8892"}],"version-history":[{"count":1,"href":"https:\/\/radiorevelacionfm.cl\/index.php?rest_route=\/wp\/v2\/posts\/8892\/revisions"}],"predecessor-version":[{"id":8894,"href":"https:\/\/radiorevelacionfm.cl\/index.php?rest_route=\/wp\/v2\/posts\/8892\/revisions\/8894"}],"wp:featuredmedia":[{"embeddable":true,"href":"https:\/\/radiorevelacionfm.cl\/index.php?rest_route=\/wp\/v2\/media\/8893"}],"wp:attachment":[{"href":"https:\/\/radiorevelacionfm.cl\/index.php?rest_route=%2Fwp%2Fv2%2Fmedia&parent=8892"}],"wp:term":[{"taxonomy":"category","embeddable":true,"href":"https:\/\/radiorevelacionfm.cl\/index.php?rest_route=%2Fwp%2Fv2%2Fcategories&post=8892"},{"taxonomy":"post_tag","embeddable":true,"href":"https:\/\/radiorevelacionfm.cl\/index.php?rest_route=%2Fwp%2Fv2%2Ftags&post=8892"}],"curies":[{"name":"wp","href":"https:\/\/api.w.org\/{rel}","templated":true}]}}