{"id":8889,"date":"2021-09-21T22:14:25","date_gmt":"2021-09-22T01:14:25","guid":{"rendered":"https:\/\/radiorevelacionfm.cl\/?p=8889"},"modified":"2021-09-21T22:14:25","modified_gmt":"2021-09-22T01:14:25","slug":"corfo-lanzo-programa-para-capacitar-a-guias-en-turismo-de-montana","status":"publish","type":"post","link":"https:\/\/radiorevelacionfm.cl\/?p=8889","title":{"rendered":"Corfo lanz\u00f3 programa para capacitar a Gu\u00edas en Turismo de Monta\u00f1a"},"content":{"rendered":"<div class=\"flex_column av_one_full  flex_column_div av-zero-column-padding first  avia-builder-el-0  el_before_av_one_full  avia-builder-el-first  \" style='border-radius:0px; '><div  class='avia-image-container  av-styling-    avia-builder-el-1  avia-builder-el-no-sibling  avia-align-center '  itemprop=\"image\" itemscope=\"itemscope\" itemtype=\"https:\/\/schema.org\/ImageObject\"  ><div class='avia-image-container-inner'><div class='avia-image-overlay-wrap'><img decoding=\"async\" class='wp-image-8890 avia-img-lazy-loading-not-8890 avia_image' src=\"https:\/\/radiorevelacionfm.cl\/wp-content\/uploads\/2021\/09\/corfoaysen-trekking-210921-1_optimized.jpg\" alt='' title='corfoays\u00e9n---trekking-210921-(1)_optimized' height=\"600\" width=\"900\"  itemprop=\"thumbnailUrl\" srcset=\"https:\/\/radiorevelacionfm.cl\/wp-content\/uploads\/2021\/09\/corfoaysen-trekking-210921-1_optimized.jpg 900w, https:\/\/radiorevelacionfm.cl\/wp-content\/uploads\/2021\/09\/corfoaysen-trekking-210921-1_optimized-300x200.jpg 300w, https:\/\/radiorevelacionfm.cl\/wp-content\/uploads\/2021\/09\/corfoaysen-trekking-210921-1_optimized-768x512.jpg 768w, https:\/\/radiorevelacionfm.cl\/wp-content\/uploads\/2021\/09\/corfoaysen-trekking-210921-1_optimized-705x470.jpg 705w, https:\/\/radiorevelacionfm.cl\/wp-content\/uploads\/2021\/09\/corfoaysen-trekking-210921-1_optimized-600x400.jpg 600w\" sizes=\"(max-width: 900px) 100vw, 900px\" \/><\/div><\/div><\/div><\/div><div class=\"flex_column av_one_full  flex_column_div av-zero-column-padding first  avia-builder-el-2  el_after_av_one_full  el_before_av_one_full  column-top-margin\" style='border-radius:0px; '><section class=\"av_textblock_section \"  itemscope=\"itemscope\" itemtype=\"https:\/\/schema.org\/BlogPosting\" itemprop=\"blogPost\" ><div class='avia_textblock  '   itemprop=\"text\" ><p style=\"text-align: center;\"><strong><span style=\"font-size: 18pt;\">Corfo lanz\u00f3 programa para capacitar a Gu\u00edas en Turismo de Monta\u00f1a <\/span><\/strong><\/p>\n<div id=\"gtx-trans\" style=\"position: absolute; left: -50px; top: 4.31534px;\">\n<div class=\"gtx-trans-icon\"><\/div>\n<\/div>\n<\/div><\/section><\/div><div class=\"flex_column av_one_full  flex_column_div av-zero-column-padding first  avia-builder-el-4  el_after_av_one_full  el_before_av_hr  column-top-margin\" style='border-radius:0px; '><section class=\"av_textblock_section \"  itemscope=\"itemscope\" itemtype=\"https:\/\/schema.org\/BlogPosting\" itemprop=\"blogPost\" ><div class='avia_textblock  '   itemprop=\"text\" ><p style=\"text-align: justify;\">Corfo lanz\u00f3 la convocatoria para postular al\u00a0<strong><a href=\"https:\/\/www.corfo.cl\/sites\/becascapitalhumano\/convocatorias\/trekking_y_excursionismo\" data-saferedirecturl=\"https:\/\/www.google.com\/url?q=https:\/\/www.corfo.cl\/sites\/becascapitalhumano\/convocatorias\/trekking_y_excursionismo&amp;source=gmail&amp;ust=1632353734248000&amp;usg=AFQjCNGPLuCRoaLOr0KpqMVDL9xkO_EgXQ\">\u201cCurso\u00a0Especializaci\u00f3n Gu\u00edas en Ambiente de Monta\u00f1a para la Actividad de Excursionismo y Trekking\u201d<\/a><\/strong>, iniciativa liderada por la Corporaci\u00f3n y que busca capacitar a gu\u00edas chilenos que cuenten con experiencia en trekking de turismo de aventura y monta\u00f1a, espec\u00edficamente.<\/p>\n<p style=\"text-align: justify;\">\u201cHoy en Chile el sector de aventura presenta grandes desaf\u00edos en materia de capital humano, por ejemplo, el n\u00famero de gu\u00edas con certificaci\u00f3n profesional UIMLA (Union of International Mountain Leader Associations)\u00a0es muy bajo en comparaci\u00f3n con nuestros pa\u00edses vecinos. Desde Corfo lanzamos un Plan Nacional de Turismo de Monta\u00f1a para aprovechar los enormes beneficios de nuestra cordillera, y para ello necesitamos posicionar a Chile como un destino seguro y de calidad mundial, que contribuya<em>\u00a0<\/em>a un desarrollo tur\u00edstico sostenible.\u00a0Invitamos a todos los gu\u00edas con experiencia en este sector a participar del curso que ser\u00e1 una herramienta fundamental para que puedan profesionalizarse\u201d, indic\u00f3 el vicepresidente ejecutivo de Corfo, Pablo Terrazas.<\/p>\n<p style=\"text-align: justify;\">Dicho curso, ser\u00e1 impartido por la Universidad Andr\u00e9s Bello, tiene 100 cupos y se espera que los beneficiarios adquieran conocimientos en: guiado y conducci\u00f3n de grupos en \u00e1reas remotas; supervivencia (construcci\u00f3n de refugios, purificaci\u00f3n del agua, obtenci\u00f3n de alimentos y otros); meteorolog\u00eda y geograf\u00eda; prevenci\u00f3n, b\u00fasqueda y rescate en nieve y avalanchas; y, a su vez, capacitarse y certificarse en WFR (Wilderness First Responder), curso de primeros auxilios en zonas agrestes.<\/p>\n<p style=\"text-align: justify;\">Por su parte, el subsecretario de Turismo, Jos\u00e9 Luis Uriarte, destac\u00f3 el trabajo colaborativo, entre Corfo y la instituci\u00f3n que lidera, que dio pie a la iniciativa y destac\u00f3 la relevancia de esta para el turismo. \u201cA nivel global somos un destino reconocido por su naturaleza y experiencias de turismo aventuras. Prueba de ello, son los m\u00faltiples premios que hemos recibido. Para avanzar en el fortalecimiento de nuestra oferta es esencial profesionalizar el capital humano, que es justamente a lo que apunta este programa. En este mismo sentido, entregar una experiencia segura es clave y en esto los gu\u00edas tienen un rol preponderante, especialmente en un entorno como la monta\u00f1a, que si bien ofrece una oportunidad de conexi\u00f3n \u00fanica con la naturaleza, tambi\u00e9n conlleva riesgos que pueden ser reducidos si se cuenta con el conocimiento adecuado\u201d.<\/p>\n<p style=\"text-align: justify;\">El valor de este curso es de $2.300.000, de los cuales Corfo cofinanciar\u00e1 el 90% y el 10% restante lo deber\u00e1n pagar los beneficiarios.<\/p>\n<p style=\"text-align: justify;\">Cabe destacar que los gu\u00edas que participen del curso y que cumplan los requisitos de asistencia y acad\u00e9micos podr\u00e1n obtener: Certificado Internacional de Aprobaci\u00f3n WFR por National Association for Search and Rescue NASAR; Certificado de Aprobaci\u00f3n de Reanimaci\u00f3n Cardiopulmonar y uso de DEA otorgado Emergency Care and Safety Institute (ECSI) American Academy of Orthopaedic Surgeons (AAOS) Y ACEP American College of Emergency Physicians (ACEP); Certificado de B- CON (Bleeding Control) Manejo de Hemorragias otorgado por American College Of Surgeons Committee On Trauma; y Certificado ITRA (Asociaci\u00f3n Internacional de Rescate T\u00e9cnico).<\/p>\n<p style=\"text-align: justify;\">La convocatoria estar\u00e1 abierta hasta el 30 de septiembre y los interesados en postular deber\u00e1n visitar el siguiente link:\u00a0<a href=\"http:\/\/www.becascapitalhumano.cl\/\" data-saferedirecturl=\"https:\/\/www.google.com\/url?q=http:\/\/www.becascapitalhumano.cl&amp;source=gmail&amp;ust=1632353734248000&amp;usg=AFQjCNFBSRQcThyjzqJOKKRCE4L3MWeOGQ\">www.becascapitalhumano.cl<\/a><\/p>\n<p style=\"text-align: justify;\"><strong><u>Otras convocatorias en la materia:<\/u><\/strong><\/p>\n<p style=\"text-align: justify;\">&#8211; En los pr\u00f3ximos meses, Corfo abrir\u00e1 la convocatoria para el curso \u201c<strong>Sistema De Gesti\u00f3n De La Seguridad Para Empresas Del Sector De Turismo Aventura\u201d,\u00a0<\/strong>la cual busca que<strong>\u00a0<\/strong>empresas de este subsector puedan aumentar los est\u00e1ndares de seguridad. Se espera beneficiar a 300 empresas.<\/p>\n<p style=\"text-align: justify;\">&#8211; Y durante el mes de octubre, se lanzar\u00e1n las becas relacionadas a <strong>Gu\u00edas Profesionales De Monta\u00f1a Est\u00e1ndar UIMLA,\u00a0<\/strong>con<strong>\u00a0<\/strong>30 cupos disponibles<strong>\u00a0<\/strong>(20 curso Full Gu\u00edas UIMLA y 10 curso Formador de Formadores).<strong>\u00a0<\/strong>Con este curso, se espera profesionalizar a los gu\u00edas de monta\u00f1a bajo un est\u00e1ndar internacional como es UIMLA.<\/p>\n<p style=\"text-align: justify;\">En resumen, con todas estas becas cofinanciadas por Corfo, se busca beneficiar a 430 personas y\/o empresas relacionadas al turismo aventura y monta\u00f1a. La inversi\u00f3n al cofinanciamiento de estas becas supera los $469 millones.<\/p>\n<\/div><\/section><\/div><div  style='height:50px' class='hr hr-invisible   avia-builder-el-6  el_after_av_one_full  el_before_av_social_share '><span class='hr-inner ' ><span class='hr-inner-style'><\/span><\/span><\/div><\/p>\n<div  class='av-social-sharing-box  avia-builder-el-7  el_after_av_hr  el_before_av_hr  '><div class='av-share-box'><h5 class='av-share-link-description av-no-toc '>Compartir esta noticia<\/h5><ul class='av-share-box-list noLightbox'><li class='av-share-link av-social-link-facebook' ><a target=\"_blank\" aria-label=\"Compartir en Facebook\" href='https:\/\/www.facebook.com\/sharer.php?u=https:\/\/radiorevelacionfm.cl\/?p=8889&#038;t=Corfo%20lanz%C3%B3%20programa%20para%20capacitar%20a%20Gu%C3%ADas%20en%20Turismo%20de%20Monta%C3%B1a' aria-hidden='false' data-av_icon='\ue8f3' data-av_iconfont='entypo-fontello' title='' data-avia-related-tooltip='Compartir en Facebook' rel=\"noopener\"><span class='avia_hidden_link_text'>Compartir en Facebook<\/span><\/a><\/li><li class='av-share-link av-social-link-twitter' ><a target=\"_blank\" aria-label=\"Compartir en Twitter\" href='https:\/\/twitter.com\/share?text=Corfo%20lanz%C3%B3%20programa%20para%20capacitar%20a%20Gu%C3%ADas%20en%20Turismo%20de%20Monta%C3%B1a&#038;url=https:\/\/radiorevelacionfm.cl\/?p=8889' aria-hidden='false' data-av_icon='\ue8f1' data-av_iconfont='entypo-fontello' title='' data-avia-related-tooltip='Compartir en Twitter' rel=\"noopener\"><span class='avia_hidden_link_text'>Compartir en Twitter<\/span><\/a><\/li><li class='av-share-link av-social-link-whatsapp' ><a target=\"_blank\" aria-label=\"Compartir en Whatsapp\" href='https:\/\/api.whatsapp.com\/send?text=https:\/\/radiorevelacionfm.cl\/?p=8889' aria-hidden='false' data-av_icon='\uf232' data-av_iconfont='entypo-fontello' title='' data-avia-related-tooltip='Compartir en Whatsapp' rel=\"noopener\"><span class='avia_hidden_link_text'>Compartir en Whatsapp<\/span><\/a><\/li><li class='av-share-link av-social-link-linkedin' ><a target=\"_blank\" aria-label=\"Compartir en LinkedIn\" href='https:\/\/linkedin.com\/shareArticle?mini=true&#038;title=Corfo%20lanz%C3%B3%20programa%20para%20capacitar%20a%20Gu%C3%ADas%20en%20Turismo%20de%20Monta%C3%B1a&#038;url=https:\/\/radiorevelacionfm.cl\/?p=8889' aria-hidden='false' data-av_icon='\ue8fc' data-av_iconfont='entypo-fontello' title='' data-avia-related-tooltip='Compartir en LinkedIn' rel=\"noopener\"><span class='avia_hidden_link_text'>Compartir en LinkedIn<\/span><\/a><\/li><li class='av-share-link av-social-link-mail' ><a  aria-label=\"Compartir por correo\" href='mailto:?subject=Corfo%20lanz%C3%B3%20programa%20para%20capacitar%20a%20Gu%C3%ADas%20en%20Turismo%20de%20Monta%C3%B1a&#038;body=https:\/\/radiorevelacionfm.cl\/?p=8889' aria-hidden='false' data-av_icon='\ue805' data-av_iconfont='entypo-fontello' title='' data-avia-related-tooltip='Compartir por correo'><span class='avia_hidden_link_text'>Compartir por correo<\/span><\/a><\/li><\/ul><\/div><\/div>\n<div  style='height:50px' class='hr hr-invisible   avia-builder-el-8  el_after_av_social_share  el_before_av_comments_list '><span class='hr-inner ' ><span class='hr-inner-style'><\/span><\/span><\/div>\n<div  class='av-buildercomment  av-blog-meta-html-info-disabled av-blog-meta-tag-disabled  '><\/div>\n","protected":false},"excerpt":{"rendered":"","protected":false},"author":1,"featured_media":8890,"comment_status":"open","ping_status":"open","sticky":false,"template":"","format":"standard","meta":{"footnotes":""},"categories":[38],"tags":[],"class_list":["post-8889","post","type-post","status-publish","format-standard","has-post-thumbnail","hentry","category-regional"],"jetpack_featured_media_url":"https:\/\/radiorevelacionfm.cl\/wp-content\/uploads\/2021\/09\/corfoaysen-trekking-210921-1_optimized.jpg","_links":{"self":[{"href":"https:\/\/radiorevelacionfm.cl\/index.php?rest_route=\/wp\/v2\/posts\/8889","targetHints":{"allow":["GET"]}}],"collection":[{"href":"https:\/\/radiorevelacionfm.cl\/index.php?rest_route=\/wp\/v2\/posts"}],"about":[{"href":"https:\/\/radiorevelacionfm.cl\/index.php?rest_route=\/wp\/v2\/types\/post"}],"author":[{"embeddable":true,"href":"https:\/\/radiorevelacionfm.cl\/index.php?rest_route=\/wp\/v2\/users\/1"}],"replies":[{"embeddable":true,"href":"https:\/\/radiorevelacionfm.cl\/index.php?rest_route=%2Fwp%2Fv2%2Fcomments&post=8889"}],"version-history":[{"count":1,"href":"https:\/\/radiorevelacionfm.cl\/index.php?rest_route=\/wp\/v2\/posts\/8889\/revisions"}],"predecessor-version":[{"id":8891,"href":"https:\/\/radiorevelacionfm.cl\/index.php?rest_route=\/wp\/v2\/posts\/8889\/revisions\/8891"}],"wp:featuredmedia":[{"embeddable":true,"href":"https:\/\/radiorevelacionfm.cl\/index.php?rest_route=\/wp\/v2\/media\/8890"}],"wp:attachment":[{"href":"https:\/\/radiorevelacionfm.cl\/index.php?rest_route=%2Fwp%2Fv2%2Fmedia&parent=8889"}],"wp:term":[{"taxonomy":"category","embeddable":true,"href":"https:\/\/radiorevelacionfm.cl\/index.php?rest_route=%2Fwp%2Fv2%2Fcategories&post=8889"},{"taxonomy":"post_tag","embeddable":true,"href":"https:\/\/radiorevelacionfm.cl\/index.php?rest_route=%2Fwp%2Fv2%2Ftags&post=8889"}],"curies":[{"name":"wp","href":"https:\/\/api.w.org\/{rel}","templated":true}]}}