{"id":8886,"date":"2021-09-21T21:47:20","date_gmt":"2021-09-22T00:47:20","guid":{"rendered":"https:\/\/radiorevelacionfm.cl\/?p=8886"},"modified":"2021-09-21T21:47:20","modified_gmt":"2021-09-22T00:47:20","slug":"alinco-critica-a-gabriel-boric-por-presentar-indicaciones-al-proyecto-de-cuarto-retiro-de-las-afp","status":"publish","type":"post","link":"https:\/\/radiorevelacionfm.cl\/?p=8886","title":{"rendered":"Alinco critica a Gabriel Boric por presentar indicaciones al proyecto de cuarto retiro de las AFP"},"content":{"rendered":"<div class=\"flex_column av_one_full  flex_column_div av-zero-column-padding first  avia-builder-el-0  el_before_av_one_full  avia-builder-el-first  \" style='border-radius:0px; '><div  class='avia-image-container  av-styling-    avia-builder-el-1  avia-builder-el-no-sibling  avia-align-center '  itemprop=\"image\" itemscope=\"itemscope\" itemtype=\"https:\/\/schema.org\/ImageObject\"  ><div class='avia-image-container-inner'><div class='avia-image-overlay-wrap'><img decoding=\"async\" class='wp-image-8887 avia-img-lazy-loading-not-8887 avia_image' src=\"https:\/\/radiorevelacionfm.cl\/wp-content\/uploads\/2021\/09\/Diputado-Alinco-4\u00b0-retiro-1-1.jpg\" alt='' title='Diputado Alinco 4\u00b0 retiro (1) (1)' height=\"600\" width=\"800\"  itemprop=\"thumbnailUrl\" srcset=\"https:\/\/radiorevelacionfm.cl\/wp-content\/uploads\/2021\/09\/Diputado-Alinco-4\u00b0-retiro-1-1.jpg 800w, https:\/\/radiorevelacionfm.cl\/wp-content\/uploads\/2021\/09\/Diputado-Alinco-4\u00b0-retiro-1-1-300x225.jpg 300w, https:\/\/radiorevelacionfm.cl\/wp-content\/uploads\/2021\/09\/Diputado-Alinco-4\u00b0-retiro-1-1-768x576.jpg 768w, https:\/\/radiorevelacionfm.cl\/wp-content\/uploads\/2021\/09\/Diputado-Alinco-4\u00b0-retiro-1-1-705x529.jpg 705w, https:\/\/radiorevelacionfm.cl\/wp-content\/uploads\/2021\/09\/Diputado-Alinco-4\u00b0-retiro-1-1-600x450.jpg 600w\" sizes=\"(max-width: 800px) 100vw, 800px\" \/><\/div><\/div><\/div><\/div><div class=\"flex_column av_one_full  flex_column_div av-zero-column-padding first  avia-builder-el-2  el_after_av_one_full  el_before_av_one_full  column-top-margin\" style='border-radius:0px; '><section class=\"av_textblock_section \"  itemscope=\"itemscope\" itemtype=\"https:\/\/schema.org\/BlogPosting\" itemprop=\"blogPost\" ><div class='avia_textblock  '   itemprop=\"text\" ><p style=\"text-align: center;\"><span style=\"font-size: 18pt;\"><strong>Alinco critica a Gabriel Boric por presentar indicaciones al proyecto de cuarto retiro de las AFP<\/strong><\/span><\/p>\n<div id=\"gtx-trans\" style=\"position: absolute; left: -50px; top: 4.31534px;\">\n<div class=\"gtx-trans-icon\"><\/div>\n<\/div>\n<\/div><\/section><\/div><div class=\"flex_column av_one_full  flex_column_div av-zero-column-padding first  avia-builder-el-4  el_after_av_one_full  el_before_av_hr  column-top-margin\" style='border-radius:0px; '><section class=\"av_textblock_section \"  itemscope=\"itemscope\" itemtype=\"https:\/\/schema.org\/BlogPosting\" itemprop=\"blogPost\" ><div class='avia_textblock  '   itemprop=\"text\" ><p style=\"text-align: justify;\">Antes de viajar a la ciudad de Valpara\u00edso para acudir a la C\u00e1mara de Diputadas y Diputados, el parlamentario Ren\u00e9 Alinco Bustos, envi\u00f3 un mensaje a su par y presidenciable, Gabriel Boric, quien hace pocos d\u00edas ingres\u00f3 indicaciones a la discusi\u00f3n del proyecto para un cuarto retiro de las AFP, donde el parlamentario de Magallanes pretende bajar el tope del retiro, as\u00ed tambi\u00e9n que se pague un impuesto.<\/p>\n<p style=\"text-align: justify;\">\u201cLes quiero recordar que este mi\u00e9rcoles se votar\u00e1 en la Sala el proyecto relacionado al cuarto retiro\u2026proyecto que ha sido v\u00edctima de una campa\u00f1a del terror, por parte del Gobierno, parlamentarios y dirigentes pol\u00edticos de derecha y tambi\u00e9n de algunos de oposici\u00f3n\u201d, afirm\u00f3 Alinco Bustos, quien reiter\u00f3 su voto a favor, a\u00f1adiendo que \u201cla gente necesita de este retiro, plata de los propios trabajadores. De no aprobarse esto, obviamente que saldr\u00e1n favorecidos los due\u00f1os de las AFP\u201d, sostuvo.<\/p>\n<p style=\"text-align: justify;\">Asimismo, el congresista fue m\u00e1s all\u00e1 y critic\u00f3 abiertamente a Boric por la presentaci\u00f3n de indicaciones que quitan la caracter\u00edstica de universal de este proyecto. \u201cEste tipo de indicaciones lo \u00fanico que hacen es entorpecer y atrasar la aprobaci\u00f3n de este proyecto tan necesario\u2026Le digo al se\u00f1or (Gabriel) Boric y a los integrantes del Frente Amplio, que retiren las indicaciones\u2026\u201d, increp\u00f3 el diputado aysenino, instando a la comunidad interesada, el estar atentos a la discusi\u00f3n y votaci\u00f3n de esta cuarta iniciativa, la que se llevar\u00e1 a cabo este mi\u00e9rcoles 22 de septiembre.<\/p>\n<p style=\"text-align: justify;\"><strong>Indicaciones de Boric<\/strong><\/p>\n<p style=\"text-align: justify;\">Seg\u00fan diario La Tercera, el diputado de Magallanes, ingres\u00f3 indicaciones que cuentan con el respaldo de la bancada del Frente Amplio y del Partido Comunista. Se trata de solicitar el 5 % de impuestos para personas que perciban sueldos que superen los $2,5 millones, as\u00ed tambi\u00e9n otra indicaci\u00f3n busca limitar el tope m\u00e1ximo del monto a retirar, siendo que hoy la iniciativa permite un tope de 150 UF ($4 millones) y lo que se pretende es reducirlo a 100 UF ($3 millones).<\/p>\n<p style=\"text-align: justify;\">La siguiente indicaci\u00f3n entregar\u00e1 la posibilidad de retirar el 100% de los fondos en caso de enfermedad catastr\u00f3fica, y\u00a0la cuarta plantea que las personas pensionadas bajo la modalidad de rentas vitalicias\u00a0puedan acceder a un anticipo de 10% de sus cuentas individuales, y que luego sean descontadas a prorrata, afirma el medio nacional.<\/p>\n<\/div><\/section><\/div><div  style='height:50px' class='hr hr-invisible   avia-builder-el-6  el_after_av_one_full  el_before_av_social_share '><span class='hr-inner ' ><span class='hr-inner-style'><\/span><\/span><\/div><\/p>\n<div  class='av-social-sharing-box  avia-builder-el-7  el_after_av_hr  el_before_av_hr  '><div class='av-share-box'><h5 class='av-share-link-description av-no-toc '>Compartir esta noticia<\/h5><ul class='av-share-box-list noLightbox'><li class='av-share-link av-social-link-facebook' ><a target=\"_blank\" aria-label=\"Compartir en Facebook\" href='https:\/\/www.facebook.com\/sharer.php?u=https:\/\/radiorevelacionfm.cl\/?p=8886&#038;t=Alinco%20critica%20a%20Gabriel%20Boric%20por%20presentar%20indicaciones%20al%20proyecto%20de%20cuarto%20retiro%20de%20las%20AFP' aria-hidden='false' data-av_icon='\ue8f3' data-av_iconfont='entypo-fontello' title='' data-avia-related-tooltip='Compartir en Facebook' rel=\"noopener\"><span class='avia_hidden_link_text'>Compartir en Facebook<\/span><\/a><\/li><li class='av-share-link av-social-link-twitter' ><a target=\"_blank\" aria-label=\"Compartir en Twitter\" href='https:\/\/twitter.com\/share?text=Alinco%20critica%20a%20Gabriel%20Boric%20por%20presentar%20indicaciones%20al%20proyecto%20de%20cuarto%20retiro%20de%20las%20AFP&#038;url=https:\/\/radiorevelacionfm.cl\/?p=8886' aria-hidden='false' data-av_icon='\ue8f1' data-av_iconfont='entypo-fontello' title='' data-avia-related-tooltip='Compartir en Twitter' rel=\"noopener\"><span class='avia_hidden_link_text'>Compartir en Twitter<\/span><\/a><\/li><li class='av-share-link av-social-link-whatsapp' ><a target=\"_blank\" aria-label=\"Compartir en Whatsapp\" href='https:\/\/api.whatsapp.com\/send?text=https:\/\/radiorevelacionfm.cl\/?p=8886' aria-hidden='false' data-av_icon='\uf232' data-av_iconfont='entypo-fontello' title='' data-avia-related-tooltip='Compartir en Whatsapp' rel=\"noopener\"><span class='avia_hidden_link_text'>Compartir en Whatsapp<\/span><\/a><\/li><li class='av-share-link av-social-link-linkedin' ><a target=\"_blank\" aria-label=\"Compartir en LinkedIn\" href='https:\/\/linkedin.com\/shareArticle?mini=true&#038;title=Alinco%20critica%20a%20Gabriel%20Boric%20por%20presentar%20indicaciones%20al%20proyecto%20de%20cuarto%20retiro%20de%20las%20AFP&#038;url=https:\/\/radiorevelacionfm.cl\/?p=8886' aria-hidden='false' data-av_icon='\ue8fc' data-av_iconfont='entypo-fontello' title='' data-avia-related-tooltip='Compartir en LinkedIn' rel=\"noopener\"><span class='avia_hidden_link_text'>Compartir en LinkedIn<\/span><\/a><\/li><li class='av-share-link av-social-link-mail' ><a  aria-label=\"Compartir por correo\" href='mailto:?subject=Alinco%20critica%20a%20Gabriel%20Boric%20por%20presentar%20indicaciones%20al%20proyecto%20de%20cuarto%20retiro%20de%20las%20AFP&#038;body=https:\/\/radiorevelacionfm.cl\/?p=8886' aria-hidden='false' data-av_icon='\ue805' data-av_iconfont='entypo-fontello' title='' data-avia-related-tooltip='Compartir por correo'><span class='avia_hidden_link_text'>Compartir por correo<\/span><\/a><\/li><\/ul><\/div><\/div>\n<div  style='height:50px' class='hr hr-invisible   avia-builder-el-8  el_after_av_social_share  el_before_av_comments_list '><span class='hr-inner ' ><span class='hr-inner-style'><\/span><\/span><\/div>\n<div  class='av-buildercomment  av-blog-meta-html-info-disabled av-blog-meta-tag-disabled  '><\/div>\n","protected":false},"excerpt":{"rendered":"","protected":false},"author":1,"featured_media":8887,"comment_status":"open","ping_status":"open","sticky":false,"template":"","format":"standard","meta":{"footnotes":""},"categories":[35],"tags":[],"class_list":["post-8886","post","type-post","status-publish","format-standard","has-post-thumbnail","hentry","category-politica"],"jetpack_featured_media_url":"https:\/\/radiorevelacionfm.cl\/wp-content\/uploads\/2021\/09\/Diputado-Alinco-4\u00b0-retiro-1-1.jpg","_links":{"self":[{"href":"https:\/\/radiorevelacionfm.cl\/index.php?rest_route=\/wp\/v2\/posts\/8886","targetHints":{"allow":["GET"]}}],"collection":[{"href":"https:\/\/radiorevelacionfm.cl\/index.php?rest_route=\/wp\/v2\/posts"}],"about":[{"href":"https:\/\/radiorevelacionfm.cl\/index.php?rest_route=\/wp\/v2\/types\/post"}],"author":[{"embeddable":true,"href":"https:\/\/radiorevelacionfm.cl\/index.php?rest_route=\/wp\/v2\/users\/1"}],"replies":[{"embeddable":true,"href":"https:\/\/radiorevelacionfm.cl\/index.php?rest_route=%2Fwp%2Fv2%2Fcomments&post=8886"}],"version-history":[{"count":1,"href":"https:\/\/radiorevelacionfm.cl\/index.php?rest_route=\/wp\/v2\/posts\/8886\/revisions"}],"predecessor-version":[{"id":8888,"href":"https:\/\/radiorevelacionfm.cl\/index.php?rest_route=\/wp\/v2\/posts\/8886\/revisions\/8888"}],"wp:featuredmedia":[{"embeddable":true,"href":"https:\/\/radiorevelacionfm.cl\/index.php?rest_route=\/wp\/v2\/media\/8887"}],"wp:attachment":[{"href":"https:\/\/radiorevelacionfm.cl\/index.php?rest_route=%2Fwp%2Fv2%2Fmedia&parent=8886"}],"wp:term":[{"taxonomy":"category","embeddable":true,"href":"https:\/\/radiorevelacionfm.cl\/index.php?rest_route=%2Fwp%2Fv2%2Fcategories&post=8886"},{"taxonomy":"post_tag","embeddable":true,"href":"https:\/\/radiorevelacionfm.cl\/index.php?rest_route=%2Fwp%2Fv2%2Ftags&post=8886"}],"curies":[{"name":"wp","href":"https:\/\/api.w.org\/{rel}","templated":true}]}}