{"id":8883,"date":"2021-09-21T21:30:36","date_gmt":"2021-09-22T00:30:36","guid":{"rendered":"https:\/\/radiorevelacionfm.cl\/?p=8883"},"modified":"2021-09-21T21:30:36","modified_gmt":"2021-09-22T00:30:36","slug":"iniciaran-pavimentacion-de-historica-calle-de-cisnes-e-incluira-solucion-para-aguas-lluvias","status":"publish","type":"post","link":"https:\/\/radiorevelacionfm.cl\/?p=8883","title":{"rendered":"Iniciar\u00e1n pavimentaci\u00f3n de hist\u00f3rica calle de Cisnes e incluir\u00e1 soluci\u00f3n para aguas lluvias"},"content":{"rendered":"<div class=\"flex_column av_one_full  flex_column_div av-zero-column-padding first  avia-builder-el-0  el_before_av_one_full  avia-builder-el-first  \" style='border-radius:0px; '><div  class='avia-image-container  av-styling-    avia-builder-el-1  avia-builder-el-no-sibling  avia-align-center '  itemprop=\"image\" itemscope=\"itemscope\" itemtype=\"https:\/\/schema.org\/ImageObject\"  ><div class='avia-image-container-inner'><div class='avia-image-overlay-wrap'><img decoding=\"async\" class='wp-image-8884 avia-img-lazy-loading-not-8884 avia_image' src=\"https:\/\/radiorevelacionfm.cl\/wp-content\/uploads\/2021\/09\/pavimentacion-cisnes-1-1_optimized.jpeg\" alt='' title='pavimentacion-cisnes-1-(1)_optimized' height=\"600\" width=\"900\"  itemprop=\"thumbnailUrl\" srcset=\"https:\/\/radiorevelacionfm.cl\/wp-content\/uploads\/2021\/09\/pavimentacion-cisnes-1-1_optimized.jpeg 900w, https:\/\/radiorevelacionfm.cl\/wp-content\/uploads\/2021\/09\/pavimentacion-cisnes-1-1_optimized-300x200.jpeg 300w, https:\/\/radiorevelacionfm.cl\/wp-content\/uploads\/2021\/09\/pavimentacion-cisnes-1-1_optimized-768x512.jpeg 768w, https:\/\/radiorevelacionfm.cl\/wp-content\/uploads\/2021\/09\/pavimentacion-cisnes-1-1_optimized-705x470.jpeg 705w, https:\/\/radiorevelacionfm.cl\/wp-content\/uploads\/2021\/09\/pavimentacion-cisnes-1-1_optimized-600x400.jpeg 600w\" sizes=\"(max-width: 900px) 100vw, 900px\" \/><\/div><\/div><\/div><\/div><div class=\"flex_column av_one_full  flex_column_div av-zero-column-padding first  avia-builder-el-2  el_after_av_one_full  el_before_av_one_full  column-top-margin\" style='border-radius:0px; '><section class=\"av_textblock_section \"  itemscope=\"itemscope\" itemtype=\"https:\/\/schema.org\/BlogPosting\" itemprop=\"blogPost\" ><div class='avia_textblock  '   itemprop=\"text\" ><p style=\"text-align: center;\"><strong><span style=\"font-size: 18pt;\">Iniciar\u00e1n pavimentaci\u00f3n de hist\u00f3rica calle de Cisnes e incluir\u00e1 soluci\u00f3n para aguas lluvias<\/span><\/strong><\/p>\n<div id=\"gtx-trans\" style=\"position: absolute; left: -50px; top: 4.31534px;\">\n<div class=\"gtx-trans-icon\"><\/div>\n<\/div>\n<\/div><\/section><\/div><div class=\"flex_column av_one_full  flex_column_div av-zero-column-padding first  avia-builder-el-4  el_after_av_one_full  el_before_av_hr  column-top-margin\" style='border-radius:0px; '><section class=\"av_textblock_section \"  itemscope=\"itemscope\" itemtype=\"https:\/\/schema.org\/BlogPosting\" itemprop=\"blogPost\" ><div class='avia_textblock  '   itemprop=\"text\" ><p style=\"text-align: justify;\">Durante la ma\u00f1ana de este martes, la Ilustre Municipalidad de Cisnes hizo entrega al contratista que se adjudic\u00f3 las obras de pavimentaci\u00f3n de calle Batall\u00f3n Atacama en toda su extensi\u00f3n. La iniciativa es el resultado de un trabajo coordinado entre la casa edilicia, el Serviu y los vecinos del sector.<\/p>\n<p style=\"text-align: justify;\">El Alcalde Francisco Roncagliolo junto a algunos Concejales de la comuna, participaron en este importante hito de progreso para Puerto Cisnes.<\/p>\n<p style=\"text-align: justify;\">\u201cMuy contentos aqu\u00ed en la calle Batall\u00f3n Atacama junto a los Concejales don Francisco Abarca, do\u00f1a Ximena Ar\u00e9valo, don Carlos Vald\u00e9s, tambi\u00e9n con representantes del Serviu don Cristian Mauret, don Mauricio y Douglas representante de la empresa que va a llevar adelante todo lo que es la pavimentaci\u00f3n participativa aqu\u00ed en la calle Batall\u00f3n Atacama. Decirle a nuestros vecinos que, esta pavimentaci\u00f3n va a considerar desde la calle Aguada de Dolores hasta el \u00faltimo pasaje que esta pavimentado en la poblaci\u00f3n nueva\u201d, se\u00f1al\u00f3 el Alcalde Roncagliolo.<\/p>\n<p style=\"text-align: justify;\">En tanto, el director regional del Serviu, Nelson Quinteros, coment\u00f3 que, \u201ces el inicio en nuestro llamado de pavimentaci\u00f3n participativa n\u00famero 30, es un gusto que sea en esta comuna, en este municipio, que ha sido un socio cooperador con nosotros tanto en dise\u00f1o como en todo lo que hemos necesitado para implementar nuestro programa. Estamos muy contentos por los vecinos, muy conformes y con toda la fe puesta en que, estos 400 metros lineales de pavimento, 460 millones de pesos, le cambien la vida a todas estas familias y podamos de aqu\u00ed a 200 d\u00edas mas, esperamos terminar antes, tener una fant\u00e1stica pavimentaci\u00f3n que se sume a todo lo que hemos hecho antes por esta comuna. Felicitaciones a las familias y al Alcalde que ha sido un socio colaborador en esto y que todo salga muy bien\u201d.<\/p>\n<p style=\"text-align: justify;\">En tanto la Concejala Ximena Ar\u00e9valo, destacaba la importancia de que este proyecto considere la soluci\u00f3n a la problem\u00e1tica con la acumulaci\u00f3n de aguas lluvias. \u201cEstamos muy contentos de recibir buenas noticias de una calle que es hist\u00f3rica, que tiene bastantes complicaciones y nos sentimos felices porque finalmente se va a hacer un beneficio no solamente en pavimentaci\u00f3n sino que tambi\u00e9n de aguas lluvias, donde siempre hay una problem\u00e1tica para los vecinos. As\u00ed es que, feliz de recibir esta noticia de parte de Serviu, que trabaja s\u00faper comprometido con el Municipio\u201d.<\/p>\n<p style=\"text-align: justify;\">El Concejal Carlos Vald\u00e9s, tambi\u00e9n puso en valor que la iniciativa contemple dar soluci\u00f3n definitiva a los problemas de anegamiento que tiene en algunos puntos la calle que se va a pavimentar.<\/p>\n<p style=\"text-align: justify;\">\u201cCon esto se deber\u00eda dar soluci\u00f3n definitiva a ese cruce que est\u00e1 en Chorrillos con Batall\u00f3n Atacama, cerca del local de la espina, la casa comunitaria que est\u00e1 en ese sector y que siempre se inunda. Este proyecto contempla la soluci\u00f3n para canalizar esas aguas lluvias, as\u00ed es que, eso lo encuentro genial, como as\u00ed tambi\u00e9n, la mejora que va a existir en esta calle. Todos los vecinos de calle Batall\u00f3n de Atacama ser\u00e1n beneficiados con estas obras porque les mejoran la vida, tienen que tener paciencia, porque con todo lo que llueve va a generar problemas para la le\u00f1a, muchas cosas m\u00e1s, pero si esperan un poco, las obras debieran estar terminando en abril del pr\u00f3ximo a\u00f1o. As\u00ed es que, yo considero que esto es un gran avance, agradecer que estas cosas se sigan haciendo con planificaci\u00f3n en beneficio de la comunidad, felicitar a la gente de la Municipalidad que fueron parte de este dise\u00f1o\u201d.<\/p>\n<p style=\"text-align: justify;\">Otro de los Concejales que relev\u00f3 el inicio de este proyecto de pavimentaci\u00f3n es, Francisco Abarca. \u201cPavimentaci\u00f3n participativa bastante esperada por la comunidad, pero adem\u00e1s, se destaca el hecho de que es un proyecto antiguo que se ha tomado pero se ha reformulado. Lo importante es que, se han hecho las gestiones para incorporar una soluci\u00f3n a una de las principales problem\u00e1ticas que ha existido en este sector de las poblaciones nuevas y es incorporar colectores de aguas lluvias. Entonces, este esfuerzo entre el Municipio y el Serviu se destaca, porque adem\u00e1s de tener la pavimentaci\u00f3n participativa, se incorpora, se agranda este proyecto y va a poder solucionar una de las problem\u00e1ticas m\u00e1s sentidas de este sector, que eran las permanentes inundaciones\u201d.<\/p>\n<p style=\"text-align: justify;\">Tal como ha enfatizado en su gesti\u00f3n, el Alcalde Francisco Roncagliolo, cada uno de los proyectos e iniciativas que se han desarrollado, otros que est\u00e1n comenzando, buscan mejorar la calidad de vida de los vecinos y vecinas en cada punto de la comuna de Cisnes.<\/p>\n<\/div><\/section><\/div><div  style='height:50px' class='hr hr-invisible   avia-builder-el-6  el_after_av_one_full  el_before_av_social_share '><span class='hr-inner ' ><span class='hr-inner-style'><\/span><\/span><\/div><\/p>\n<div  class='av-social-sharing-box  avia-builder-el-7  el_after_av_hr  el_before_av_hr  '><div class='av-share-box'><h5 class='av-share-link-description av-no-toc '>Compartir esta noticia<\/h5><ul class='av-share-box-list noLightbox'><li class='av-share-link av-social-link-facebook' ><a target=\"_blank\" aria-label=\"Compartir en Facebook\" href='https:\/\/www.facebook.com\/sharer.php?u=https:\/\/radiorevelacionfm.cl\/?p=8883&#038;t=Iniciar%C3%A1n%20pavimentaci%C3%B3n%20de%20hist%C3%B3rica%20calle%20de%20Cisnes%20e%20incluir%C3%A1%20soluci%C3%B3n%20para%20aguas%20lluvias' aria-hidden='false' data-av_icon='\ue8f3' data-av_iconfont='entypo-fontello' title='' data-avia-related-tooltip='Compartir en Facebook' rel=\"noopener\"><span class='avia_hidden_link_text'>Compartir en Facebook<\/span><\/a><\/li><li class='av-share-link av-social-link-twitter' ><a target=\"_blank\" aria-label=\"Compartir en Twitter\" href='https:\/\/twitter.com\/share?text=Iniciar%C3%A1n%20pavimentaci%C3%B3n%20de%20hist%C3%B3rica%20calle%20de%20Cisnes%20e%20incluir%C3%A1%20soluci%C3%B3n%20para%20aguas%20lluvias&#038;url=https:\/\/radiorevelacionfm.cl\/?p=8883' aria-hidden='false' data-av_icon='\ue8f1' data-av_iconfont='entypo-fontello' title='' data-avia-related-tooltip='Compartir en Twitter' rel=\"noopener\"><span class='avia_hidden_link_text'>Compartir en Twitter<\/span><\/a><\/li><li class='av-share-link av-social-link-whatsapp' ><a target=\"_blank\" aria-label=\"Compartir en Whatsapp\" href='https:\/\/api.whatsapp.com\/send?text=https:\/\/radiorevelacionfm.cl\/?p=8883' aria-hidden='false' data-av_icon='\uf232' data-av_iconfont='entypo-fontello' title='' data-avia-related-tooltip='Compartir en Whatsapp' rel=\"noopener\"><span class='avia_hidden_link_text'>Compartir en Whatsapp<\/span><\/a><\/li><li class='av-share-link av-social-link-linkedin' ><a target=\"_blank\" aria-label=\"Compartir en LinkedIn\" href='https:\/\/linkedin.com\/shareArticle?mini=true&#038;title=Iniciar%C3%A1n%20pavimentaci%C3%B3n%20de%20hist%C3%B3rica%20calle%20de%20Cisnes%20e%20incluir%C3%A1%20soluci%C3%B3n%20para%20aguas%20lluvias&#038;url=https:\/\/radiorevelacionfm.cl\/?p=8883' aria-hidden='false' data-av_icon='\ue8fc' data-av_iconfont='entypo-fontello' title='' data-avia-related-tooltip='Compartir en LinkedIn' rel=\"noopener\"><span class='avia_hidden_link_text'>Compartir en LinkedIn<\/span><\/a><\/li><li class='av-share-link av-social-link-mail' ><a  aria-label=\"Compartir por correo\" href='mailto:?subject=Iniciar%C3%A1n%20pavimentaci%C3%B3n%20de%20hist%C3%B3rica%20calle%20de%20Cisnes%20e%20incluir%C3%A1%20soluci%C3%B3n%20para%20aguas%20lluvias&#038;body=https:\/\/radiorevelacionfm.cl\/?p=8883' aria-hidden='false' data-av_icon='\ue805' data-av_iconfont='entypo-fontello' title='' data-avia-related-tooltip='Compartir por correo'><span class='avia_hidden_link_text'>Compartir por correo<\/span><\/a><\/li><\/ul><\/div><\/div>\n<div  style='height:50px' class='hr hr-invisible   avia-builder-el-8  el_after_av_social_share  el_before_av_comments_list '><span class='hr-inner ' ><span class='hr-inner-style'><\/span><\/span><\/div>\n<div  class='av-buildercomment  av-blog-meta-html-info-disabled av-blog-meta-tag-disabled  '><\/div>\n","protected":false},"excerpt":{"rendered":"","protected":false},"author":1,"featured_media":8884,"comment_status":"open","ping_status":"open","sticky":false,"template":"","format":"standard","meta":{"footnotes":""},"categories":[38],"tags":[],"class_list":["post-8883","post","type-post","status-publish","format-standard","has-post-thumbnail","hentry","category-regional"],"jetpack_featured_media_url":"https:\/\/radiorevelacionfm.cl\/wp-content\/uploads\/2021\/09\/pavimentacion-cisnes-1-1_optimized.jpeg","_links":{"self":[{"href":"https:\/\/radiorevelacionfm.cl\/index.php?rest_route=\/wp\/v2\/posts\/8883","targetHints":{"allow":["GET"]}}],"collection":[{"href":"https:\/\/radiorevelacionfm.cl\/index.php?rest_route=\/wp\/v2\/posts"}],"about":[{"href":"https:\/\/radiorevelacionfm.cl\/index.php?rest_route=\/wp\/v2\/types\/post"}],"author":[{"embeddable":true,"href":"https:\/\/radiorevelacionfm.cl\/index.php?rest_route=\/wp\/v2\/users\/1"}],"replies":[{"embeddable":true,"href":"https:\/\/radiorevelacionfm.cl\/index.php?rest_route=%2Fwp%2Fv2%2Fcomments&post=8883"}],"version-history":[{"count":1,"href":"https:\/\/radiorevelacionfm.cl\/index.php?rest_route=\/wp\/v2\/posts\/8883\/revisions"}],"predecessor-version":[{"id":8885,"href":"https:\/\/radiorevelacionfm.cl\/index.php?rest_route=\/wp\/v2\/posts\/8883\/revisions\/8885"}],"wp:featuredmedia":[{"embeddable":true,"href":"https:\/\/radiorevelacionfm.cl\/index.php?rest_route=\/wp\/v2\/media\/8884"}],"wp:attachment":[{"href":"https:\/\/radiorevelacionfm.cl\/index.php?rest_route=%2Fwp%2Fv2%2Fmedia&parent=8883"}],"wp:term":[{"taxonomy":"category","embeddable":true,"href":"https:\/\/radiorevelacionfm.cl\/index.php?rest_route=%2Fwp%2Fv2%2Fcategories&post=8883"},{"taxonomy":"post_tag","embeddable":true,"href":"https:\/\/radiorevelacionfm.cl\/index.php?rest_route=%2Fwp%2Fv2%2Ftags&post=8883"}],"curies":[{"name":"wp","href":"https:\/\/api.w.org\/{rel}","templated":true}]}}