{"id":8877,"date":"2021-09-21T20:43:15","date_gmt":"2021-09-21T23:43:15","guid":{"rendered":"https:\/\/radiorevelacionfm.cl\/?p=8877"},"modified":"2021-09-21T20:43:15","modified_gmt":"2021-09-21T23:43:15","slug":"detienen-a-sujeto-y-decomisan-droga-avaluada-en-mas-de-31-millones-de-pesos","status":"publish","type":"post","link":"https:\/\/radiorevelacionfm.cl\/?p=8877","title":{"rendered":"Detienen a sujeto y decomisan droga avaluada en m\u00e1s de 31 millones de pesos"},"content":{"rendered":"<div class=\"flex_column av_one_full  flex_column_div av-zero-column-padding first  avia-builder-el-0  el_before_av_one_full  avia-builder-el-first  \" style='border-radius:0px; '><div  class='avia-image-container  av-styling-    avia-builder-el-1  avia-builder-el-no-sibling  avia-align-center '  itemprop=\"image\" itemscope=\"itemscope\" itemtype=\"https:\/\/schema.org\/ImageObject\"  ><div class='avia-image-container-inner'><div class='avia-image-overlay-wrap'><img decoding=\"async\" class='wp-image-8878 avia-img-lazy-loading-not-8878 avia_image' src=\"https:\/\/radiorevelacionfm.cl\/wp-content\/uploads\/2021\/09\/4db-1-1.jpg\" alt='' title='4db (1) (1)' height=\"600\" width=\"1563\"  itemprop=\"thumbnailUrl\" srcset=\"https:\/\/radiorevelacionfm.cl\/wp-content\/uploads\/2021\/09\/4db-1-1.jpg 1563w, https:\/\/radiorevelacionfm.cl\/wp-content\/uploads\/2021\/09\/4db-1-1-300x115.jpg 300w, https:\/\/radiorevelacionfm.cl\/wp-content\/uploads\/2021\/09\/4db-1-1-1030x395.jpg 1030w, https:\/\/radiorevelacionfm.cl\/wp-content\/uploads\/2021\/09\/4db-1-1-768x295.jpg 768w, https:\/\/radiorevelacionfm.cl\/wp-content\/uploads\/2021\/09\/4db-1-1-1536x590.jpg 1536w, https:\/\/radiorevelacionfm.cl\/wp-content\/uploads\/2021\/09\/4db-1-1-1500x576.jpg 1500w, https:\/\/radiorevelacionfm.cl\/wp-content\/uploads\/2021\/09\/4db-1-1-705x271.jpg 705w, https:\/\/radiorevelacionfm.cl\/wp-content\/uploads\/2021\/09\/4db-1-1-600x230.jpg 600w\" sizes=\"(max-width: 1563px) 100vw, 1563px\" \/><\/div><\/div><\/div><\/div><div class=\"flex_column av_one_full  flex_column_div av-zero-column-padding first  avia-builder-el-2  el_after_av_one_full  el_before_av_one_full  column-top-margin\" style='border-radius:0px; '><section class=\"av_textblock_section \"  itemscope=\"itemscope\" itemtype=\"https:\/\/schema.org\/BlogPosting\" itemprop=\"blogPost\" ><div class='avia_textblock  '   itemprop=\"text\" ><p style=\"text-align: center;\"><strong><span style=\"font-size: 18pt;\">Detienen a sujeto y decomisan droga avaluada en m\u00e1s de 31 millones de pesos<\/span><\/strong><\/p>\n<div id=\"gtx-trans\" style=\"position: absolute; left: -50px; top: 4.31534px;\">\n<div class=\"gtx-trans-icon\"><\/div>\n<\/div>\n<\/div><\/section><\/div><div class=\"flex_column av_one_full  flex_column_div av-zero-column-padding first  avia-builder-el-4  el_after_av_one_full  el_before_av_hr  column-top-margin\" style='border-radius:0px; '><section class=\"av_textblock_section \"  itemscope=\"itemscope\" itemtype=\"https:\/\/schema.org\/BlogPosting\" itemprop=\"blogPost\" ><div class='avia_textblock  '   itemprop=\"text\" ><p style=\"text-align: justify;\">Una persona detenida por el delito de tr\u00e1fico de drogas y el decomiso de 4.200 dosis de marihuana elaborada avaluadas en m\u00e1s de $31.500.000 pesos aproximadamente, fue el resultado de una extensa investigaci\u00f3n desarrollada por Carabineros de la Secci\u00f3n O.S.7 en coordinaci\u00f3n con la Fiscal\u00eda Local de Puerto Ays\u00e9n.<\/p>\n<p style=\"text-align: justify;\">Luego de meses de un silencioso trabajo investigativo y de inteligencia antidrogas, el personal puso t\u00e9rmino a las diligencias, logrando la detenci\u00f3n de un sujeto de mayor\u00eda de edad, por el delito antes mencionado.<\/p>\n<p style=\"text-align: justify;\">El proceso indagatorio a cargo del personal especializado desarrollado a trav\u00e9s de m\u00faltiples t\u00e9cnicas de investigaci\u00f3n, permiti\u00f3 establecer su participaci\u00f3n en delitos contemplados en la Ley de Drogas N.\u00ba 20.000, siendo materializada la detenci\u00f3n del imputado para acto seguido -en coordinaci\u00f3n con la Fiscal\u00eda- efectuar una entrada y registro del inmueble.<\/p>\n<p style=\"text-align: justify;\">A ra\u00edz de este procedimiento policial, el personal del O.S.7 de Carabineros logr\u00f3 el decomiso de m\u00e1s de 4.200 dosis de marihuana elaborada, por un millonario aval\u00fao, siendo igualmente incautado un tel\u00e9fono celular, en tanto que la droga -seg\u00fan las diligencias efectuadas- habr\u00eda estado destinada a su comercializaci\u00f3n durante fiestas patrias.<\/p>\n<p style=\"text-align: justify;\">Los antecedentes del procedimiento fueron derivados a la Fiscal\u00eda que dirige investigaci\u00f3n por este hecho, en tanto que el imputado fue derivado a la audiencia de control por este hecho.<\/p>\n<p style=\"text-align: justify;\">El Capit\u00e1n Emiliano Guti\u00e9rrez, Jefe de Secci\u00f3n O.S.7 Ays\u00e9n, reiter\u00f3 el llamado a realizar las denuncias respectivas, e invit\u00f3 a la comunidad a proporcionar dicha informaci\u00f3n a trav\u00e9s del fono drogas 135, tel\u00e9fono gratuito de Carabineros de Chile, el cual es atendido por agentes especializados del O.S.7 quienes durante las 24 horas del d\u00eda recibir\u00e1n sus denuncias de forma absolutamente reservada y an\u00f3nima.<\/p>\n<\/div><\/section><\/div><div  style='height:50px' class='hr hr-invisible   avia-builder-el-6  el_after_av_one_full  el_before_av_social_share '><span class='hr-inner ' ><span class='hr-inner-style'><\/span><\/span><\/div><\/p>\n<div  class='av-social-sharing-box  avia-builder-el-7  el_after_av_hr  el_before_av_hr  '><div class='av-share-box'><h5 class='av-share-link-description av-no-toc '>Compartir esta noticia<\/h5><ul class='av-share-box-list noLightbox'><li class='av-share-link av-social-link-facebook' ><a target=\"_blank\" aria-label=\"Compartir en Facebook\" href='https:\/\/www.facebook.com\/sharer.php?u=https:\/\/radiorevelacionfm.cl\/?p=8877&#038;t=Detienen%20a%20sujeto%20y%20decomisan%20droga%20avaluada%20en%20m%C3%A1s%20de%2031%20millones%20de%20pesos' aria-hidden='false' data-av_icon='\ue8f3' data-av_iconfont='entypo-fontello' title='' data-avia-related-tooltip='Compartir en Facebook' rel=\"noopener\"><span class='avia_hidden_link_text'>Compartir en Facebook<\/span><\/a><\/li><li class='av-share-link av-social-link-twitter' ><a target=\"_blank\" aria-label=\"Compartir en Twitter\" href='https:\/\/twitter.com\/share?text=Detienen%20a%20sujeto%20y%20decomisan%20droga%20avaluada%20en%20m%C3%A1s%20de%2031%20millones%20de%20pesos&#038;url=https:\/\/radiorevelacionfm.cl\/?p=8877' aria-hidden='false' data-av_icon='\ue8f1' data-av_iconfont='entypo-fontello' title='' data-avia-related-tooltip='Compartir en Twitter' rel=\"noopener\"><span class='avia_hidden_link_text'>Compartir en Twitter<\/span><\/a><\/li><li class='av-share-link av-social-link-whatsapp' ><a target=\"_blank\" aria-label=\"Compartir en Whatsapp\" href='https:\/\/api.whatsapp.com\/send?text=https:\/\/radiorevelacionfm.cl\/?p=8877' aria-hidden='false' data-av_icon='\uf232' data-av_iconfont='entypo-fontello' title='' data-avia-related-tooltip='Compartir en Whatsapp' rel=\"noopener\"><span class='avia_hidden_link_text'>Compartir en Whatsapp<\/span><\/a><\/li><li class='av-share-link av-social-link-linkedin' ><a target=\"_blank\" aria-label=\"Compartir en LinkedIn\" href='https:\/\/linkedin.com\/shareArticle?mini=true&#038;title=Detienen%20a%20sujeto%20y%20decomisan%20droga%20avaluada%20en%20m%C3%A1s%20de%2031%20millones%20de%20pesos&#038;url=https:\/\/radiorevelacionfm.cl\/?p=8877' aria-hidden='false' data-av_icon='\ue8fc' data-av_iconfont='entypo-fontello' title='' data-avia-related-tooltip='Compartir en LinkedIn' rel=\"noopener\"><span class='avia_hidden_link_text'>Compartir en LinkedIn<\/span><\/a><\/li><li class='av-share-link av-social-link-mail' ><a  aria-label=\"Compartir por correo\" href='mailto:?subject=Detienen%20a%20sujeto%20y%20decomisan%20droga%20avaluada%20en%20m%C3%A1s%20de%2031%20millones%20de%20pesos&#038;body=https:\/\/radiorevelacionfm.cl\/?p=8877' aria-hidden='false' data-av_icon='\ue805' data-av_iconfont='entypo-fontello' title='' data-avia-related-tooltip='Compartir por correo'><span class='avia_hidden_link_text'>Compartir por correo<\/span><\/a><\/li><\/ul><\/div><\/div>\n<div  style='height:50px' class='hr hr-invisible   avia-builder-el-8  el_after_av_social_share  el_before_av_comments_list '><span class='hr-inner ' ><span class='hr-inner-style'><\/span><\/span><\/div>\n<div  class='av-buildercomment  av-blog-meta-html-info-disabled av-blog-meta-tag-disabled  '><\/div>\n","protected":false},"excerpt":{"rendered":"","protected":false},"author":1,"featured_media":8878,"comment_status":"open","ping_status":"open","sticky":false,"template":"","format":"standard","meta":{"footnotes":""},"categories":[36],"tags":[],"class_list":["post-8877","post","type-post","status-publish","format-standard","has-post-thumbnail","hentry","category-policial"],"jetpack_featured_media_url":"https:\/\/radiorevelacionfm.cl\/wp-content\/uploads\/2021\/09\/4db-1-1.jpg","_links":{"self":[{"href":"https:\/\/radiorevelacionfm.cl\/index.php?rest_route=\/wp\/v2\/posts\/8877","targetHints":{"allow":["GET"]}}],"collection":[{"href":"https:\/\/radiorevelacionfm.cl\/index.php?rest_route=\/wp\/v2\/posts"}],"about":[{"href":"https:\/\/radiorevelacionfm.cl\/index.php?rest_route=\/wp\/v2\/types\/post"}],"author":[{"embeddable":true,"href":"https:\/\/radiorevelacionfm.cl\/index.php?rest_route=\/wp\/v2\/users\/1"}],"replies":[{"embeddable":true,"href":"https:\/\/radiorevelacionfm.cl\/index.php?rest_route=%2Fwp%2Fv2%2Fcomments&post=8877"}],"version-history":[{"count":1,"href":"https:\/\/radiorevelacionfm.cl\/index.php?rest_route=\/wp\/v2\/posts\/8877\/revisions"}],"predecessor-version":[{"id":8879,"href":"https:\/\/radiorevelacionfm.cl\/index.php?rest_route=\/wp\/v2\/posts\/8877\/revisions\/8879"}],"wp:featuredmedia":[{"embeddable":true,"href":"https:\/\/radiorevelacionfm.cl\/index.php?rest_route=\/wp\/v2\/media\/8878"}],"wp:attachment":[{"href":"https:\/\/radiorevelacionfm.cl\/index.php?rest_route=%2Fwp%2Fv2%2Fmedia&parent=8877"}],"wp:term":[{"taxonomy":"category","embeddable":true,"href":"https:\/\/radiorevelacionfm.cl\/index.php?rest_route=%2Fwp%2Fv2%2Fcategories&post=8877"},{"taxonomy":"post_tag","embeddable":true,"href":"https:\/\/radiorevelacionfm.cl\/index.php?rest_route=%2Fwp%2Fv2%2Ftags&post=8877"}],"curies":[{"name":"wp","href":"https:\/\/api.w.org\/{rel}","templated":true}]}}