{"id":8873,"date":"2021-09-21T09:51:43","date_gmt":"2021-09-21T12:51:43","guid":{"rendered":"https:\/\/radiorevelacionfm.cl\/?p=8873"},"modified":"2021-09-21T09:51:43","modified_gmt":"2021-09-21T12:51:43","slug":"emprendedora-de-aysen-recibe-ayuda-tecnica-para-continuar-con-su-oficio","status":"publish","type":"post","link":"https:\/\/radiorevelacionfm.cl\/?p=8873","title":{"rendered":"Emprendedora de Ays\u00e9n recibe ayuda t\u00e9cnica para continuar con su oficio"},"content":{"rendered":"<div class=\"flex_column av_one_full  flex_column_div av-zero-column-padding first  avia-builder-el-0  el_before_av_one_full  avia-builder-el-first  \" style='border-radius:0px; '><div  class='avia-image-container  av-styling-    avia-builder-el-1  avia-builder-el-no-sibling  avia-align-center '  itemprop=\"image\" itemscope=\"itemscope\" itemtype=\"https:\/\/schema.org\/ImageObject\"  ><div class='avia-image-container-inner'><div class='avia-image-overlay-wrap'><img decoding=\"async\" class='wp-image-8874 avia-img-lazy-loading-not-8874 avia_image' src=\"https:\/\/radiorevelacionfm.cl\/wp-content\/uploads\/2021\/09\/1-69-1_optimized.jpg\" alt='' title='1-(69)-(1)_optimized' height=\"600\" width=\"996\"  itemprop=\"thumbnailUrl\" srcset=\"https:\/\/radiorevelacionfm.cl\/wp-content\/uploads\/2021\/09\/1-69-1_optimized.jpg 996w, https:\/\/radiorevelacionfm.cl\/wp-content\/uploads\/2021\/09\/1-69-1_optimized-300x181.jpg 300w, https:\/\/radiorevelacionfm.cl\/wp-content\/uploads\/2021\/09\/1-69-1_optimized-768x463.jpg 768w, https:\/\/radiorevelacionfm.cl\/wp-content\/uploads\/2021\/09\/1-69-1_optimized-705x425.jpg 705w, https:\/\/radiorevelacionfm.cl\/wp-content\/uploads\/2021\/09\/1-69-1_optimized-600x361.jpg 600w\" sizes=\"(max-width: 996px) 100vw, 996px\" \/><\/div><\/div><\/div><\/div><div class=\"flex_column av_one_full  flex_column_div av-zero-column-padding first  avia-builder-el-2  el_after_av_one_full  el_before_av_one_full  column-top-margin\" style='border-radius:0px; '><section class=\"av_textblock_section \"  itemscope=\"itemscope\" itemtype=\"https:\/\/schema.org\/BlogPosting\" itemprop=\"blogPost\" ><div class='avia_textblock  '   itemprop=\"text\" ><p style=\"text-align: center;\"><strong><span style=\"font-size: 18pt;\">Emprendedora de Ays\u00e9n recibe ayuda t\u00e9cnica para continuar con su oficio<\/span><\/strong><\/p>\n<div id=\"gtx-trans\" style=\"position: absolute; left: -50px; top: 4.31534px;\">\n<div class=\"gtx-trans-icon\"><\/div>\n<\/div>\n<\/div><\/section><\/div><div class=\"flex_column av_one_full  flex_column_div av-zero-column-padding first  avia-builder-el-4  el_after_av_one_full  el_before_av_hr  column-top-margin\" style='border-radius:0px; '><section class=\"av_textblock_section \"  itemscope=\"itemscope\" itemtype=\"https:\/\/schema.org\/BlogPosting\" itemprop=\"blogPost\" ><div class='avia_textblock  '   itemprop=\"text\" ><p style=\"text-align: justify;\">Ana Chac\u00f3n es una mujer emprendedora de Puerto Ays\u00e9n que estaba trabajando de forma habitual y normal hasta antes de la pandemia, producto de lo anterior comenz\u00f3 a hacer mascarillas las cuales la vend\u00eda a muy buen precio y eso le ayudaba a costear los gastos b\u00e1sicos de su hogar, cuando comenzaba a estabilizarse con estas ventas su m\u00e1quina de coser sufri\u00f3 algunos da\u00f1os, conocida esta situaci\u00f3n a trav\u00e9s del Departamento Social de la Delegaci\u00f3n Presidencial Provincial y por intermedio de las gestiones realizadas por Manuel Ortiz, la se\u00f1ora Ana despu\u00e9s de alg\u00fan tiempo de espera recibi\u00f3 hace algunos d\u00edas esta importante ayuda t\u00e9cnica para que pueda continuar con su emprendimiento \u201csi bueno darles las gracias a don Manuel que \u00e9l se port\u00f3 s\u00faper bien y sab\u00eda que yo la necesitaba porque realmente me hac\u00eda mucha falta para seguir haciendo mis trabajitos, darle muchas gracias a \u00e9l, agradecer a las funcionarias que ayudaron a gestionar que la llegada de esta m\u00e1quina de coser se haga realidad, ahora seguir\u00e9 haciendo lo que hac\u00eda que eran las mascarillas y otros trabajitos porque m\u00e1s que mal eso es lo que uno necesita abrirse paso para generar un poco m\u00e1s de dinero para la casa\u201d agradec\u00eda la se\u00f1ora Ana Chac\u00f3n.<\/p>\n<p style=\"text-align: justify;\">Respecto a esta y otras ayudas t\u00e9cnicas entregadas el Delegado Presidencial Manuel Ortiz indicaba \u201ca trav\u00e9s de este trabajo que hemos desarrollado desde el 2018 nos hemos encontrado con distintas historias de esfuerzo y m\u00e1s a\u00fan con la llegada de esta pandemia hemos podido ver que algunas familias cuyos integrantes son emprendedores\/as han visto imposibilitado seguir desarrollando sus labores producto de algunas situaciones, la se\u00f1ora Ana Chac\u00f3n es un caso m\u00e1s en la que hemos llegado con ayuda t\u00e9cnica en conjunto con la Delegaci\u00f3n Presidencial Regional, conocimos su historia de esfuerzo y de perseverancia y por aquello le regalamos esta m\u00e1quina de coser para que contin\u00fae desarroll\u00e1ndose y as\u00ed poder ayudar a toda su familia\u201d.<\/p>\n<\/div><\/section><\/div><div  style='height:50px' class='hr hr-invisible   avia-builder-el-6  el_after_av_one_full  el_before_av_social_share '><span class='hr-inner ' ><span class='hr-inner-style'><\/span><\/span><\/div><\/p>\n<div  class='av-social-sharing-box  avia-builder-el-7  el_after_av_hr  el_before_av_hr  '><div class='av-share-box'><h5 class='av-share-link-description av-no-toc '>Compartir esta noticia<\/h5><ul class='av-share-box-list noLightbox'><li class='av-share-link av-social-link-facebook' ><a target=\"_blank\" aria-label=\"Compartir en Facebook\" href='https:\/\/www.facebook.com\/sharer.php?u=https:\/\/radiorevelacionfm.cl\/?p=8873&#038;t=Emprendedora%20de%20Ays%C3%A9n%20recibe%20ayuda%20t%C3%A9cnica%20para%20continuar%20con%20su%20oficio' aria-hidden='false' data-av_icon='\ue8f3' data-av_iconfont='entypo-fontello' title='' data-avia-related-tooltip='Compartir en Facebook' rel=\"noopener\"><span class='avia_hidden_link_text'>Compartir en Facebook<\/span><\/a><\/li><li class='av-share-link av-social-link-twitter' ><a target=\"_blank\" aria-label=\"Compartir en Twitter\" href='https:\/\/twitter.com\/share?text=Emprendedora%20de%20Ays%C3%A9n%20recibe%20ayuda%20t%C3%A9cnica%20para%20continuar%20con%20su%20oficio&#038;url=https:\/\/radiorevelacionfm.cl\/?p=8873' aria-hidden='false' data-av_icon='\ue8f1' data-av_iconfont='entypo-fontello' title='' data-avia-related-tooltip='Compartir en Twitter' rel=\"noopener\"><span class='avia_hidden_link_text'>Compartir en Twitter<\/span><\/a><\/li><li class='av-share-link av-social-link-whatsapp' ><a target=\"_blank\" aria-label=\"Compartir en Whatsapp\" href='https:\/\/api.whatsapp.com\/send?text=https:\/\/radiorevelacionfm.cl\/?p=8873' aria-hidden='false' data-av_icon='\uf232' data-av_iconfont='entypo-fontello' title='' data-avia-related-tooltip='Compartir en Whatsapp' rel=\"noopener\"><span class='avia_hidden_link_text'>Compartir en Whatsapp<\/span><\/a><\/li><li class='av-share-link av-social-link-linkedin' ><a target=\"_blank\" aria-label=\"Compartir en LinkedIn\" href='https:\/\/linkedin.com\/shareArticle?mini=true&#038;title=Emprendedora%20de%20Ays%C3%A9n%20recibe%20ayuda%20t%C3%A9cnica%20para%20continuar%20con%20su%20oficio&#038;url=https:\/\/radiorevelacionfm.cl\/?p=8873' aria-hidden='false' data-av_icon='\ue8fc' data-av_iconfont='entypo-fontello' title='' data-avia-related-tooltip='Compartir en LinkedIn' rel=\"noopener\"><span class='avia_hidden_link_text'>Compartir en LinkedIn<\/span><\/a><\/li><li class='av-share-link av-social-link-mail' ><a  aria-label=\"Compartir por correo\" href='mailto:?subject=Emprendedora%20de%20Ays%C3%A9n%20recibe%20ayuda%20t%C3%A9cnica%20para%20continuar%20con%20su%20oficio&#038;body=https:\/\/radiorevelacionfm.cl\/?p=8873' aria-hidden='false' data-av_icon='\ue805' data-av_iconfont='entypo-fontello' title='' data-avia-related-tooltip='Compartir por correo'><span class='avia_hidden_link_text'>Compartir por correo<\/span><\/a><\/li><\/ul><\/div><\/div>\n<div  style='height:50px' class='hr hr-invisible   avia-builder-el-8  el_after_av_social_share  el_before_av_comments_list '><span class='hr-inner ' ><span class='hr-inner-style'><\/span><\/span><\/div>\n<div  class='av-buildercomment  av-blog-meta-html-info-disabled av-blog-meta-tag-disabled  '><\/div>\n","protected":false},"excerpt":{"rendered":"","protected":false},"author":1,"featured_media":8874,"comment_status":"open","ping_status":"open","sticky":false,"template":"","format":"standard","meta":{"footnotes":""},"categories":[38],"tags":[],"class_list":["post-8873","post","type-post","status-publish","format-standard","has-post-thumbnail","hentry","category-regional"],"jetpack_featured_media_url":"https:\/\/radiorevelacionfm.cl\/wp-content\/uploads\/2021\/09\/1-69-1_optimized.jpg","_links":{"self":[{"href":"https:\/\/radiorevelacionfm.cl\/index.php?rest_route=\/wp\/v2\/posts\/8873","targetHints":{"allow":["GET"]}}],"collection":[{"href":"https:\/\/radiorevelacionfm.cl\/index.php?rest_route=\/wp\/v2\/posts"}],"about":[{"href":"https:\/\/radiorevelacionfm.cl\/index.php?rest_route=\/wp\/v2\/types\/post"}],"author":[{"embeddable":true,"href":"https:\/\/radiorevelacionfm.cl\/index.php?rest_route=\/wp\/v2\/users\/1"}],"replies":[{"embeddable":true,"href":"https:\/\/radiorevelacionfm.cl\/index.php?rest_route=%2Fwp%2Fv2%2Fcomments&post=8873"}],"version-history":[{"count":1,"href":"https:\/\/radiorevelacionfm.cl\/index.php?rest_route=\/wp\/v2\/posts\/8873\/revisions"}],"predecessor-version":[{"id":8875,"href":"https:\/\/radiorevelacionfm.cl\/index.php?rest_route=\/wp\/v2\/posts\/8873\/revisions\/8875"}],"wp:featuredmedia":[{"embeddable":true,"href":"https:\/\/radiorevelacionfm.cl\/index.php?rest_route=\/wp\/v2\/media\/8874"}],"wp:attachment":[{"href":"https:\/\/radiorevelacionfm.cl\/index.php?rest_route=%2Fwp%2Fv2%2Fmedia&parent=8873"}],"wp:term":[{"taxonomy":"category","embeddable":true,"href":"https:\/\/radiorevelacionfm.cl\/index.php?rest_route=%2Fwp%2Fv2%2Fcategories&post=8873"},{"taxonomy":"post_tag","embeddable":true,"href":"https:\/\/radiorevelacionfm.cl\/index.php?rest_route=%2Fwp%2Fv2%2Ftags&post=8873"}],"curies":[{"name":"wp","href":"https:\/\/api.w.org\/{rel}","templated":true}]}}