{"id":8869,"date":"2021-09-21T09:23:28","date_gmt":"2021-09-21T12:23:28","guid":{"rendered":"https:\/\/radiorevelacionfm.cl\/?p=8869"},"modified":"2021-09-21T09:23:28","modified_gmt":"2021-09-21T12:23:28","slug":"destacan-actividades-realizadas-durante-dias-patrios-para-acompanar-a-la-comunidad-en-aysen","status":"publish","type":"post","link":"https:\/\/radiorevelacionfm.cl\/?p=8869","title":{"rendered":"Destacan actividades realizadas durante d\u00edas patrios para acompa\u00f1ar a la comunidad en Ays\u00e9n"},"content":{"rendered":"<div class=\"flex_column av_one_full  flex_column_div av-zero-column-padding first  avia-builder-el-0  el_before_av_one_full  avia-builder-el-first  \" style='border-radius:0px; '><div  class='avia-image-container  av-styling-    avia-builder-el-1  avia-builder-el-no-sibling  avia-align-center '  itemprop=\"image\" itemscope=\"itemscope\" itemtype=\"https:\/\/schema.org\/ImageObject\"  ><div class='avia-image-container-inner'><div class='avia-image-overlay-wrap'><img decoding=\"async\" class='wp-image-8870 avia-img-lazy-loading-not-8870 avia_image' src=\"https:\/\/radiorevelacionfm.cl\/wp-content\/uploads\/2021\/09\/img-fiestasMuni1-1-1.jpg\" alt='' title='img-fiestasMuni1 (1) (1)' height=\"600\" width=\"803\"  itemprop=\"thumbnailUrl\" srcset=\"https:\/\/radiorevelacionfm.cl\/wp-content\/uploads\/2021\/09\/img-fiestasMuni1-1-1.jpg 803w, https:\/\/radiorevelacionfm.cl\/wp-content\/uploads\/2021\/09\/img-fiestasMuni1-1-1-300x224.jpg 300w, https:\/\/radiorevelacionfm.cl\/wp-content\/uploads\/2021\/09\/img-fiestasMuni1-1-1-768x574.jpg 768w, https:\/\/radiorevelacionfm.cl\/wp-content\/uploads\/2021\/09\/img-fiestasMuni1-1-1-705x527.jpg 705w, https:\/\/radiorevelacionfm.cl\/wp-content\/uploads\/2021\/09\/img-fiestasMuni1-1-1-600x448.jpg 600w\" sizes=\"(max-width: 803px) 100vw, 803px\" \/><\/div><\/div><\/div><\/div><div class=\"flex_column av_one_full  flex_column_div av-zero-column-padding first  avia-builder-el-2  el_after_av_one_full  el_before_av_one_full  column-top-margin\" style='border-radius:0px; '><section class=\"av_textblock_section \"  itemscope=\"itemscope\" itemtype=\"https:\/\/schema.org\/BlogPosting\" itemprop=\"blogPost\" ><div class='avia_textblock  '   itemprop=\"text\" ><p style=\"text-align: center;\"><strong><span style=\"font-size: 18pt;\">Destacan actividades realizadas durante d\u00edas patrios para acompa\u00f1ar a la comunidad en Ays\u00e9n<\/span><\/strong><\/p>\n<div id=\"gtx-trans\" style=\"position: absolute; left: -50px; top: 4.31534px;\">\n<div class=\"gtx-trans-icon\"><\/div>\n<\/div>\n<\/div><\/section><\/div><div class=\"flex_column av_one_full  flex_column_div av-zero-column-padding first  avia-builder-el-4  el_after_av_one_full  el_before_av_hr  column-top-margin\" style='border-radius:0px; '><section class=\"av_textblock_section \"  itemscope=\"itemscope\" itemtype=\"https:\/\/schema.org\/BlogPosting\" itemprop=\"blogPost\" ><div class='avia_textblock  '   itemprop=\"text\" ><p style=\"text-align: justify;\">Los d\u00edas 17, 18 y 19 de septiembre un amplio contingente de funcionarios municipales, liderados por el alcalde Julio Uribe Alvarado, efectuaron distintas actividades desde la Plaza de Armas de la comuna porte\u00f1a para celebrar, seg\u00fan los protocolos establecidos desde el sector salud, las Fiestas Patrias en Ays\u00e9n. Todo esto, provistos de carpas, la colaboraci\u00f3n de la Mesa del Folclor, la Asociaci\u00f3n de Ramaderos y Cultura Ays\u00e9n; m\u00e1s la participaci\u00f3n de bandas locales y la interpretaci\u00f3n del combo nacional \u201cJulio Pi\u00f1a\u201d. Actividades que inclusive bajo la lluvia convocaron a un amplio grupo de vecinos que bailaron y disfrutaron de la organizaci\u00f3n efectuada por la casa edilicia.<\/p>\n<p style=\"text-align: justify;\">Al respecto, el edil aysenino, Julio Uribe Alvarado, destac\u00f3 que \u201chemos querido festejar de la forma en que actualmente se puede, porque todav\u00eda estamos en pandemia y es muy dif\u00edcil hacer actividades, pero con la voluntad de muchas personas, de muchas agrupaciones, pudimos celebrar nuestras Fiestas Patrias. Para m\u00ed es muy importante la cultura, en este caso el folclor que nos llena de alegr\u00eda y de pasi\u00f3n\u201d, realizando, adem\u00e1s un llamado a que los vecinos puedan ser parte de las siguientes actividades contempladas en el cronograma estipulado para el mes patrio.<\/p>\n<p style=\"text-align: justify;\">V\u00edctor Fabio, cantante del combo nacional \u201cJulio Pi\u00f1a\u201d, encargado de cerrar las festividades en la comuna de Ays\u00e9n se\u00f1al\u00f3 que \u201cnosotros s\u00faper contentos de estar ac\u00e1, lo hemos pasado muy bien, conocido a las bandas, a la gente y est\u00e1 todo muy lindo. La mayor\u00eda de la banda no hab\u00eda estado nunca por Ays\u00e9n, as\u00ed es que, sorprendidos del paisaje y de la buena onda, por supuesto, contentos de volver a tocar. Vamos a estar tambi\u00e9n el martes 21 en 1000 guitarras por V\u00edctor Jara, estaremos varios d\u00edas disfrutando y conociendo. Agradecidos de Cultura Ays\u00e9n por la gesti\u00f3n y por traernos\u201d.<\/p>\n<p style=\"text-align: justify;\">En la misma l\u00ednea, Paloma Mella, integrante de la agrupaci\u00f3n y batucada coyhaiquina Raymi Newen, expres\u00f3 su alegr\u00eda con la instancia generada que les permiti\u00f3 mostrar su arte en Puerto Ays\u00e9n, durante el contexto de pandemia. Tras ser consultada, sobre el mensaje que le podr\u00eda entregar a la comunidad, la artista realiz\u00f3 un llamado a los vecinos y vecinas a interiorizarse sobre la cultura Afro y del Batuque, ya que a su juicio \u201cno es algo ajeno\u201d.<\/p>\n<p style=\"text-align: justify;\">Por su parte, Mario Andrade Jelvez, presidente de la Mesa Comunal del Folclor de Ays\u00e9n, junto con explicar que su agrupaci\u00f3n estaba dispuesta a participar independiente de la condici\u00f3n clim\u00e1tica que se presentara en la actividad. Relev\u00f3 la necesidad de participar, tras un a\u00f1o en pausa por el covid-19, de las actividades dispuestas con motivos patrios. \u201cnosotros contentos en ese sentido y como Mesa del Folclor igual el hecho de estar trabajando en conjunto con Cultura y Municipalidad nos llena de satisfacci\u00f3n\u201d indic\u00f3 el cultor local.<\/p>\n<p style=\"text-align: justify;\">Finalmente, Samuel Mansilla, vocalista de la banda local Dispar Rock, coment\u00f3 el proceso que los llev\u00f3 a participar de las jornadas dispuestas por el municipio local. El conjunto que lidera busca realizar una innovaci\u00f3n de sonidos mezclado el Rock con la Cumbia desde una mirada territorial. Por lo cual, enfatiz\u00f3 en la necesidad de abrir m\u00e1s espacios para dar a conocer las creaciones ayseninas, \u201cgracias por la oportunidad que brinda la municipalidad para tomar este espacio y as\u00ed mostrar el talento de mis compa\u00f1eros hacia la gente y que disfruten de la cultura\u201d sentenci\u00f3 el m\u00fasico porte\u00f1o.<\/p>\n<\/div><\/section><\/div><div  style='height:50px' class='hr hr-invisible   avia-builder-el-6  el_after_av_one_full  el_before_av_social_share '><span class='hr-inner ' ><span class='hr-inner-style'><\/span><\/span><\/div><\/p>\n<div  class='av-social-sharing-box  avia-builder-el-7  el_after_av_hr  el_before_av_hr  '><div class='av-share-box'><h5 class='av-share-link-description av-no-toc '>Compartir esta noticia<\/h5><ul class='av-share-box-list noLightbox'><li class='av-share-link av-social-link-facebook' ><a target=\"_blank\" aria-label=\"Compartir en Facebook\" href='https:\/\/www.facebook.com\/sharer.php?u=https:\/\/radiorevelacionfm.cl\/?p=8869&#038;t=Destacan%20actividades%20realizadas%20durante%20d%C3%ADas%20patrios%20para%20acompa%C3%B1ar%20a%20la%20comunidad%20en%20Ays%C3%A9n' aria-hidden='false' data-av_icon='\ue8f3' data-av_iconfont='entypo-fontello' title='' data-avia-related-tooltip='Compartir en Facebook' rel=\"noopener\"><span class='avia_hidden_link_text'>Compartir en Facebook<\/span><\/a><\/li><li class='av-share-link av-social-link-twitter' ><a target=\"_blank\" aria-label=\"Compartir en Twitter\" href='https:\/\/twitter.com\/share?text=Destacan%20actividades%20realizadas%20durante%20d%C3%ADas%20patrios%20para%20acompa%C3%B1ar%20a%20la%20comunidad%20en%20Ays%C3%A9n&#038;url=https:\/\/radiorevelacionfm.cl\/?p=8869' aria-hidden='false' data-av_icon='\ue8f1' data-av_iconfont='entypo-fontello' title='' data-avia-related-tooltip='Compartir en Twitter' rel=\"noopener\"><span class='avia_hidden_link_text'>Compartir en Twitter<\/span><\/a><\/li><li class='av-share-link av-social-link-whatsapp' ><a target=\"_blank\" aria-label=\"Compartir en Whatsapp\" href='https:\/\/api.whatsapp.com\/send?text=https:\/\/radiorevelacionfm.cl\/?p=8869' aria-hidden='false' data-av_icon='\uf232' data-av_iconfont='entypo-fontello' title='' data-avia-related-tooltip='Compartir en Whatsapp' rel=\"noopener\"><span class='avia_hidden_link_text'>Compartir en Whatsapp<\/span><\/a><\/li><li class='av-share-link av-social-link-linkedin' ><a target=\"_blank\" aria-label=\"Compartir en LinkedIn\" href='https:\/\/linkedin.com\/shareArticle?mini=true&#038;title=Destacan%20actividades%20realizadas%20durante%20d%C3%ADas%20patrios%20para%20acompa%C3%B1ar%20a%20la%20comunidad%20en%20Ays%C3%A9n&#038;url=https:\/\/radiorevelacionfm.cl\/?p=8869' aria-hidden='false' data-av_icon='\ue8fc' data-av_iconfont='entypo-fontello' title='' data-avia-related-tooltip='Compartir en LinkedIn' rel=\"noopener\"><span class='avia_hidden_link_text'>Compartir en LinkedIn<\/span><\/a><\/li><li class='av-share-link av-social-link-mail' ><a  aria-label=\"Compartir por correo\" href='mailto:?subject=Destacan%20actividades%20realizadas%20durante%20d%C3%ADas%20patrios%20para%20acompa%C3%B1ar%20a%20la%20comunidad%20en%20Ays%C3%A9n&#038;body=https:\/\/radiorevelacionfm.cl\/?p=8869' aria-hidden='false' data-av_icon='\ue805' data-av_iconfont='entypo-fontello' title='' data-avia-related-tooltip='Compartir por correo'><span class='avia_hidden_link_text'>Compartir por correo<\/span><\/a><\/li><\/ul><\/div><\/div>\n<div  style='height:50px' class='hr hr-invisible   avia-builder-el-8  el_after_av_social_share  el_before_av_comments_list '><span class='hr-inner ' ><span class='hr-inner-style'><\/span><\/span><\/div>\n<div  class='av-buildercomment  av-blog-meta-html-info-disabled av-blog-meta-tag-disabled  '><\/div>\n","protected":false},"excerpt":{"rendered":"","protected":false},"author":1,"featured_media":8870,"comment_status":"open","ping_status":"open","sticky":false,"template":"","format":"standard","meta":{"footnotes":""},"categories":[38],"tags":[],"class_list":["post-8869","post","type-post","status-publish","format-standard","has-post-thumbnail","hentry","category-regional"],"jetpack_featured_media_url":"https:\/\/radiorevelacionfm.cl\/wp-content\/uploads\/2021\/09\/img-fiestasMuni1-1-1.jpg","_links":{"self":[{"href":"https:\/\/radiorevelacionfm.cl\/index.php?rest_route=\/wp\/v2\/posts\/8869","targetHints":{"allow":["GET"]}}],"collection":[{"href":"https:\/\/radiorevelacionfm.cl\/index.php?rest_route=\/wp\/v2\/posts"}],"about":[{"href":"https:\/\/radiorevelacionfm.cl\/index.php?rest_route=\/wp\/v2\/types\/post"}],"author":[{"embeddable":true,"href":"https:\/\/radiorevelacionfm.cl\/index.php?rest_route=\/wp\/v2\/users\/1"}],"replies":[{"embeddable":true,"href":"https:\/\/radiorevelacionfm.cl\/index.php?rest_route=%2Fwp%2Fv2%2Fcomments&post=8869"}],"version-history":[{"count":1,"href":"https:\/\/radiorevelacionfm.cl\/index.php?rest_route=\/wp\/v2\/posts\/8869\/revisions"}],"predecessor-version":[{"id":8871,"href":"https:\/\/radiorevelacionfm.cl\/index.php?rest_route=\/wp\/v2\/posts\/8869\/revisions\/8871"}],"wp:featuredmedia":[{"embeddable":true,"href":"https:\/\/radiorevelacionfm.cl\/index.php?rest_route=\/wp\/v2\/media\/8870"}],"wp:attachment":[{"href":"https:\/\/radiorevelacionfm.cl\/index.php?rest_route=%2Fwp%2Fv2%2Fmedia&parent=8869"}],"wp:term":[{"taxonomy":"category","embeddable":true,"href":"https:\/\/radiorevelacionfm.cl\/index.php?rest_route=%2Fwp%2Fv2%2Fcategories&post=8869"},{"taxonomy":"post_tag","embeddable":true,"href":"https:\/\/radiorevelacionfm.cl\/index.php?rest_route=%2Fwp%2Fv2%2Ftags&post=8869"}],"curies":[{"name":"wp","href":"https:\/\/api.w.org\/{rel}","templated":true}]}}