{"id":8866,"date":"2021-09-21T09:48:31","date_gmt":"2021-09-21T12:48:31","guid":{"rendered":"https:\/\/radiorevelacionfm.cl\/?p=8866"},"modified":"2021-09-21T09:50:37","modified_gmt":"2021-09-21T12:50:37","slug":"extienden-plazo-para-postular-a-los-cursos-certificados-online-y-gratuitos-campus-injuv","status":"publish","type":"post","link":"https:\/\/radiorevelacionfm.cl\/?p=8866","title":{"rendered":"Extienden plazo para postular a los cursos certificados, online y gratuitos Campus INJUV"},"content":{"rendered":"<div class=\"flex_column av_one_full  flex_column_div av-zero-column-padding first  avia-builder-el-0  el_before_av_one_full  avia-builder-el-first  \" style='border-radius:0px; '><div  class='avia-image-container  av-styling-    avia-builder-el-1  avia-builder-el-no-sibling  avia-align-center '  itemprop=\"image\" itemscope=\"itemscope\" itemtype=\"https:\/\/schema.org\/ImageObject\"  ><div class='avia-image-container-inner'><div class='avia-image-overlay-wrap'><img decoding=\"async\" class='wp-image-8867 avia-img-lazy-loading-not-8867 avia_image' src=\"https:\/\/radiorevelacionfm.cl\/wp-content\/uploads\/2021\/09\/Campus-Nuevo-plazo-1-1.png\" alt='' title='Campus - Nuevo plazo (1) (1)' height=\"600\" width=\"480\"  itemprop=\"thumbnailUrl\" srcset=\"https:\/\/radiorevelacionfm.cl\/wp-content\/uploads\/2021\/09\/Campus-Nuevo-plazo-1-1.png 480w, https:\/\/radiorevelacionfm.cl\/wp-content\/uploads\/2021\/09\/Campus-Nuevo-plazo-1-1-240x300.png 240w\" sizes=\"(max-width: 480px) 100vw, 480px\" \/><\/div><\/div><\/div><\/div><div class=\"flex_column av_one_full  flex_column_div av-zero-column-padding first  avia-builder-el-2  el_after_av_one_full  el_before_av_one_full  column-top-margin\" style='border-radius:0px; '><section class=\"av_textblock_section \"  itemscope=\"itemscope\" itemtype=\"https:\/\/schema.org\/BlogPosting\" itemprop=\"blogPost\" ><div class='avia_textblock  '   itemprop=\"text\" ><p style=\"text-align: center;\"><strong><span style=\"font-size: 18pt;\">Extienden plazo para postular a los cursos certificados, online y gratuitos Campus INJUV<\/span><\/strong><\/p>\n<div id=\"gtx-trans\" style=\"position: absolute; left: -50px; top: 4.31534px;\">\n<div class=\"gtx-trans-icon\"><\/div>\n<\/div>\n<\/div><\/section><\/div><div class=\"flex_column av_one_full  flex_column_div av-zero-column-padding first  avia-builder-el-4  el_after_av_one_full  el_before_av_hr  column-top-margin\" style='border-radius:0px; '><section class=\"av_textblock_section \"  itemscope=\"itemscope\" itemtype=\"https:\/\/schema.org\/BlogPosting\" itemprop=\"blogPost\" ><div class='avia_textblock  '   itemprop=\"text\" ><p style=\"text-align: justify;\">El Instituto Nacional de la Juventud, junto a la Fundaci\u00f3n Telef\u00f3nica y la empresa IBM extienden plazo de convocatoria para participar de los cursos Campus INJUV, programa orientado a entregar becas a j\u00f3venes de entre 15 y 29 a\u00f1os para que accedan a cursos de formaci\u00f3n con el objetivo de insertarles en el mundo laboral, el plazo para inscribirse y participar es hasta el viernes 24 de septiembre.<\/p>\n<p style=\"text-align: justify;\">Se trata de un formato asincr\u00f3nico en el que podr\u00e1s avanzar a tu propio ritmo y en esta oportunidad son 14 los cursos que estar\u00e1n disponibles, de los cuales podr\u00e1s elegir hasta un m\u00e1ximo de cinco: Explorando tecnolog\u00edas emergentes, Design Thinking, Fundamentos de Ciberseguridad, Habilidades profesionales, Tecnolog\u00edas para robots cognitivos, Prepar\u00e1ndose para el primer empleo, Aprende a planificar y gestionar estrategias en redes sociales, Networking y marketing personal, Gestiona tus proyectos de forma \u00e1gil a trav\u00e9s del smartphone, Principios b\u00e1sicos del big data, Aprender a desarrollar un plan de comunicaci\u00f3n, Gesti\u00f3n de proyectos de metodolog\u00edas \u00e1giles, Innovaci\u00f3n\u00a0 y Emprendimiento y Educaci\u00f3n Financiera.<\/p>\n<p style=\"text-align: justify;\">La directora regional de INJUV Ays\u00e9n, Silvia Leiva Henr\u00edquez, invita a todos los j\u00f3venes a participar de estos cursos, los cuales son totalmente gratuitos, online y certificados. \u201cInvitamos a toda la comunidad juvenil regional a participar de la esta nueva versi\u00f3n de los cursos Campus INJUV, ahora extendimos el plazo, no se queden fuera y aprovechen esta gran oportunidad. En esta instancia los interesados podr\u00e1n tomar cinco cursos online, los que sin duda les servir\u00e1n para ingresar al mundo laboral o en sus emprendimientos\u201d.<\/p>\n<p style=\"text-align: justify;\"><strong>\u00bfC\u00f3mo participar?<\/strong><\/p>\n<p style=\"text-align: justify;\">Primero debes postular a trav\u00e9s del siguiente link: https:\/\/extranet.injuv.gob.cl\/campus-injuv\/<\/p>\n<p style=\"text-align: justify;\">Si tu postulaci\u00f3n fue aprobada tendr\u00e1s dos maneras de ingresar a los cursos. Primero, si estos corresponden a Fundaci\u00f3n Telef\u00f3nica o Injuv, te llegar\u00e1 un correo electr\u00f3nico con los datos de acceso a la plataforma Campus INJUV (http:\/\/campus.injuv.gob.cl) con tu usuario y clave.<\/p>\n<p style=\"text-align: justify;\">En tanto, si quieres acceder a los cursos impartidos por IBM, te llegar\u00e1 un correo electr\u00f3nico con dos links. Uno para inscribirte en la plataforma de IBM y otro para ingresar a esta.<\/p>\n<\/div><\/section><\/div><div  style='height:50px' class='hr hr-invisible   avia-builder-el-6  el_after_av_one_full  el_before_av_social_share '><span class='hr-inner ' ><span class='hr-inner-style'><\/span><\/span><\/div><\/p>\n<div  class='av-social-sharing-box  avia-builder-el-7  el_after_av_hr  el_before_av_hr  '><div class='av-share-box'><h5 class='av-share-link-description av-no-toc '>Compartir esta noticia<\/h5><ul class='av-share-box-list noLightbox'><li class='av-share-link av-social-link-facebook' ><a target=\"_blank\" aria-label=\"Compartir en Facebook\" href='https:\/\/www.facebook.com\/sharer.php?u=https:\/\/radiorevelacionfm.cl\/?p=8866&#038;t=Extienden%20plazo%20para%20postular%20a%20los%20cursos%20certificados%2C%20online%20y%20gratuitos%20Campus%20INJUV' aria-hidden='false' data-av_icon='\ue8f3' data-av_iconfont='entypo-fontello' title='' data-avia-related-tooltip='Compartir en Facebook' rel=\"noopener\"><span class='avia_hidden_link_text'>Compartir en Facebook<\/span><\/a><\/li><li class='av-share-link av-social-link-twitter' ><a target=\"_blank\" aria-label=\"Compartir en Twitter\" href='https:\/\/twitter.com\/share?text=Extienden%20plazo%20para%20postular%20a%20los%20cursos%20certificados%2C%20online%20y%20gratuitos%20Campus%20INJUV&#038;url=https:\/\/radiorevelacionfm.cl\/?p=8866' aria-hidden='false' data-av_icon='\ue8f1' data-av_iconfont='entypo-fontello' title='' data-avia-related-tooltip='Compartir en Twitter' rel=\"noopener\"><span class='avia_hidden_link_text'>Compartir en Twitter<\/span><\/a><\/li><li class='av-share-link av-social-link-whatsapp' ><a target=\"_blank\" aria-label=\"Compartir en Whatsapp\" href='https:\/\/api.whatsapp.com\/send?text=https:\/\/radiorevelacionfm.cl\/?p=8866' aria-hidden='false' data-av_icon='\uf232' data-av_iconfont='entypo-fontello' title='' data-avia-related-tooltip='Compartir en Whatsapp' rel=\"noopener\"><span class='avia_hidden_link_text'>Compartir en Whatsapp<\/span><\/a><\/li><li class='av-share-link av-social-link-linkedin' ><a target=\"_blank\" aria-label=\"Compartir en LinkedIn\" href='https:\/\/linkedin.com\/shareArticle?mini=true&#038;title=Extienden%20plazo%20para%20postular%20a%20los%20cursos%20certificados%2C%20online%20y%20gratuitos%20Campus%20INJUV&#038;url=https:\/\/radiorevelacionfm.cl\/?p=8866' aria-hidden='false' data-av_icon='\ue8fc' data-av_iconfont='entypo-fontello' title='' data-avia-related-tooltip='Compartir en LinkedIn' rel=\"noopener\"><span class='avia_hidden_link_text'>Compartir en LinkedIn<\/span><\/a><\/li><li class='av-share-link av-social-link-mail' ><a  aria-label=\"Compartir por correo\" href='mailto:?subject=Extienden%20plazo%20para%20postular%20a%20los%20cursos%20certificados%2C%20online%20y%20gratuitos%20Campus%20INJUV&#038;body=https:\/\/radiorevelacionfm.cl\/?p=8866' aria-hidden='false' data-av_icon='\ue805' data-av_iconfont='entypo-fontello' title='' data-avia-related-tooltip='Compartir por correo'><span class='avia_hidden_link_text'>Compartir por correo<\/span><\/a><\/li><\/ul><\/div><\/div>\n<div  style='height:50px' class='hr hr-invisible   avia-builder-el-8  el_after_av_social_share  el_before_av_comments_list '><span class='hr-inner ' ><span class='hr-inner-style'><\/span><\/span><\/div>\n<div  class='av-buildercomment  av-blog-meta-html-info-disabled av-blog-meta-tag-disabled  '><\/div>\n","protected":false},"excerpt":{"rendered":"","protected":false},"author":1,"featured_media":8876,"comment_status":"open","ping_status":"open","sticky":false,"template":"","format":"standard","meta":{"footnotes":""},"categories":[38],"tags":[],"class_list":["post-8866","post","type-post","status-publish","format-standard","has-post-thumbnail","hentry","category-regional"],"jetpack_featured_media_url":"https:\/\/radiorevelacionfm.cl\/wp-content\/uploads\/2021\/09\/campus-nuevo-plazop-1_optimized.png","_links":{"self":[{"href":"https:\/\/radiorevelacionfm.cl\/index.php?rest_route=\/wp\/v2\/posts\/8866","targetHints":{"allow":["GET"]}}],"collection":[{"href":"https:\/\/radiorevelacionfm.cl\/index.php?rest_route=\/wp\/v2\/posts"}],"about":[{"href":"https:\/\/radiorevelacionfm.cl\/index.php?rest_route=\/wp\/v2\/types\/post"}],"author":[{"embeddable":true,"href":"https:\/\/radiorevelacionfm.cl\/index.php?rest_route=\/wp\/v2\/users\/1"}],"replies":[{"embeddable":true,"href":"https:\/\/radiorevelacionfm.cl\/index.php?rest_route=%2Fwp%2Fv2%2Fcomments&post=8866"}],"version-history":[{"count":1,"href":"https:\/\/radiorevelacionfm.cl\/index.php?rest_route=\/wp\/v2\/posts\/8866\/revisions"}],"predecessor-version":[{"id":8868,"href":"https:\/\/radiorevelacionfm.cl\/index.php?rest_route=\/wp\/v2\/posts\/8866\/revisions\/8868"}],"wp:featuredmedia":[{"embeddable":true,"href":"https:\/\/radiorevelacionfm.cl\/index.php?rest_route=\/wp\/v2\/media\/8876"}],"wp:attachment":[{"href":"https:\/\/radiorevelacionfm.cl\/index.php?rest_route=%2Fwp%2Fv2%2Fmedia&parent=8866"}],"wp:term":[{"taxonomy":"category","embeddable":true,"href":"https:\/\/radiorevelacionfm.cl\/index.php?rest_route=%2Fwp%2Fv2%2Fcategories&post=8866"},{"taxonomy":"post_tag","embeddable":true,"href":"https:\/\/radiorevelacionfm.cl\/index.php?rest_route=%2Fwp%2Fv2%2Ftags&post=8866"}],"curies":[{"name":"wp","href":"https:\/\/api.w.org\/{rel}","templated":true}]}}