{"id":8863,"date":"2021-09-20T22:18:31","date_gmt":"2021-09-21T01:18:31","guid":{"rendered":"https:\/\/radiorevelacionfm.cl\/?p=8863"},"modified":"2021-09-20T22:18:31","modified_gmt":"2021-09-21T01:18:31","slug":"balance-post-fiestas-patrias-en-la-region-de-aysen-destaca-cero-personas-fallecidas","status":"publish","type":"post","link":"https:\/\/radiorevelacionfm.cl\/?p=8863","title":{"rendered":"Balance post Fiestas Patrias en la regi\u00f3n de Ays\u00e9n destaca cero personas fallecidas"},"content":{"rendered":"<div class=\"flex_column av_one_full  flex_column_div av-zero-column-padding first  avia-builder-el-0  el_before_av_one_full  avia-builder-el-first  \" style='border-radius:0px; '><div  class='avia-image-container  av-styling-    avia-builder-el-1  avia-builder-el-no-sibling  avia-align-center '  itemprop=\"image\" itemscope=\"itemscope\" itemtype=\"https:\/\/schema.org\/ImageObject\"  ><div class='avia-image-container-inner'><div class='avia-image-overlay-wrap'><img decoding=\"async\" class='wp-image-8864 avia-img-lazy-loading-not-8864 avia_image' src=\"https:\/\/radiorevelacionfm.cl\/wp-content\/uploads\/2021\/09\/e_fp-1_optimized.jpg\" alt='' title='e_fp-(1)_optimized' height=\"600\" width=\"800\"  itemprop=\"thumbnailUrl\" srcset=\"https:\/\/radiorevelacionfm.cl\/wp-content\/uploads\/2021\/09\/e_fp-1_optimized.jpg 800w, https:\/\/radiorevelacionfm.cl\/wp-content\/uploads\/2021\/09\/e_fp-1_optimized-300x225.jpg 300w, https:\/\/radiorevelacionfm.cl\/wp-content\/uploads\/2021\/09\/e_fp-1_optimized-768x576.jpg 768w, https:\/\/radiorevelacionfm.cl\/wp-content\/uploads\/2021\/09\/e_fp-1_optimized-705x529.jpg 705w, https:\/\/radiorevelacionfm.cl\/wp-content\/uploads\/2021\/09\/e_fp-1_optimized-600x450.jpg 600w\" sizes=\"(max-width: 800px) 100vw, 800px\" \/><\/div><\/div><\/div><\/div><div class=\"flex_column av_one_full  flex_column_div av-zero-column-padding first  avia-builder-el-2  el_after_av_one_full  el_before_av_one_full  column-top-margin\" style='border-radius:0px; '><section class=\"av_textblock_section \"  itemscope=\"itemscope\" itemtype=\"https:\/\/schema.org\/BlogPosting\" itemprop=\"blogPost\" ><div class='avia_textblock  '   itemprop=\"text\" ><p style=\"text-align: center;\"><span style=\"font-size: 18pt;\"><b>Balance post Fiestas Patrias en la regi\u00f3n de Ays\u00e9n destaca cero personas fallecidas<\/b><\/span><\/p>\n<div id=\"gtx-trans\" style=\"position: absolute; left: -50px; top: 4.31534px;\">\n<div class=\"gtx-trans-icon\"><\/div>\n<\/div>\n<\/div><\/section><\/div><div class=\"flex_column av_one_full  flex_column_div av-zero-column-padding first  avia-builder-el-4  el_after_av_one_full  el_before_av_hr  column-top-margin\" style='border-radius:0px; '><section class=\"av_textblock_section \"  itemscope=\"itemscope\" itemtype=\"https:\/\/schema.org\/BlogPosting\" itemprop=\"blogPost\" ><div class='avia_textblock  '   itemprop=\"text\" ><p style=\"text-align: justify;\">Las cifras fueron dadas a conocer por la Delegaci\u00f3n Presidencial Regional, Carabineros y Senda.<\/p>\n<p style=\"text-align: justify;\">Entre el 17 al 19 de septiembre hubo m\u00e1s de 2.600 controles, 34 personas detenidas por diversos delitos.<\/p>\n<p style=\"text-align: justify;\">Las autoridades destacaron el comportamiento, compromiso y responsabilidad por parte de la ciudadan\u00eda, evitando la p\u00e9rdida de vidas humanas en estas celebraciones patrias.<\/p>\n<p style=\"text-align: justify;\">Un p\u00fablico reconocimiento a la comunidad realizaron las autoridades regionales tras dar a conocer el balance de fiestas patrias, el cual luego de tres d\u00edas de celebraciones, culmin\u00f3 sin personas fallecidas en accidentes de tr\u00e1nsito y sin siniestros de gravedad en las rutas de la regi\u00f3n.<\/p>\n<p style=\"text-align: justify;\">En la ocasi\u00f3n tanto la Delegada Presidencial Regional Margarita Ossa Rojas como el Jefe de la XI Zona de Carabineros Ays\u00e9n, General Hugo Zenteno V\u00e1squez y la Directora de Senda Ays\u00e9n, Katherine Hunter Guti\u00e9rrez, resaltaron el compromiso y responsabilidad por parte de la comunidad regional, al acatar las recomendaciones y poner en pr\u00e1cticas las medidas de autocuidado que hoy han permitido no tener que lamentar la p\u00e9rdida de vidas humanas en la rutas de la regi\u00f3n.<\/p>\n<p style=\"text-align: justify;\">\u00abEstamos muy contentos porque la gente se comport\u00f3 a la altura como lo esper\u00e1bamos, pudimos celebrar y estar con la familia\u00bb, expres\u00f3 la Delegada Presidencial Regional, quien destac\u00f3 el trabajo desarrollado por Carabineros, PDI y Senda durante estas fiestas patrias.<\/p>\n<p style=\"text-align: justify;\"><strong>Variantes delta<\/strong><\/p>\n<p style=\"text-align: justify;\">Asimismo, Margarita Ossa expres\u00f3 su preocupaci\u00f3n por la presencia de casos de variante \u00abdelta\u00bb de Covid 19, lo que obligar\u00e1 a redoblar los esfuerzos en materia de bioseguridad para prevenir una propagaci\u00f3n del virus.<\/p>\n<p style=\"text-align: justify;\">\u00abLa gente se port\u00f3 bastante bien (&#8230;) tuvimos unas fiestas patrias buenas, tranquilas, con participaci\u00f3n. Queremos agradecer y tambi\u00e9n hacer un llamado a nuestra regi\u00f3n, tenemos 21 casos \u00abdelta\u00bb confirmados por el ISP, es una variante tremendamente contagiosa y por lo mismo queremos recalcar lo importante que es que nos mantengamos cumpliendo las medidas establecidas para evitar que estos contagios sean m\u00e1s masivos\u00bb, expuso la autoridad, quien estima que en los pr\u00f3ximos d\u00edas se pueda conocer un alza en los casos producto del mayor contactos durante estos d\u00edas.<\/p>\n<p style=\"text-align: justify;\"><strong>Labor<\/strong><\/p>\n<p style=\"text-align: justify;\">Por su parte el Jefe de la XI Zona de Carabineros Ays\u00e9n, General Hugo Zenteno V\u00e1squez, indic\u00f3 que entre el 17 al 19 de septiembre hubo un total de 34 detenidos por diversos delitos -de los cuales 15 corresponden a la comuna de Coyhaique, 14 a Ays\u00e9n y 5 a Cochrane. Del total de aprehendidos, 10 corresponden a conducci\u00f3n en estado de ebriedad y 2 por conducir bajo\u00a0efectos psicotr\u00f3picos.<\/p>\n<p style=\"text-align: justify;\">\u00abEs rescatable no tener p\u00e9rdidas de vida. A nivel nacional hubo 24 muertos y en nuestra regi\u00f3n, cero. Eso implica que hubo una responsabilidad tanto de los conductores, peatones y de la comunidad en general\u00bb, expres\u00f3 el Jefe de Zona de Carabineros Ays\u00e9n.<\/p>\n<p style=\"text-align: justify;\">Paralelamente, Carabineros realiz\u00f3 m\u00e1s de 2.600 controles, 2.105 son de tipo vehicular, 375 de identidad, 115 a locales de alcoholes y 83 a locales comerciales, entre otros.<\/p>\n<p style=\"text-align: justify;\">Durante estas fiestas patrias, Carabineros curs\u00f3 35 infracciones, de las cuales 34 corresponden a materias de tr\u00e1nsito y 1 por ruidos molestos.<\/p>\n<p style=\"text-align: justify;\">Un trabajo paralelo desarroll\u00f3 Carabineros junto a Senda, lo cual se tradujo en 971 fiscalizaciones, siendo 640 veh\u00edculos controlados, 328 ex\u00e1menes intoxilyzer practicados siendo 3 personas detectadas conduciendo bajo la influencia del alcohol.<\/p>\n<p style=\"text-align: justify;\">\u00abHubo bastante movimiento de tr\u00e1nsito especialmente en los sectores rurales (&#8230;) y de personas que ven\u00edan de turismo -eso estaba proyectado conforme a la C\u00e1mara de Turismo con la cual tuvimos reuniones- para disponer los controles de tr\u00e1nsito en lugares espec\u00edficos para evitar accidentes. Lo m\u00e1s importante es que no tuvimos muertes o situaciones que lamentar y que afecten directamente a las familias\u00bb, recalc\u00f3 el General Zenteno.<\/p>\n<p style=\"text-align: justify;\"><strong>Trabajo conjunto<\/strong><\/p>\n<p style=\"text-align: justify;\">La Directora de Senda Ays\u00e9n, Katherine Hunter indic\u00f3 que el objetivo principal fue revertir la cifra de dos fallecidos registrados el a\u00f1o 2020 en igual fecha.<\/p>\n<p style=\"text-align: justify;\">\u00abEl llamado a la conciencia y responsabilidad de la comunidad -a la vista de los resultados-\u00a0dio frutos, no tenemos fallecidos (&#8230;) hemos podido hacer control preventivo en colaboraci\u00f3n con Carabineros de Chile a un n\u00famero importante de conductores, hemos estado desplegados tanto en la comuna de Coyhaique como en Ays\u00e9n\u00bb, indic\u00f3.<\/p>\n<p style=\"text-align: justify;\">La autoridad a\u00f1adi\u00f3 que durante el fin de semana de fiestas patrias se fiscaliz\u00f3 a personas con consumo de sustancias, siendo sacadas de circulaci\u00f3n, lo cual se traduce en\u00a0minimizar el riesgo de siniestros viales, luego que aproximadamente un 11,8% de los narcotest realizados, arrojaron positivo.<\/p>\n<p style=\"text-align: justify;\">\u00abLa ley de tr\u00e1nsito establece que es un delito el conducir bajo los efectos del alcohol u otra sustancia, por lo tanto, el tratamiento es igual, es lo mismo que ser sorprendido en estado de ebriedad\u00bb,\u00a0explic\u00f3 la directora de Senda.<\/p>\n<p style=\"text-align: justify;\">Cifras dadas a conocer por Carabineros a nivel nacional, dan cuenta de 24 personas fallecidas, dos m\u00e1s que el a\u00f1o anterior, en un total de 719 accidentes, los que aumentaron un 21% en comparaci\u00f3n al a\u00f1o 2020.<\/p>\n<p style=\"text-align: justify;\">Asimismo, la instituci\u00f3n realiz\u00f3 a nivel nacional 89 mil controles a conductores, lo cual arroj\u00f3 455 detenidos por conducci\u00f3n en estado de ebriedad, 109 por hacerlo bajo los efectos del alcohol y 56 bajo los efectos de drogas o sustancias prohibidas.<\/p>\n<\/div><\/section><\/div><div  style='height:50px' class='hr hr-invisible   avia-builder-el-6  el_after_av_one_full  el_before_av_social_share '><span class='hr-inner ' ><span class='hr-inner-style'><\/span><\/span><\/div><\/p>\n<div  class='av-social-sharing-box  avia-builder-el-7  el_after_av_hr  el_before_av_hr  '><div class='av-share-box'><h5 class='av-share-link-description av-no-toc '>Compartir esta noticia<\/h5><ul class='av-share-box-list noLightbox'><li class='av-share-link av-social-link-facebook' ><a target=\"_blank\" aria-label=\"Compartir en Facebook\" href='https:\/\/www.facebook.com\/sharer.php?u=https:\/\/radiorevelacionfm.cl\/?p=8863&#038;t=Balance%20post%20Fiestas%20Patrias%20en%20la%20regi%C3%B3n%20de%20Ays%C3%A9n%20destaca%20cero%20personas%20fallecidas' aria-hidden='false' data-av_icon='\ue8f3' data-av_iconfont='entypo-fontello' title='' data-avia-related-tooltip='Compartir en Facebook' rel=\"noopener\"><span class='avia_hidden_link_text'>Compartir en Facebook<\/span><\/a><\/li><li class='av-share-link av-social-link-twitter' ><a target=\"_blank\" aria-label=\"Compartir en Twitter\" href='https:\/\/twitter.com\/share?text=Balance%20post%20Fiestas%20Patrias%20en%20la%20regi%C3%B3n%20de%20Ays%C3%A9n%20destaca%20cero%20personas%20fallecidas&#038;url=https:\/\/radiorevelacionfm.cl\/?p=8863' aria-hidden='false' data-av_icon='\ue8f1' data-av_iconfont='entypo-fontello' title='' data-avia-related-tooltip='Compartir en Twitter' rel=\"noopener\"><span class='avia_hidden_link_text'>Compartir en Twitter<\/span><\/a><\/li><li class='av-share-link av-social-link-whatsapp' ><a target=\"_blank\" aria-label=\"Compartir en Whatsapp\" href='https:\/\/api.whatsapp.com\/send?text=https:\/\/radiorevelacionfm.cl\/?p=8863' aria-hidden='false' data-av_icon='\uf232' data-av_iconfont='entypo-fontello' title='' data-avia-related-tooltip='Compartir en Whatsapp' rel=\"noopener\"><span class='avia_hidden_link_text'>Compartir en Whatsapp<\/span><\/a><\/li><li class='av-share-link av-social-link-linkedin' ><a target=\"_blank\" aria-label=\"Compartir en LinkedIn\" href='https:\/\/linkedin.com\/shareArticle?mini=true&#038;title=Balance%20post%20Fiestas%20Patrias%20en%20la%20regi%C3%B3n%20de%20Ays%C3%A9n%20destaca%20cero%20personas%20fallecidas&#038;url=https:\/\/radiorevelacionfm.cl\/?p=8863' aria-hidden='false' data-av_icon='\ue8fc' data-av_iconfont='entypo-fontello' title='' data-avia-related-tooltip='Compartir en LinkedIn' rel=\"noopener\"><span class='avia_hidden_link_text'>Compartir en LinkedIn<\/span><\/a><\/li><li class='av-share-link av-social-link-mail' ><a  aria-label=\"Compartir por correo\" href='mailto:?subject=Balance%20post%20Fiestas%20Patrias%20en%20la%20regi%C3%B3n%20de%20Ays%C3%A9n%20destaca%20cero%20personas%20fallecidas&#038;body=https:\/\/radiorevelacionfm.cl\/?p=8863' aria-hidden='false' data-av_icon='\ue805' data-av_iconfont='entypo-fontello' title='' data-avia-related-tooltip='Compartir por correo'><span class='avia_hidden_link_text'>Compartir por correo<\/span><\/a><\/li><\/ul><\/div><\/div>\n<div  style='height:50px' class='hr hr-invisible   avia-builder-el-8  el_after_av_social_share  el_before_av_comments_list '><span class='hr-inner ' ><span class='hr-inner-style'><\/span><\/span><\/div>\n<div  class='av-buildercomment  av-blog-meta-html-info-disabled av-blog-meta-tag-disabled  '><\/div>\n","protected":false},"excerpt":{"rendered":"","protected":false},"author":1,"featured_media":8864,"comment_status":"open","ping_status":"open","sticky":false,"template":"","format":"standard","meta":{"footnotes":""},"categories":[36],"tags":[],"class_list":["post-8863","post","type-post","status-publish","format-standard","has-post-thumbnail","hentry","category-policial"],"jetpack_featured_media_url":"https:\/\/radiorevelacionfm.cl\/wp-content\/uploads\/2021\/09\/e_fp-1_optimized.jpg","_links":{"self":[{"href":"https:\/\/radiorevelacionfm.cl\/index.php?rest_route=\/wp\/v2\/posts\/8863","targetHints":{"allow":["GET"]}}],"collection":[{"href":"https:\/\/radiorevelacionfm.cl\/index.php?rest_route=\/wp\/v2\/posts"}],"about":[{"href":"https:\/\/radiorevelacionfm.cl\/index.php?rest_route=\/wp\/v2\/types\/post"}],"author":[{"embeddable":true,"href":"https:\/\/radiorevelacionfm.cl\/index.php?rest_route=\/wp\/v2\/users\/1"}],"replies":[{"embeddable":true,"href":"https:\/\/radiorevelacionfm.cl\/index.php?rest_route=%2Fwp%2Fv2%2Fcomments&post=8863"}],"version-history":[{"count":1,"href":"https:\/\/radiorevelacionfm.cl\/index.php?rest_route=\/wp\/v2\/posts\/8863\/revisions"}],"predecessor-version":[{"id":8865,"href":"https:\/\/radiorevelacionfm.cl\/index.php?rest_route=\/wp\/v2\/posts\/8863\/revisions\/8865"}],"wp:featuredmedia":[{"embeddable":true,"href":"https:\/\/radiorevelacionfm.cl\/index.php?rest_route=\/wp\/v2\/media\/8864"}],"wp:attachment":[{"href":"https:\/\/radiorevelacionfm.cl\/index.php?rest_route=%2Fwp%2Fv2%2Fmedia&parent=8863"}],"wp:term":[{"taxonomy":"category","embeddable":true,"href":"https:\/\/radiorevelacionfm.cl\/index.php?rest_route=%2Fwp%2Fv2%2Fcategories&post=8863"},{"taxonomy":"post_tag","embeddable":true,"href":"https:\/\/radiorevelacionfm.cl\/index.php?rest_route=%2Fwp%2Fv2%2Ftags&post=8863"}],"curies":[{"name":"wp","href":"https:\/\/api.w.org\/{rel}","templated":true}]}}