{"id":8858,"date":"2021-09-20T21:51:42","date_gmt":"2021-09-21T00:51:42","guid":{"rendered":"https:\/\/radiorevelacionfm.cl\/?p=8858"},"modified":"2021-09-20T21:51:42","modified_gmt":"2021-09-21T00:51:42","slug":"alcalde-de-cisnes-la-fase-3-es-una-senal-de-advertencia-la-idea-es-no-volver-a-retroceder","status":"publish","type":"post","link":"https:\/\/radiorevelacionfm.cl\/?p=8858","title":{"rendered":"Alcalde de Cisnes \u201cla fase 3 es una se\u00f1al de advertencia, la idea es no volver a retroceder\u201d"},"content":{"rendered":"<div class=\"flex_column av_one_full  flex_column_div av-zero-column-padding first  avia-builder-el-0  el_before_av_one_full  avia-builder-el-first  \" style='border-radius:0px; '><div  class='avia-image-container  av-styling-    avia-builder-el-1  avia-builder-el-no-sibling  avia-align-center '  itemprop=\"image\" itemscope=\"itemscope\" itemtype=\"https:\/\/schema.org\/ImageObject\"  ><div class='avia-image-container-inner'><div class='avia-image-overlay-wrap'><img decoding=\"async\" class='wp-image-8861 avia-img-lazy-loading-not-8861 avia_image' src=\"https:\/\/radiorevelacionfm.cl\/wp-content\/uploads\/2021\/09\/CISNES-1-1-1.jpg\" alt='' title='CISNES 1 (1) (1)' height=\"600\" width=\"904\"  itemprop=\"thumbnailUrl\" srcset=\"https:\/\/radiorevelacionfm.cl\/wp-content\/uploads\/2021\/09\/CISNES-1-1-1.jpg 904w, https:\/\/radiorevelacionfm.cl\/wp-content\/uploads\/2021\/09\/CISNES-1-1-1-300x199.jpg 300w, https:\/\/radiorevelacionfm.cl\/wp-content\/uploads\/2021\/09\/CISNES-1-1-1-768x510.jpg 768w, https:\/\/radiorevelacionfm.cl\/wp-content\/uploads\/2021\/09\/CISNES-1-1-1-705x468.jpg 705w, https:\/\/radiorevelacionfm.cl\/wp-content\/uploads\/2021\/09\/CISNES-1-1-1-600x398.jpg 600w\" sizes=\"(max-width: 904px) 100vw, 904px\" \/><\/div><\/div><\/div><\/div><div class=\"flex_column av_one_full  flex_column_div av-zero-column-padding first  avia-builder-el-2  el_after_av_one_full  el_before_av_one_full  column-top-margin\" style='border-radius:0px; '><section class=\"av_textblock_section \"  itemscope=\"itemscope\" itemtype=\"https:\/\/schema.org\/BlogPosting\" itemprop=\"blogPost\" ><div class='avia_textblock  '   itemprop=\"text\" ><p style=\"text-align: center;\"><strong><span style=\"font-size: 18pt;\">Alcalde de Cisnes \u201cla fase 3 es una se\u00f1al de advertencia, la idea es no volver a retroceder\u201d<\/span><\/strong><\/p>\n<div id=\"gtx-trans\" style=\"position: absolute; left: -50px; top: 4.31534px;\">\n<div class=\"gtx-trans-icon\"><\/div>\n<\/div>\n<\/div><\/section><\/div><div class=\"flex_column av_one_full  flex_column_div av-zero-column-padding first  avia-builder-el-4  el_after_av_one_full  el_before_av_hr  column-top-margin\" style='border-radius:0px; '><section class=\"av_textblock_section \"  itemscope=\"itemscope\" itemtype=\"https:\/\/schema.org\/BlogPosting\" itemprop=\"blogPost\" ><div class='avia_textblock  '   itemprop=\"text\" ><p style=\"text-align: justify;\">Producto del reciente brote de la variante Delta de Coronavirus en Puerto Cisnes, sumado al aumento en casos positivos, el Ministerio de Salud ha determinado que Cisnes debe retroceder en el plan paso a paso y de estar en fase 4 a partir de 5 de la madrugada de este mi\u00e9rcoles 22 de septiembre baja a fase 3.<\/p>\n<p style=\"text-align: justify;\">Seg\u00fan lo se\u00f1alado por el Alcalde Francisco Roncagliolo, esto debiera aplicarse solo a Puerto Cisnes, algo que ha conversado con la Seremi de Salud en otras oportunidades.<\/p>\n<p style=\"text-align: justify;\">\u201cCuando tengamos brotes por localidades y tengamos que retroceder de fase, ojala fu\u00e9ramos retrocediendo por localidades, o sea, si hoy se present\u00f3 en Puerto Cisnes, la idea es que sea Puerto Cisnes la que tuviera el retroceso y no afectar as\u00ed el libre trabajo de las dem\u00e1s localidades. Si hubiera pasado en La Junta, en Puyuhuapi, es el mismo criterio que ponemos a disposici\u00f3n y tambi\u00e9n es un criterio que maneja la Seremi de Salud, precisamente conociendo la realidad de comuna. En la cual, tenemos unas distancias mayores a 45 kil\u00f3metros entre localidades y que obviamente estamos bien distribuidos y que una situaci\u00f3n que pasa en una localidad, no necesariamente pueda afectar a otra. As\u00ed es que, por lo mismo, ese es el planteamiento que ha hecho la Seremi de Salud\u201d.<\/p>\n<p style=\"text-align: justify;\">Desde la Municipalidad y en relaci\u00f3n al brote de la variante Delta, se tom\u00f3 una medida especial con las clases espec\u00edficamente en Puerto Cisnes, agreg\u00f3 el Alcalde Roncagliolo.<\/p>\n<p style=\"text-align: justify;\">\u201cComo Municipalidad, como sostenedor de todo lo que significa la educaci\u00f3n a nivel comunal, tomamos una medida especifica con Puerto Cisnes, que tiene que ver con que de aqu\u00ed al d\u00eda viernes 24 de septiembre, nosotros vamos a evaluar c\u00f3mo se comporta esta situaci\u00f3n, si hay contenci\u00f3n. Hoy (lunes), hay una b\u00fasqueda activa en Puerto Cisnes, por lo tanto, esos resultados tambi\u00e9n van a ser positivos para nosotros, pensando en que la informaci\u00f3n que nos entreguen, nos va a permitir tomar otras decisiones. Por lo tanto, este viernes vamos a definir la situaci\u00f3n de continuidad de clases presenciales en Puerto Cisnes. Pero tambi\u00e9n han existido consultas por parte de padres y apoderados de otras localidades, Puyuhuapi, La Junta, que nos han preguntado en relaci\u00f3n a participar o no en las clases, as\u00ed es que, igual hemos tenido cierta flexibilidad de poder trabajar, entre presencial y online\u201d.<\/p>\n<p style=\"text-align: justify;\">El Alcalde de la comuna de Cisnes, Francisco Roncagliolo, enfatiz\u00f3 en el llamado al autocuidado, a tomar en cuenta las medidas preventivas del coronavirus, m\u00e1s ahora que en Puerto Cisnes est\u00e1 presente una nueva variante, indicando tambi\u00e9n que la fase 3 es una clara se\u00f1al de advertencia.<\/p>\n<p style=\"text-align: justify;\">\u201cLa fase 3 para nosotros es una clara se\u00f1al de advertencia, porque la idea no es volver a situaciones de mayor restricci\u00f3n. Obviamente tenemos que aplicar algunas medidas que permitan y acompa\u00f1en el trabajo que est\u00e1 haciendo el Servicio de Salud. Hoy valoramos lo que est\u00e1 haciendo la Seremi de Salud, a trav\u00e9s de su departamento de epidemiologia, la asesor\u00eda t\u00e9cnica que se est\u00e1 entregando permanentemente a una condici\u00f3n que es nueva. La condici\u00f3n nueva es que tenemos esta variante Delta, por lo tanto, hay protocolos que se hacen mucho m\u00e1s estrictos y por lo mismo en ese sentido tambi\u00e9n a nuestros vecinos hay que decirles claramente que si tenemos alg\u00fan brote de esta variante en cualquier lugar de la comuna, los protocolos son totalmente distintos a los que est\u00e1bamos acostumbrados\u201d.<\/p>\n<p style=\"text-align: justify;\">El Alcalde Roncagliolo, insisti\u00f3 en que la \u00fanica forma de evitar nuevos contagios es que la comunidad tome en cuenta las restricciones impuestas por la Seremi de Salud, seguir estrictamente utilizando las medidas preventivas, vacunarse a quienes no lo han hecho y proteger sobre a quienes est\u00e1n m\u00e1s propensos a contagiarse de coronavirus y sus variantes.<\/p>\n<\/div><\/section><\/div><div  style='height:50px' class='hr hr-invisible   avia-builder-el-6  el_after_av_one_full  el_before_av_social_share '><span class='hr-inner ' ><span class='hr-inner-style'><\/span><\/span><\/div><\/p>\n<div  class='av-social-sharing-box  avia-builder-el-7  el_after_av_hr  el_before_av_hr  '><div class='av-share-box'><h5 class='av-share-link-description av-no-toc '>Compartir esta noticia<\/h5><ul class='av-share-box-list noLightbox'><li class='av-share-link av-social-link-facebook' ><a target=\"_blank\" aria-label=\"Compartir en Facebook\" href='https:\/\/www.facebook.com\/sharer.php?u=https:\/\/radiorevelacionfm.cl\/?p=8858&#038;t=Alcalde%20de%20Cisnes%20%E2%80%9Cla%20fase%203%20es%20una%20se%C3%B1al%20de%20advertencia%2C%20la%20idea%20es%20no%20volver%20a%20retroceder%E2%80%9D' aria-hidden='false' data-av_icon='\ue8f3' data-av_iconfont='entypo-fontello' title='' data-avia-related-tooltip='Compartir en Facebook' rel=\"noopener\"><span class='avia_hidden_link_text'>Compartir en Facebook<\/span><\/a><\/li><li class='av-share-link av-social-link-twitter' ><a target=\"_blank\" aria-label=\"Compartir en Twitter\" href='https:\/\/twitter.com\/share?text=Alcalde%20de%20Cisnes%20%E2%80%9Cla%20fase%203%20es%20una%20se%C3%B1al%20de%20advertencia%2C%20la%20idea%20es%20no%20volver%20a%20retroceder%E2%80%9D&#038;url=https:\/\/radiorevelacionfm.cl\/?p=8858' aria-hidden='false' data-av_icon='\ue8f1' data-av_iconfont='entypo-fontello' title='' data-avia-related-tooltip='Compartir en Twitter' rel=\"noopener\"><span class='avia_hidden_link_text'>Compartir en Twitter<\/span><\/a><\/li><li class='av-share-link av-social-link-whatsapp' ><a target=\"_blank\" aria-label=\"Compartir en Whatsapp\" href='https:\/\/api.whatsapp.com\/send?text=https:\/\/radiorevelacionfm.cl\/?p=8858' aria-hidden='false' data-av_icon='\uf232' data-av_iconfont='entypo-fontello' title='' data-avia-related-tooltip='Compartir en Whatsapp' rel=\"noopener\"><span class='avia_hidden_link_text'>Compartir en Whatsapp<\/span><\/a><\/li><li class='av-share-link av-social-link-linkedin' ><a target=\"_blank\" aria-label=\"Compartir en LinkedIn\" href='https:\/\/linkedin.com\/shareArticle?mini=true&#038;title=Alcalde%20de%20Cisnes%20%E2%80%9Cla%20fase%203%20es%20una%20se%C3%B1al%20de%20advertencia%2C%20la%20idea%20es%20no%20volver%20a%20retroceder%E2%80%9D&#038;url=https:\/\/radiorevelacionfm.cl\/?p=8858' aria-hidden='false' data-av_icon='\ue8fc' data-av_iconfont='entypo-fontello' title='' data-avia-related-tooltip='Compartir en LinkedIn' rel=\"noopener\"><span class='avia_hidden_link_text'>Compartir en LinkedIn<\/span><\/a><\/li><li class='av-share-link av-social-link-mail' ><a  aria-label=\"Compartir por correo\" href='mailto:?subject=Alcalde%20de%20Cisnes%20%E2%80%9Cla%20fase%203%20es%20una%20se%C3%B1al%20de%20advertencia%2C%20la%20idea%20es%20no%20volver%20a%20retroceder%E2%80%9D&#038;body=https:\/\/radiorevelacionfm.cl\/?p=8858' aria-hidden='false' data-av_icon='\ue805' data-av_iconfont='entypo-fontello' title='' data-avia-related-tooltip='Compartir por correo'><span class='avia_hidden_link_text'>Compartir por correo<\/span><\/a><\/li><\/ul><\/div><\/div>\n<div  style='height:50px' class='hr hr-invisible   avia-builder-el-8  el_after_av_social_share  el_before_av_comments_list '><span class='hr-inner ' ><span class='hr-inner-style'><\/span><\/span><\/div>\n<div  class='av-buildercomment  av-blog-meta-html-info-disabled av-blog-meta-tag-disabled  '><\/div>\n","protected":false},"excerpt":{"rendered":"","protected":false},"author":1,"featured_media":8861,"comment_status":"open","ping_status":"open","sticky":false,"template":"","format":"standard","meta":{"footnotes":""},"categories":[38],"tags":[],"class_list":["post-8858","post","type-post","status-publish","format-standard","has-post-thumbnail","hentry","category-regional"],"jetpack_featured_media_url":"https:\/\/radiorevelacionfm.cl\/wp-content\/uploads\/2021\/09\/CISNES-1-1-1.jpg","_links":{"self":[{"href":"https:\/\/radiorevelacionfm.cl\/index.php?rest_route=\/wp\/v2\/posts\/8858","targetHints":{"allow":["GET"]}}],"collection":[{"href":"https:\/\/radiorevelacionfm.cl\/index.php?rest_route=\/wp\/v2\/posts"}],"about":[{"href":"https:\/\/radiorevelacionfm.cl\/index.php?rest_route=\/wp\/v2\/types\/post"}],"author":[{"embeddable":true,"href":"https:\/\/radiorevelacionfm.cl\/index.php?rest_route=\/wp\/v2\/users\/1"}],"replies":[{"embeddable":true,"href":"https:\/\/radiorevelacionfm.cl\/index.php?rest_route=%2Fwp%2Fv2%2Fcomments&post=8858"}],"version-history":[{"count":1,"href":"https:\/\/radiorevelacionfm.cl\/index.php?rest_route=\/wp\/v2\/posts\/8858\/revisions"}],"predecessor-version":[{"id":8862,"href":"https:\/\/radiorevelacionfm.cl\/index.php?rest_route=\/wp\/v2\/posts\/8858\/revisions\/8862"}],"wp:featuredmedia":[{"embeddable":true,"href":"https:\/\/radiorevelacionfm.cl\/index.php?rest_route=\/wp\/v2\/media\/8861"}],"wp:attachment":[{"href":"https:\/\/radiorevelacionfm.cl\/index.php?rest_route=%2Fwp%2Fv2%2Fmedia&parent=8858"}],"wp:term":[{"taxonomy":"category","embeddable":true,"href":"https:\/\/radiorevelacionfm.cl\/index.php?rest_route=%2Fwp%2Fv2%2Fcategories&post=8858"},{"taxonomy":"post_tag","embeddable":true,"href":"https:\/\/radiorevelacionfm.cl\/index.php?rest_route=%2Fwp%2Fv2%2Ftags&post=8858"}],"curies":[{"name":"wp","href":"https:\/\/api.w.org\/{rel}","templated":true}]}}