{"id":8853,"date":"2021-09-20T21:31:20","date_gmt":"2021-09-21T00:31:20","guid":{"rendered":"https:\/\/radiorevelacionfm.cl\/?p=8853"},"modified":"2021-09-20T21:37:26","modified_gmt":"2021-09-21T00:37:26","slug":"exitoso-resultado-tuvo-la-primera-rueda-de-negocios-entre-productoras-de-salmon-y-proveedores-de-servicios-locales-de-aysen","status":"publish","type":"post","link":"https:\/\/radiorevelacionfm.cl\/?p=8853","title":{"rendered":"Exitoso resultado tuvo la primera rueda de negocios entre productoras de salm\u00f3n y proveedores de servicios locales de Ays\u00e9n"},"content":{"rendered":"<div class=\"flex_column av_one_full  flex_column_div av-zero-column-padding first  avia-builder-el-0  el_before_av_one_full  avia-builder-el-first  \" style='border-radius:0px; '><div  class='avia-image-container  av-styling-    avia-builder-el-1  avia-builder-el-no-sibling  avia-align-center '  itemprop=\"image\" itemscope=\"itemscope\" itemtype=\"https:\/\/schema.org\/ImageObject\"  ><div class='avia-image-container-inner'><div class='avia-image-overlay-wrap'><img decoding=\"async\" class='wp-image-8854 avia-img-lazy-loading-not-8854 avia_image' src=\"https:\/\/radiorevelacionfm.cl\/wp-content\/uploads\/2021\/09\/rueda-negocios-1-1.jpg\" alt='' title='rueda negocios (1) (1)' height=\"600\" width=\"600\"  itemprop=\"thumbnailUrl\" srcset=\"https:\/\/radiorevelacionfm.cl\/wp-content\/uploads\/2021\/09\/rueda-negocios-1-1.jpg 600w, https:\/\/radiorevelacionfm.cl\/wp-content\/uploads\/2021\/09\/rueda-negocios-1-1-300x300.jpg 300w, https:\/\/radiorevelacionfm.cl\/wp-content\/uploads\/2021\/09\/rueda-negocios-1-1-80x80.jpg 80w, https:\/\/radiorevelacionfm.cl\/wp-content\/uploads\/2021\/09\/rueda-negocios-1-1-36x36.jpg 36w, https:\/\/radiorevelacionfm.cl\/wp-content\/uploads\/2021\/09\/rueda-negocios-1-1-180x180.jpg 180w, https:\/\/radiorevelacionfm.cl\/wp-content\/uploads\/2021\/09\/rueda-negocios-1-1-100x100.jpg 100w\" sizes=\"(max-width: 600px) 100vw, 600px\" \/><\/div><\/div><\/div><\/div><div class=\"flex_column av_one_full  flex_column_div av-zero-column-padding first  avia-builder-el-2  el_after_av_one_full  el_before_av_one_full  column-top-margin\" style='border-radius:0px; '><section class=\"av_textblock_section \"  itemscope=\"itemscope\" itemtype=\"https:\/\/schema.org\/BlogPosting\" itemprop=\"blogPost\" ><div class='avia_textblock  '   itemprop=\"text\" ><p style=\"text-align: center;\"><span style=\"font-size: 18pt;\"><b><span lang=\"ES\">Exitoso resultado tuvo la primera rueda de negocios entre productoras de salm\u00f3n y proveedores de servicios locales de Ays\u00e9n<\/span><\/b><\/span><\/p>\n<div id=\"gtx-trans\" style=\"position: absolute; left: -50px; top: 4.31534px;\">\n<div class=\"gtx-trans-icon\"><\/div>\n<\/div>\n<\/div><\/section><\/div><div class=\"flex_column av_one_full  flex_column_div av-zero-column-padding first  avia-builder-el-4  el_after_av_one_full  el_before_av_hr  column-top-margin\" style='border-radius:0px; '><section class=\"av_textblock_section \"  itemscope=\"itemscope\" itemtype=\"https:\/\/schema.org\/BlogPosting\" itemprop=\"blogPost\" ><div class='avia_textblock  '   itemprop=\"text\" ><p class=\"v1MsoNormal\" style=\"text-align: justify;\"><span lang=\"ES\">Un positivo balance de la primera rueda de negocios entre empresas productoras y proveedores locales de servicios acu\u00edcolas realiz\u00f3 el gestor del programa territorial Integrado\u00a0<\/span><span lang=\"ES\"><a href=\"https:\/\/fiordosycanales.cl\/\" target=\"_blank\" rel=\"noopener noreferrer\">Fiordos y Canales de Ays\u00e9n<\/a><\/span><i><span lang=\"ES\">\u00a0<\/span><\/i><span lang=\"ES\">de Corfo, Ismael Infante Crocco.<\/span><\/p>\n<p class=\"v1MsoNormal\" style=\"text-align: justify;\"><span lang=\"ES\">Explic\u00f3 que en la iniciativa participaron cinco empresas productoras (<\/span><span lang=\"ES\"><a href=\"https:\/\/mowi.com\/cl\/\" target=\"_blank\" rel=\"noopener noreferrer\">Mowi<\/a><\/span><span lang=\"ES\">,\u00a0<\/span><span lang=\"ES\"><a href=\"https:\/\/www.aquachile.com\/?q=en\" target=\"_blank\" rel=\"noopener noreferrer\">AquaChile<\/a><\/span><span lang=\"ES\">,\u00a0<\/span><span lang=\"ES\"><a href=\"https:\/\/www.multi-xsalmon.com\/\" target=\"_blank\" rel=\"noopener noreferrer\">MultiX<\/a><\/span><span lang=\"ES\">,\u00a0<\/span><span lang=\"ES\"><a href=\"https:\/\/www.blumar.com\/\" target=\"_blank\" rel=\"noopener noreferrer\">Blumar<\/a><\/span><span lang=\"ES\">\u00a0y\u00a0<\/span><span lang=\"ES\"><a href=\"https:\/\/www.australis-seafoods.com\/\" target=\"_blank\" rel=\"noopener noreferrer\">Australis<\/a><\/span><span lang=\"ES\">) y 14 empresas proveedoras de servicios locales, completando en total 30 reuniones de 15 minutos cada una.<\/span><\/p>\n<p class=\"v1MsoNormal\" style=\"text-align: justify;\"><span lang=\"ES\">\u00abSi bien fue la primera instancia de este tipo, donde aprendimos varias cosas, hubo buenos resultados. Se generaron al menos tres nuevos contratos gracias a la rueda de negocios. Lo importante, adem\u00e1s, no es solo lograr concretar un negocio, sino que tambi\u00e9n generar los contactos, ingresar al sistema de gesti\u00f3n de proveedores de las empresas y lograr darse a conocer de buena manera\u00bb, sostuvo Infante.<\/span><\/p>\n<p class=\"v1MsoNormal\" style=\"text-align: justify;\"><b><span lang=\"ES\">NUEVOS NEGOCIOS<\/span><\/b><\/p>\n<p class=\"v1MsoNormal\" style=\"text-align: justify;\"><span lang=\"ES\">Carlos D\u00edaz Varela, Ingeniero Civil Industrial y socio fundador de\u00a0<\/span><span lang=\"ES\"><a href=\"https:\/\/aysenrov.com\/\" target=\"_blank\" rel=\"noopener noreferrer\">Ays\u00e9nRov<\/a><\/span><span lang=\"ES\">, primera empresa en Ays\u00e9n con sistema exitoso de costurado in situ de redes loberas con Rovs, se\u00f1al\u00f3 que \u00abgracias a esta rueda de negocios, logramos coordinar de manera casi inmediata, pruebas con Mowi y actualmente estamos full con ellos. Asimismo, con AquaChile tambi\u00e9n realizamos pruebas, pero se atras\u00f3 todo por cambios internos en la empresa, pero tambi\u00e9n vamos por muy buen camino\u00bb.<\/span><\/p>\n<p class=\"v1MsoNormal\" style=\"text-align: justify;\"><span lang=\"ES\">Otro proveedor fue Invertech, empresa creada en el a\u00f1o 2019, y que durante el a\u00f1o 2020 focaliz\u00f3 su rumbo en la industria acu\u00edcola, ofreciendo estudios de calidad de energ\u00eda y espectroradiometr\u00eda. Su fundador Pablo Villarroel, Ingeniero Civil Electr\u00f3nico, que decidi\u00f3 dedicar su vida al emprendimiento y fue ganador del Desaf\u00edo Acu\u00edcola Ays\u00e9n que desarroll\u00f3 el PTI en su primer a\u00f1o de ejecuci\u00f3n, indic\u00f3 que \u00abestas ruedas de negocios son las oportunidades que uno anda buscando, la oportunidad de presentarse, presentar una propuesta, ofrecer una soluci\u00f3n a problemas que hemos identificado en los centros de cultivo. Si bien el proceso de ingresar es lento, confiamos en que vamos por buen camino.\u00a0<\/span>Por ahora, estamos esperando concretar con AquaChile, pero hubo cambios internos que retrasaron el proceso. Sin embargo, confiamos en que llegaremos a buen puerto\u00bb.<\/p>\n<p class=\"v1MsoNormal\" style=\"text-align: justify;\"><span lang=\"ES\">La primera rueda de negocios fue organizada por el PTI Fiordos y Canales de Corfo, programa que busca mejorar la competitividad de proveedores de servicios acu\u00edcolas en la Regi\u00f3n de Ays\u00e9n. En los pr\u00f3ximos d\u00edas, el 30 de septiembre, durante la ma\u00f1ana se desarrollar\u00e1 el seminario online\u00a0<a href=\"https:\/\/cutt.ly\/YEdA64X\" target=\"_blank\" rel=\"noopener noreferrer\">\u00abEmprendimiento y Tecnolog\u00edas para la salmonicultura en Ays\u00e9n\u00bb<\/a>\u00a0y en la tarde la Segunda Rueda de Negocios entre empresas productoras de salm\u00f3n locales y prestadores de servicios locales. Para participar,\u00a0<a href=\"https:\/\/www.centrodeeventosvirtual.cl\/ptiaysen\/rueda-negocios\" target=\"_blank\" rel=\"noopener noreferrer\">inscribirse aqu\u00ed<\/a>.\u00a0<u><\/u><\/span><\/p>\n<p class=\"v1MsoNormal\" style=\"text-align: justify;\"><b><span lang=\"ES\">TALLER<\/span><\/b><\/p>\n<p class=\"v1MsoNormal\" style=\"text-align: justify;\"><span lang=\"ES\">El gestor del PTI puntualiz\u00f3 que \u00abgracias a la realizaci\u00f3n de la primera rueda de negocios, pudimos evidenciar algunas falencias por parte de algunos proveedores, especialmente en el \u00e1mbito del marketing o presentaciones. Creemos que una importante parte de lograr nuevos contratos o negocios es saber presentarse de buena manera, mostrarse como una empresa formal y profesional por lo que este martes 21 de septiembre ofreceremos un taller que denominamos\u00a0<\/span><span lang=\"ES\"><a href=\"https:\/\/cutt.ly\/kEdSirV\" target=\"_blank\" rel=\"noopener noreferrer\">Mejora tu Presentaci\u00f3n<\/a><\/span><span lang=\"ES\">, con el apoyo de\u00a0<\/span><span lang=\"ES\"><a href=\"https:\/\/www.ecoterraneo.com\/\" target=\"_blank\" rel=\"noopener noreferrer\">Ecoterraneo Cowork<\/a><\/span><span lang=\"ES\">\u00a0e\u00a0<\/span><span lang=\"ES\"><a href=\"https:\/\/grupo-imagine.com\/\" target=\"_blank\" rel=\"noopener noreferrer\">ImagineLab<\/a><\/span><span lang=\"ES\">. Dejamos abierta la invitaci\u00f3n a todos aquellos proveedores que quieran mejorar o armar su presentaci\u00f3n desde cero, ya sea para una rueda de negocios o cualquier reuni\u00f3n donde deban presentarse como empresa\u00bb, concluy\u00f3 Infante.<\/span><\/p>\n<p class=\"v1MsoNormal\" style=\"text-align: justify;\"><span lang=\"ES\">Quienes quieran sumarse a esta actividad deben inscribirse en el siguiente formulario\u00a0<\/span><span lang=\"ES\"><a href=\"https:\/\/cutt.ly\/kEdSirV\" target=\"_blank\" rel=\"noopener noreferrer\">https:\/\/cutt.ly\/kEdSirV<\/a><\/span><\/p>\n<\/div><\/section><\/div><div  style='height:50px' class='hr hr-invisible   avia-builder-el-6  el_after_av_one_full  el_before_av_social_share '><span class='hr-inner ' ><span class='hr-inner-style'><\/span><\/span><\/div><\/p>\n<div  class='av-social-sharing-box  avia-builder-el-7  el_after_av_hr  el_before_av_hr  '><div class='av-share-box'><h5 class='av-share-link-description av-no-toc '>Compartir esta noticia<\/h5><ul class='av-share-box-list noLightbox'><li class='av-share-link av-social-link-facebook' ><a target=\"_blank\" aria-label=\"Compartir en Facebook\" href='https:\/\/www.facebook.com\/sharer.php?u=https:\/\/radiorevelacionfm.cl\/?p=8853&#038;t=Exitoso%20resultado%20tuvo%20la%20primera%20rueda%20de%20negocios%20entre%20productoras%20de%20salm%C3%B3n%20y%20proveedores%20de%20servicios%20locales%20de%20Ays%C3%A9n' aria-hidden='false' data-av_icon='\ue8f3' data-av_iconfont='entypo-fontello' title='' data-avia-related-tooltip='Compartir en Facebook' rel=\"noopener\"><span class='avia_hidden_link_text'>Compartir en Facebook<\/span><\/a><\/li><li class='av-share-link av-social-link-twitter' ><a target=\"_blank\" aria-label=\"Compartir en Twitter\" href='https:\/\/twitter.com\/share?text=Exitoso%20resultado%20tuvo%20la%20primera%20rueda%20de%20negocios%20entre%20productoras%20de%20salm%C3%B3n%20y%20proveedores%20de%20servicios%20locales%20de%20Ays%C3%A9n&#038;url=https:\/\/radiorevelacionfm.cl\/?p=8853' aria-hidden='false' data-av_icon='\ue8f1' data-av_iconfont='entypo-fontello' title='' data-avia-related-tooltip='Compartir en Twitter' rel=\"noopener\"><span class='avia_hidden_link_text'>Compartir en Twitter<\/span><\/a><\/li><li class='av-share-link av-social-link-whatsapp' ><a target=\"_blank\" aria-label=\"Compartir en Whatsapp\" href='https:\/\/api.whatsapp.com\/send?text=https:\/\/radiorevelacionfm.cl\/?p=8853' aria-hidden='false' data-av_icon='\uf232' data-av_iconfont='entypo-fontello' title='' data-avia-related-tooltip='Compartir en Whatsapp' rel=\"noopener\"><span class='avia_hidden_link_text'>Compartir en Whatsapp<\/span><\/a><\/li><li class='av-share-link av-social-link-linkedin' ><a target=\"_blank\" aria-label=\"Compartir en LinkedIn\" href='https:\/\/linkedin.com\/shareArticle?mini=true&#038;title=Exitoso%20resultado%20tuvo%20la%20primera%20rueda%20de%20negocios%20entre%20productoras%20de%20salm%C3%B3n%20y%20proveedores%20de%20servicios%20locales%20de%20Ays%C3%A9n&#038;url=https:\/\/radiorevelacionfm.cl\/?p=8853' aria-hidden='false' data-av_icon='\ue8fc' data-av_iconfont='entypo-fontello' title='' data-avia-related-tooltip='Compartir en LinkedIn' rel=\"noopener\"><span class='avia_hidden_link_text'>Compartir en LinkedIn<\/span><\/a><\/li><li class='av-share-link av-social-link-mail' ><a  aria-label=\"Compartir por correo\" href='mailto:?subject=Exitoso%20resultado%20tuvo%20la%20primera%20rueda%20de%20negocios%20entre%20productoras%20de%20salm%C3%B3n%20y%20proveedores%20de%20servicios%20locales%20de%20Ays%C3%A9n&#038;body=https:\/\/radiorevelacionfm.cl\/?p=8853' aria-hidden='false' data-av_icon='\ue805' data-av_iconfont='entypo-fontello' title='' data-avia-related-tooltip='Compartir por correo'><span class='avia_hidden_link_text'>Compartir por correo<\/span><\/a><\/li><\/ul><\/div><\/div>\n<div  style='height:50px' class='hr hr-invisible   avia-builder-el-8  el_after_av_social_share  el_before_av_comments_list '><span class='hr-inner ' ><span class='hr-inner-style'><\/span><\/span><\/div>\n<div  class='av-buildercomment  av-blog-meta-html-info-disabled av-blog-meta-tag-disabled  '><\/div>\n","protected":false},"excerpt":{"rendered":"","protected":false},"author":1,"featured_media":8857,"comment_status":"open","ping_status":"open","sticky":false,"template":"","format":"standard","meta":{"footnotes":""},"categories":[38],"tags":[],"class_list":["post-8853","post","type-post","status-publish","format-standard","has-post-thumbnail","hentry","category-regional"],"jetpack_featured_media_url":"https:\/\/radiorevelacionfm.cl\/wp-content\/uploads\/2021\/09\/rueda-negociosP-2-1.jpg","_links":{"self":[{"href":"https:\/\/radiorevelacionfm.cl\/index.php?rest_route=\/wp\/v2\/posts\/8853","targetHints":{"allow":["GET"]}}],"collection":[{"href":"https:\/\/radiorevelacionfm.cl\/index.php?rest_route=\/wp\/v2\/posts"}],"about":[{"href":"https:\/\/radiorevelacionfm.cl\/index.php?rest_route=\/wp\/v2\/types\/post"}],"author":[{"embeddable":true,"href":"https:\/\/radiorevelacionfm.cl\/index.php?rest_route=\/wp\/v2\/users\/1"}],"replies":[{"embeddable":true,"href":"https:\/\/radiorevelacionfm.cl\/index.php?rest_route=%2Fwp%2Fv2%2Fcomments&post=8853"}],"version-history":[{"count":1,"href":"https:\/\/radiorevelacionfm.cl\/index.php?rest_route=\/wp\/v2\/posts\/8853\/revisions"}],"predecessor-version":[{"id":8855,"href":"https:\/\/radiorevelacionfm.cl\/index.php?rest_route=\/wp\/v2\/posts\/8853\/revisions\/8855"}],"wp:featuredmedia":[{"embeddable":true,"href":"https:\/\/radiorevelacionfm.cl\/index.php?rest_route=\/wp\/v2\/media\/8857"}],"wp:attachment":[{"href":"https:\/\/radiorevelacionfm.cl\/index.php?rest_route=%2Fwp%2Fv2%2Fmedia&parent=8853"}],"wp:term":[{"taxonomy":"category","embeddable":true,"href":"https:\/\/radiorevelacionfm.cl\/index.php?rest_route=%2Fwp%2Fv2%2Fcategories&post=8853"},{"taxonomy":"post_tag","embeddable":true,"href":"https:\/\/radiorevelacionfm.cl\/index.php?rest_route=%2Fwp%2Fv2%2Ftags&post=8853"}],"curies":[{"name":"wp","href":"https:\/\/api.w.org\/{rel}","templated":true}]}}