{"id":8850,"date":"2021-09-20T21:20:39","date_gmt":"2021-09-21T00:20:39","guid":{"rendered":"https:\/\/radiorevelacionfm.cl\/?p=8850"},"modified":"2021-09-20T21:20:39","modified_gmt":"2021-09-21T00:20:39","slug":"tres-personas-denunciadas-por-infraccion-a-ley-de-extranjeria-y-un-caso-de-presunta-desgracia-es-el-balance-de-la-pdi-en-fiestas-patrias","status":"publish","type":"post","link":"https:\/\/radiorevelacionfm.cl\/?p=8850","title":{"rendered":"Tres personas denunciadas por infracci\u00f3n a Ley de Extranjer\u00eda y un caso de presunta desgracia es el balance de la PDI en Fiestas Patrias"},"content":{"rendered":"<div class=\"flex_column av_one_full  flex_column_div av-zero-column-padding first  avia-builder-el-0  el_before_av_one_full  avia-builder-el-first  \" style='border-radius:0px; '><div  class='avia-image-container  av-styling-    avia-builder-el-1  avia-builder-el-no-sibling  avia-align-center '  itemprop=\"image\" itemscope=\"itemscope\" itemtype=\"https:\/\/schema.org\/ImageObject\"  ><div class='avia-image-container-inner'><div class='avia-image-overlay-wrap'><img decoding=\"async\" class='wp-image-8851 avia-img-lazy-loading-not-8851 avia_image' src=\"https:\/\/radiorevelacionfm.cl\/wp-content\/uploads\/2021\/09\/servicios-coyahique-fiestas-patrias-1-1_optimized.jpg\" alt='' title='servicios-coyahique-fiestas-patrias-(1)-(1)_optimized' height=\"600\" width=\"1067\"  itemprop=\"thumbnailUrl\" srcset=\"https:\/\/radiorevelacionfm.cl\/wp-content\/uploads\/2021\/09\/servicios-coyahique-fiestas-patrias-1-1_optimized.jpg 1067w, https:\/\/radiorevelacionfm.cl\/wp-content\/uploads\/2021\/09\/servicios-coyahique-fiestas-patrias-1-1_optimized-300x169.jpg 300w, https:\/\/radiorevelacionfm.cl\/wp-content\/uploads\/2021\/09\/servicios-coyahique-fiestas-patrias-1-1_optimized-1030x579.jpg 1030w, https:\/\/radiorevelacionfm.cl\/wp-content\/uploads\/2021\/09\/servicios-coyahique-fiestas-patrias-1-1_optimized-768x432.jpg 768w, https:\/\/radiorevelacionfm.cl\/wp-content\/uploads\/2021\/09\/servicios-coyahique-fiestas-patrias-1-1_optimized-705x396.jpg 705w, https:\/\/radiorevelacionfm.cl\/wp-content\/uploads\/2021\/09\/servicios-coyahique-fiestas-patrias-1-1_optimized-600x337.jpg 600w\" sizes=\"(max-width: 1067px) 100vw, 1067px\" \/><\/div><\/div><\/div><\/div><div class=\"flex_column av_one_full  flex_column_div av-zero-column-padding first  avia-builder-el-2  el_after_av_one_full  el_before_av_one_full  column-top-margin\" style='border-radius:0px; '><section class=\"av_textblock_section \"  itemscope=\"itemscope\" itemtype=\"https:\/\/schema.org\/BlogPosting\" itemprop=\"blogPost\" ><div class='avia_textblock  '   itemprop=\"text\" ><p style=\"text-align: center;\"><strong><span style=\"font-size: 18pt;\">Tres personas denunciadas por infracci\u00f3n a Ley de Extranjer\u00eda y un caso de presunta desgracia es el balance de la PDI en Fiestas Patrias <\/span><\/strong><\/p>\n<div id=\"gtx-trans\" style=\"position: absolute; left: -50px; top: 4.31534px;\">\n<div class=\"gtx-trans-icon\"><\/div>\n<\/div>\n<\/div><\/section><\/div><div class=\"flex_column av_one_full  flex_column_div av-zero-column-padding first  avia-builder-el-4  el_after_av_one_full  el_before_av_hr  column-top-margin\" style='border-radius:0px; '><section class=\"av_textblock_section \"  itemscope=\"itemscope\" itemtype=\"https:\/\/schema.org\/BlogPosting\" itemprop=\"blogPost\" ><div class='avia_textblock  '   itemprop=\"text\" ><p style=\"text-align: justify;\">Con el objetivo de ejecutar acciones concretas en torno a las celebraciones de Fiestas Patrias 2021, la Polic\u00eda de Investigaciones de Chile llevo a cabo el \u201cPlan 18 Seguro\u201d, desplegando a detectives a lo largo de todo el pa\u00eds y a nivel regional en las ciudades de Coyhaique y Puerto Ays\u00e9n entre los d\u00edas 14 y 19 de septiembre, trabajando en conjunto con diferentes organismos p\u00fablicos.<\/p>\n<p style=\"text-align: justify;\">Entre las acciones que se ejecutaron se encuentra la fiscalizaci\u00f3n de ciudadanos chilenos y extranjeros en la v\u00eda p\u00fablica y locales comerciales, fiscalizando a un total de 13 personas de las cuales tres fueron denunciadas por infracci\u00f3n a la Ley de Extranjer\u00eda a la Autoridad Administrativa al ingresar de manera clandestina al territorio nacional y por realizar actividades remuneradas sin estar autorizado para trabajar en el pa\u00eds.<\/p>\n<p style=\"text-align: justify;\">De igual manera, se efectuaron fiscalizaciones previo al fin de semana para verificar ocurrencia de delitos de abigeato y contra la salud p\u00fablica en la ruta 240 Ays\u00e9n &#8211; Coyhaique, sector Pangal Bajo, Lago Riesco y Villa Ma\u00f1ihuales y se realizaron desplazamientos estrat\u00e9gicos de seguridad exterior y patrullajes preventivos con el fin de aumentar la presencia policial, colaborando en la seguridad perimetral de las ramadas realizadas durante el fin de semana en la comuna de Puerto Ays\u00e9n y las actividades en el marco del 211\u00b0Aniversario Patrio y la Parada Militar en honor a las Glorias del Ej\u00e9rcito en la comuna de Coyhaique, as\u00ed como tambi\u00e9n en distintos puntos de dichas comunas.<\/p>\n<p style=\"text-align: justify;\">Adem\u00e1s, durante la semana se dio cumplimiento a ocho \u00f3rdenes de detenci\u00f3n y arresto por los delitos de no pago de multas, lesiones, amenazas, entre otros.<\/p>\n<p style=\"text-align: justify;\">Asimismo, a ra\u00edz de una denuncia por presunta desgracia y luego de las primeras diligencias realizadas por los detectives, se logr\u00f3 dar con la ubicaci\u00f3n de una persona de sexo femenino, mayor de edad, quien se encuentra residiendo en la comuna de Parral, dando respuesta al requerimiento del denunciante sobre la ubicaci\u00f3n y paradero de su familiar.<\/p>\n<p style=\"text-align: justify;\">Desde la PDI destacaron que este tipo de servicio se desarroll\u00f3 con el prop\u00f3sito de garantizar el orden y la seguridad p\u00fablica durante las celebraciones de estas Fiestas Patrias, evitar comisi\u00f3n de delitos, investigar hechos de inter\u00e9s criminal\u00edstico y brindar seguridad a la comunidad.<\/p>\n<\/div><\/section><\/div><div  style='height:50px' class='hr hr-invisible   avia-builder-el-6  el_after_av_one_full  el_before_av_social_share '><span class='hr-inner ' ><span class='hr-inner-style'><\/span><\/span><\/div><\/p>\n<div  class='av-social-sharing-box  avia-builder-el-7  el_after_av_hr  el_before_av_hr  '><div class='av-share-box'><h5 class='av-share-link-description av-no-toc '>Compartir esta noticia<\/h5><ul class='av-share-box-list noLightbox'><li class='av-share-link av-social-link-facebook' ><a target=\"_blank\" aria-label=\"Compartir en Facebook\" href='https:\/\/www.facebook.com\/sharer.php?u=https:\/\/radiorevelacionfm.cl\/?p=8850&#038;t=Tres%20personas%20denunciadas%20por%20infracci%C3%B3n%20a%20Ley%20de%20Extranjer%C3%ADa%20y%20un%20caso%20de%20presunta%20desgracia%20es%20el%20balance%20de%20la%20PDI%20en%20Fiestas%20Patrias' aria-hidden='false' data-av_icon='\ue8f3' data-av_iconfont='entypo-fontello' title='' data-avia-related-tooltip='Compartir en Facebook' rel=\"noopener\"><span class='avia_hidden_link_text'>Compartir en Facebook<\/span><\/a><\/li><li class='av-share-link av-social-link-twitter' ><a target=\"_blank\" aria-label=\"Compartir en Twitter\" href='https:\/\/twitter.com\/share?text=Tres%20personas%20denunciadas%20por%20infracci%C3%B3n%20a%20Ley%20de%20Extranjer%C3%ADa%20y%20un%20caso%20de%20presunta%20desgracia%20es%20el%20balance%20de%20la%20PDI%20en%20Fiestas%20Patrias&#038;url=https:\/\/radiorevelacionfm.cl\/?p=8850' aria-hidden='false' data-av_icon='\ue8f1' data-av_iconfont='entypo-fontello' title='' data-avia-related-tooltip='Compartir en Twitter' rel=\"noopener\"><span class='avia_hidden_link_text'>Compartir en Twitter<\/span><\/a><\/li><li class='av-share-link av-social-link-whatsapp' ><a target=\"_blank\" aria-label=\"Compartir en Whatsapp\" href='https:\/\/api.whatsapp.com\/send?text=https:\/\/radiorevelacionfm.cl\/?p=8850' aria-hidden='false' data-av_icon='\uf232' data-av_iconfont='entypo-fontello' title='' data-avia-related-tooltip='Compartir en Whatsapp' rel=\"noopener\"><span class='avia_hidden_link_text'>Compartir en Whatsapp<\/span><\/a><\/li><li class='av-share-link av-social-link-linkedin' ><a target=\"_blank\" aria-label=\"Compartir en LinkedIn\" href='https:\/\/linkedin.com\/shareArticle?mini=true&#038;title=Tres%20personas%20denunciadas%20por%20infracci%C3%B3n%20a%20Ley%20de%20Extranjer%C3%ADa%20y%20un%20caso%20de%20presunta%20desgracia%20es%20el%20balance%20de%20la%20PDI%20en%20Fiestas%20Patrias&#038;url=https:\/\/radiorevelacionfm.cl\/?p=8850' aria-hidden='false' data-av_icon='\ue8fc' data-av_iconfont='entypo-fontello' title='' data-avia-related-tooltip='Compartir en LinkedIn' rel=\"noopener\"><span class='avia_hidden_link_text'>Compartir en LinkedIn<\/span><\/a><\/li><li class='av-share-link av-social-link-mail' ><a  aria-label=\"Compartir por correo\" href='mailto:?subject=Tres%20personas%20denunciadas%20por%20infracci%C3%B3n%20a%20Ley%20de%20Extranjer%C3%ADa%20y%20un%20caso%20de%20presunta%20desgracia%20es%20el%20balance%20de%20la%20PDI%20en%20Fiestas%20Patrias&#038;body=https:\/\/radiorevelacionfm.cl\/?p=8850' aria-hidden='false' data-av_icon='\ue805' data-av_iconfont='entypo-fontello' title='' data-avia-related-tooltip='Compartir por correo'><span class='avia_hidden_link_text'>Compartir por correo<\/span><\/a><\/li><\/ul><\/div><\/div>\n<div  style='height:50px' class='hr hr-invisible   avia-builder-el-8  el_after_av_social_share  el_before_av_comments_list '><span class='hr-inner ' ><span class='hr-inner-style'><\/span><\/span><\/div>\n<div  class='av-buildercomment  av-blog-meta-html-info-disabled av-blog-meta-tag-disabled  '><\/div>\n","protected":false},"excerpt":{"rendered":"","protected":false},"author":1,"featured_media":8851,"comment_status":"open","ping_status":"open","sticky":false,"template":"","format":"standard","meta":{"footnotes":""},"categories":[36],"tags":[],"class_list":["post-8850","post","type-post","status-publish","format-standard","has-post-thumbnail","hentry","category-policial"],"jetpack_featured_media_url":"https:\/\/radiorevelacionfm.cl\/wp-content\/uploads\/2021\/09\/servicios-coyahique-fiestas-patrias-1-1_optimized.jpg","_links":{"self":[{"href":"https:\/\/radiorevelacionfm.cl\/index.php?rest_route=\/wp\/v2\/posts\/8850","targetHints":{"allow":["GET"]}}],"collection":[{"href":"https:\/\/radiorevelacionfm.cl\/index.php?rest_route=\/wp\/v2\/posts"}],"about":[{"href":"https:\/\/radiorevelacionfm.cl\/index.php?rest_route=\/wp\/v2\/types\/post"}],"author":[{"embeddable":true,"href":"https:\/\/radiorevelacionfm.cl\/index.php?rest_route=\/wp\/v2\/users\/1"}],"replies":[{"embeddable":true,"href":"https:\/\/radiorevelacionfm.cl\/index.php?rest_route=%2Fwp%2Fv2%2Fcomments&post=8850"}],"version-history":[{"count":1,"href":"https:\/\/radiorevelacionfm.cl\/index.php?rest_route=\/wp\/v2\/posts\/8850\/revisions"}],"predecessor-version":[{"id":8852,"href":"https:\/\/radiorevelacionfm.cl\/index.php?rest_route=\/wp\/v2\/posts\/8850\/revisions\/8852"}],"wp:featuredmedia":[{"embeddable":true,"href":"https:\/\/radiorevelacionfm.cl\/index.php?rest_route=\/wp\/v2\/media\/8851"}],"wp:attachment":[{"href":"https:\/\/radiorevelacionfm.cl\/index.php?rest_route=%2Fwp%2Fv2%2Fmedia&parent=8850"}],"wp:term":[{"taxonomy":"category","embeddable":true,"href":"https:\/\/radiorevelacionfm.cl\/index.php?rest_route=%2Fwp%2Fv2%2Fcategories&post=8850"},{"taxonomy":"post_tag","embeddable":true,"href":"https:\/\/radiorevelacionfm.cl\/index.php?rest_route=%2Fwp%2Fv2%2Ftags&post=8850"}],"curies":[{"name":"wp","href":"https:\/\/api.w.org\/{rel}","templated":true}]}}