{"id":8846,"date":"2021-09-20T20:20:28","date_gmt":"2021-09-20T23:20:28","guid":{"rendered":"https:\/\/radiorevelacionfm.cl\/?p=8846"},"modified":"2021-09-20T20:20:28","modified_gmt":"2021-09-20T23:20:28","slug":"en-puerto-cisnes-lanzan-campana-para-reciclar-aceite-vegetal","status":"publish","type":"post","link":"https:\/\/radiorevelacionfm.cl\/?p=8846","title":{"rendered":"En Puerto Cisnes lanzan Campa\u00f1a para reciclar aceite vegetal"},"content":{"rendered":"<div class=\"flex_column av_one_full  flex_column_div av-zero-column-padding first  avia-builder-el-0  el_before_av_one_full  avia-builder-el-first  \" style='border-radius:0px; '><div  class='avia-image-container  av-styling-    avia-builder-el-1  avia-builder-el-no-sibling  avia-align-center '  itemprop=\"image\" itemscope=\"itemscope\" itemtype=\"https:\/\/schema.org\/ImageObject\"  ><div class='avia-image-container-inner'><div class='avia-image-overlay-wrap'><img decoding=\"async\" class='wp-image-8848 avia-img-lazy-loading-not-8848 avia_image' src=\"https:\/\/radiorevelacionfm.cl\/wp-content\/uploads\/2021\/09\/PUERTO-CISNES-2-1-1.jpg\" alt='' title='PUERTO CISNES 2 (1) (1)' height=\"600\" width=\"1181\"  itemprop=\"thumbnailUrl\" srcset=\"https:\/\/radiorevelacionfm.cl\/wp-content\/uploads\/2021\/09\/PUERTO-CISNES-2-1-1.jpg 1181w, https:\/\/radiorevelacionfm.cl\/wp-content\/uploads\/2021\/09\/PUERTO-CISNES-2-1-1-300x152.jpg 300w, https:\/\/radiorevelacionfm.cl\/wp-content\/uploads\/2021\/09\/PUERTO-CISNES-2-1-1-1030x523.jpg 1030w, https:\/\/radiorevelacionfm.cl\/wp-content\/uploads\/2021\/09\/PUERTO-CISNES-2-1-1-768x390.jpg 768w, https:\/\/radiorevelacionfm.cl\/wp-content\/uploads\/2021\/09\/PUERTO-CISNES-2-1-1-705x358.jpg 705w, https:\/\/radiorevelacionfm.cl\/wp-content\/uploads\/2021\/09\/PUERTO-CISNES-2-1-1-600x305.jpg 600w\" sizes=\"(max-width: 1181px) 100vw, 1181px\" \/><\/div><\/div><\/div><\/div><div class=\"flex_column av_one_full  flex_column_div av-zero-column-padding first  avia-builder-el-2  el_after_av_one_full  el_before_av_one_full  column-top-margin\" style='border-radius:0px; '><section class=\"av_textblock_section \"  itemscope=\"itemscope\" itemtype=\"https:\/\/schema.org\/BlogPosting\" itemprop=\"blogPost\" ><div class='avia_textblock  '   itemprop=\"text\" ><p style=\"text-align: center;\"><strong><span style=\"font-size: 18pt;\">En Puerto Cisnes lanzan Campa\u00f1a para reciclar aceite vegetal <\/span><\/strong><\/p>\n<div id=\"gtx-trans\" style=\"position: absolute; left: -50px; top: 4.31534px;\">\n<div class=\"gtx-trans-icon\"><\/div>\n<\/div>\n<\/div><\/section><\/div><div class=\"flex_column av_one_full  flex_column_div av-zero-column-padding first  avia-builder-el-4  el_after_av_one_full  el_before_av_hr  column-top-margin\" style='border-radius:0px; '><section class=\"av_textblock_section \"  itemscope=\"itemscope\" itemtype=\"https:\/\/schema.org\/BlogPosting\" itemprop=\"blogPost\" ><div class='avia_textblock  '   itemprop=\"text\" ><p style=\"text-align: justify;\">La Municipalidad de Cisnes lidera una campa\u00f1a de reciclaje de aceite vegetal junto a Patagonia Viva y Fecunda Patagonia, durante estos d\u00edas de Fiestas Patrias y lo que resta de esta semana, de seguro los locales de comida y en las viviendas muchas familias utilizaron bastante este elemento y la idea es que ello no vaya a parar a un lugar que no corresponde. Es as\u00ed que, se organiz\u00f3 esta iniciativa que el d\u00eda s\u00e1bado 25 de septiembre considera la instalaci\u00f3n de un recipiente de mil litros en Puerto Cisnes.<\/p>\n<p style=\"text-align: justify;\">El Alcalde, Francisco Roncagliolo, destac\u00f3 respeto a esta importante campa\u00f1a, \u201cla cual consiste en reciclar todo lo que son aceites vegetales usados, todos los aceites de cociner\u00eda, los que se ocupan en las fiestas, para que puedan ser llevados a disposici\u00f3n final en un lugar que est\u00e9 autorizado. Vamos a partir en Puerto Cisnes, porque es una experiencia nueva tambi\u00e9n para nosotros como Municipalidad y lo importante es ver c\u00f3mo funciona para poder proyectarlo al resto de la comuna\u201d.<\/p>\n<p style=\"text-align: justify;\">En tanto, Feisal Ahuile, de la Corporaci\u00f3n \u201cPatagonia Viva\u201d, manifest\u00f3 que Cisnes es un gran ejemplo para que otras comunas sigan avanzando en la gesti\u00f3n de sus residuos y en este caso particular relev\u00f3 que se apueste al reciclaje del aceite.<\/p>\n<p style=\"text-align: justify;\">\u201cCuando hagan las frituras para las papas fritas, todo lo que se haga en freidoras, las pichangas, a nuestros amigos del sector gastron\u00f3mico, que utilizan mucho el aceite vegetal, simplemente cuando ya no sirva para poder seguir friendo, les vamos a pedir que lo dejen enfriar, pasarlo por un colador y luego depositarlo en botellas transparentes, pueden ser de jugo, de bebida o pueden ser las mismas botellas donde compran el aceite o los bidones de 5 litros donde los compran. Porque el d\u00eda 25 de septiembre vamos a estar haciendo la recolecci\u00f3n de todos los aceites que se hayan reunido en sus hogares\u201d.<\/p>\n<p style=\"text-align: justify;\">La idea es poder dar una segunda vida a este aceite, sin dejar de considerar por ejemplo que si ese aceite vegetal usado no fuera parte del reciclaje, solo un litro de este producto \u201cpodr\u00eda contaminar hasta 100 mil litros de agua\u201d, concluy\u00f3 se\u00f1alando Feisal Ahuile.<\/p>\n<\/div><\/section><\/div><div  style='height:50px' class='hr hr-invisible   avia-builder-el-6  el_after_av_one_full  el_before_av_social_share '><span class='hr-inner ' ><span class='hr-inner-style'><\/span><\/span><\/div><\/p>\n<div  class='av-social-sharing-box  avia-builder-el-7  el_after_av_hr  el_before_av_hr  '><div class='av-share-box'><h5 class='av-share-link-description av-no-toc '>Compartir esta noticia<\/h5><ul class='av-share-box-list noLightbox'><li class='av-share-link av-social-link-facebook' ><a target=\"_blank\" aria-label=\"Compartir en Facebook\" href='https:\/\/www.facebook.com\/sharer.php?u=https:\/\/radiorevelacionfm.cl\/?p=8846&#038;t=En%20Puerto%20Cisnes%20lanzan%20Campa%C3%B1a%20para%20reciclar%20aceite%20vegetal' aria-hidden='false' data-av_icon='\ue8f3' data-av_iconfont='entypo-fontello' title='' data-avia-related-tooltip='Compartir en Facebook' rel=\"noopener\"><span class='avia_hidden_link_text'>Compartir en Facebook<\/span><\/a><\/li><li class='av-share-link av-social-link-twitter' ><a target=\"_blank\" aria-label=\"Compartir en Twitter\" href='https:\/\/twitter.com\/share?text=En%20Puerto%20Cisnes%20lanzan%20Campa%C3%B1a%20para%20reciclar%20aceite%20vegetal&#038;url=https:\/\/radiorevelacionfm.cl\/?p=8846' aria-hidden='false' data-av_icon='\ue8f1' data-av_iconfont='entypo-fontello' title='' data-avia-related-tooltip='Compartir en Twitter' rel=\"noopener\"><span class='avia_hidden_link_text'>Compartir en Twitter<\/span><\/a><\/li><li class='av-share-link av-social-link-whatsapp' ><a target=\"_blank\" aria-label=\"Compartir en Whatsapp\" href='https:\/\/api.whatsapp.com\/send?text=https:\/\/radiorevelacionfm.cl\/?p=8846' aria-hidden='false' data-av_icon='\uf232' data-av_iconfont='entypo-fontello' title='' data-avia-related-tooltip='Compartir en Whatsapp' rel=\"noopener\"><span class='avia_hidden_link_text'>Compartir en Whatsapp<\/span><\/a><\/li><li class='av-share-link av-social-link-linkedin' ><a target=\"_blank\" aria-label=\"Compartir en LinkedIn\" href='https:\/\/linkedin.com\/shareArticle?mini=true&#038;title=En%20Puerto%20Cisnes%20lanzan%20Campa%C3%B1a%20para%20reciclar%20aceite%20vegetal&#038;url=https:\/\/radiorevelacionfm.cl\/?p=8846' aria-hidden='false' data-av_icon='\ue8fc' data-av_iconfont='entypo-fontello' title='' data-avia-related-tooltip='Compartir en LinkedIn' rel=\"noopener\"><span class='avia_hidden_link_text'>Compartir en LinkedIn<\/span><\/a><\/li><li class='av-share-link av-social-link-mail' ><a  aria-label=\"Compartir por correo\" href='mailto:?subject=En%20Puerto%20Cisnes%20lanzan%20Campa%C3%B1a%20para%20reciclar%20aceite%20vegetal&#038;body=https:\/\/radiorevelacionfm.cl\/?p=8846' aria-hidden='false' data-av_icon='\ue805' data-av_iconfont='entypo-fontello' title='' data-avia-related-tooltip='Compartir por correo'><span class='avia_hidden_link_text'>Compartir por correo<\/span><\/a><\/li><\/ul><\/div><\/div>\n<div  style='height:50px' class='hr hr-invisible   avia-builder-el-8  el_after_av_social_share  el_before_av_comments_list '><span class='hr-inner ' ><span class='hr-inner-style'><\/span><\/span><\/div>\n<div  class='av-buildercomment  av-blog-meta-html-info-disabled av-blog-meta-tag-disabled  '><\/div>\n","protected":false},"excerpt":{"rendered":"","protected":false},"author":1,"featured_media":8848,"comment_status":"open","ping_status":"open","sticky":false,"template":"","format":"standard","meta":{"footnotes":""},"categories":[38],"tags":[],"class_list":["post-8846","post","type-post","status-publish","format-standard","has-post-thumbnail","hentry","category-regional"],"jetpack_featured_media_url":"https:\/\/radiorevelacionfm.cl\/wp-content\/uploads\/2021\/09\/PUERTO-CISNES-2-1-1.jpg","_links":{"self":[{"href":"https:\/\/radiorevelacionfm.cl\/index.php?rest_route=\/wp\/v2\/posts\/8846","targetHints":{"allow":["GET"]}}],"collection":[{"href":"https:\/\/radiorevelacionfm.cl\/index.php?rest_route=\/wp\/v2\/posts"}],"about":[{"href":"https:\/\/radiorevelacionfm.cl\/index.php?rest_route=\/wp\/v2\/types\/post"}],"author":[{"embeddable":true,"href":"https:\/\/radiorevelacionfm.cl\/index.php?rest_route=\/wp\/v2\/users\/1"}],"replies":[{"embeddable":true,"href":"https:\/\/radiorevelacionfm.cl\/index.php?rest_route=%2Fwp%2Fv2%2Fcomments&post=8846"}],"version-history":[{"count":1,"href":"https:\/\/radiorevelacionfm.cl\/index.php?rest_route=\/wp\/v2\/posts\/8846\/revisions"}],"predecessor-version":[{"id":8849,"href":"https:\/\/radiorevelacionfm.cl\/index.php?rest_route=\/wp\/v2\/posts\/8846\/revisions\/8849"}],"wp:featuredmedia":[{"embeddable":true,"href":"https:\/\/radiorevelacionfm.cl\/index.php?rest_route=\/wp\/v2\/media\/8848"}],"wp:attachment":[{"href":"https:\/\/radiorevelacionfm.cl\/index.php?rest_route=%2Fwp%2Fv2%2Fmedia&parent=8846"}],"wp:term":[{"taxonomy":"category","embeddable":true,"href":"https:\/\/radiorevelacionfm.cl\/index.php?rest_route=%2Fwp%2Fv2%2Fcategories&post=8846"},{"taxonomy":"post_tag","embeddable":true,"href":"https:\/\/radiorevelacionfm.cl\/index.php?rest_route=%2Fwp%2Fv2%2Ftags&post=8846"}],"curies":[{"name":"wp","href":"https:\/\/api.w.org\/{rel}","templated":true}]}}