{"id":8843,"date":"2021-09-20T12:15:48","date_gmt":"2021-09-20T15:15:48","guid":{"rendered":"https:\/\/radiorevelacionfm.cl\/?p=8843"},"modified":"2021-09-20T12:15:48","modified_gmt":"2021-09-20T15:15:48","slug":"celebraciones-patrias-en-rio-ibanez-fueron-una-gran-fiesta","status":"publish","type":"post","link":"https:\/\/radiorevelacionfm.cl\/?p=8843","title":{"rendered":"Celebraciones patrias en R\u00edo Ib\u00e1\u00f1ez fueron una gran fiesta"},"content":{"rendered":"<div class=\"flex_column av_one_full  flex_column_div av-zero-column-padding first  avia-builder-el-0  el_before_av_one_full  avia-builder-el-first  \" style='border-radius:0px; '><div  class='avia-image-container  av-styling-    avia-builder-el-1  avia-builder-el-no-sibling  avia-align-center '  itemprop=\"image\" itemscope=\"itemscope\" itemtype=\"https:\/\/schema.org\/ImageObject\"  ><div class='avia-image-container-inner'><div class='avia-image-overlay-wrap'><img decoding=\"async\" class='wp-image-8844 avia-img-lazy-loading-not-8844 avia_image' src=\"https:\/\/radiorevelacionfm.cl\/wp-content\/uploads\/2021\/09\/img-8850-1_optimized.jpg\" alt='' title='img-8850-(1)_optimized' height=\"600\" width=\"800\"  itemprop=\"thumbnailUrl\" srcset=\"https:\/\/radiorevelacionfm.cl\/wp-content\/uploads\/2021\/09\/img-8850-1_optimized.jpg 800w, https:\/\/radiorevelacionfm.cl\/wp-content\/uploads\/2021\/09\/img-8850-1_optimized-300x225.jpg 300w, https:\/\/radiorevelacionfm.cl\/wp-content\/uploads\/2021\/09\/img-8850-1_optimized-768x576.jpg 768w, https:\/\/radiorevelacionfm.cl\/wp-content\/uploads\/2021\/09\/img-8850-1_optimized-705x529.jpg 705w, https:\/\/radiorevelacionfm.cl\/wp-content\/uploads\/2021\/09\/img-8850-1_optimized-600x450.jpg 600w\" sizes=\"(max-width: 800px) 100vw, 800px\" \/><\/div><\/div><\/div><\/div><div class=\"flex_column av_one_full  flex_column_div av-zero-column-padding first  avia-builder-el-2  el_after_av_one_full  el_before_av_one_full  column-top-margin\" style='border-radius:0px; '><section class=\"av_textblock_section \"  itemscope=\"itemscope\" itemtype=\"https:\/\/schema.org\/BlogPosting\" itemprop=\"blogPost\" ><div class='avia_textblock  '   itemprop=\"text\" ><p style=\"text-align: center;\"><strong><span style=\"font-size: 18pt;\">Celebraciones patrias en R\u00edo Ib\u00e1\u00f1ez fueron una gran fiesta<\/span><\/strong><\/p>\n<div id=\"gtx-trans\" style=\"position: absolute; left: -50px; top: 4.31534px;\">\n<div class=\"gtx-trans-icon\"><\/div>\n<\/div>\n<\/div><\/section><\/div><div class=\"flex_column av_one_full  flex_column_div av-zero-column-padding first  avia-builder-el-4  el_after_av_one_full  el_before_av_hr  column-top-margin\" style='border-radius:0px; '><section class=\"av_textblock_section \"  itemscope=\"itemscope\" itemtype=\"https:\/\/schema.org\/BlogPosting\" itemprop=\"blogPost\" ><div class='avia_textblock  '   itemprop=\"text\" ><p style=\"font-weight: 400; text-align: justify;\">Las actividades que comenzaron el pasado mi\u00e9rcoles 15 de septiembre, incluyeron desfiles C\u00edvico-Militares en las localidades de la zona, la infaltable cueca, Feria Local Dieciochera, la popular Jineteada, entre otras instancias.<\/p>\n<p style=\"font-weight: 400; text-align: justify;\">Las melod\u00edas patrias se escucharon m\u00e1s fuerte que nunca en R\u00edo Ib\u00e1\u00f1ez. Tras no celebrar el a\u00f1o pasado por motivos de la pandemia, vecinos y turistas acudieron a la comuna para festejar y disfrutar de las diferentes actividades respetando todas las medidas sanitarias.<\/p>\n<p style=\"font-weight: 400; text-align: justify;\">Uno de los eventos m\u00e1s esperados por los residentes y visitantes fue el de la popular Jineteada, la que se realiz\u00f3 el pasado 18 y 19 de septiembre, en el que 300 personas se deleitaron con el tradicional acto en Puerto Ingeniero Ib\u00e1\u00f1ez.<\/p>\n<p style=\"font-weight: 400; text-align: justify;\">El alcalde de la Municipalidad de R\u00edo Ib\u00e1\u00f1ez, Marcelo Santana, expres\u00f3 su gratitud por confiar en la comuna para pasar estas celebraciones en familia.<\/p>\n<p style=\"font-weight: 400; text-align: justify;\">\u201cEstamos muy agradecidos por el comportamiento de nuestros vecinos, porque tambi\u00e9n nos acompa\u00f1aron vecinos de otras comunas y destacamos el compromiso al respetar los protocolos de salud, que nos permitieron tener actividades seguras. Felices de que las Jineteadas hayan sido un \u00e9xito y destacar a todo el equipo que permite realizar este tipo de eventos\u201d, asever\u00f3.<\/p>\n<p style=\"font-weight: 400; text-align: justify;\">Adem\u00e1s, el jefe comunal destac\u00f3 el buen comportamiento de los asistentes y espera que teniendo esto como antecedente, se puedan realizar m\u00e1s actos de este tipo a futuro.<\/p>\n<p style=\"font-weight: 400; text-align: justify;\">Por su parte, uno de los espectadores, Ram\u00f3n \u00c1guila, afirm\u00f3 que \u201ces muy bueno porque a si le da el realce que tiene esta comunidad de R\u00edo Ib\u00e1\u00f1ez. Esto es bueno porque sirve para poder incentivar a la gente y que se distraiga. Ojal\u00e1 puedan seguir viniendo a estas instancias que son buenas tanto para la comuna como para toda la Regi\u00f3n de Ays\u00e9n\u201d.<\/p>\n<p style=\"font-weight: 400; text-align: justify;\"><strong>Impulso para emprendedores<\/strong><\/p>\n<p style=\"font-weight: 400; text-align: justify;\">Otros de los eventos emblem\u00e1ticos de estas fiestas patrias fue la Feria Dieciochera Local, organizada junto a emprendedores y la Oficina de Fomento Productivo y Turismo de la Municipalidad de R\u00edo Ib\u00e1\u00f1ez.<\/p>\n<p style=\"font-weight: 400; text-align: justify;\">Respecto a esta instancia, la presidenta del Comit\u00e9 de Recolectoras Las Collallas, Zulem Villagr\u00e1n, agradeci\u00f3 el reencuentro y enfatiz\u00f3 que esto es una gran ayuda para vender sus productos. \u201cEs ya la segunda feria de la que he participado este a\u00f1o y nos ha ido bien gracias a Dios. La acogida de los vecinos y turistas ha sido bastante participativa y todos con sus responsabilidades, uso de mascarillas y todo bien controlado\u201d.<\/p>\n<p style=\"font-weight: 400; text-align: justify;\">En la feria participaron alrededor de 50 personas, que iban rotando debido al aforo del recinto. Se vendieron productos para consumir mate, tejidos, cer\u00e1mica, plantas, dulces, entre otros.<\/p>\n<p style=\"font-weight: 400; text-align: justify;\">Cabe destacar que las fiestas patrias se seguir\u00e1n celebrando en la comuna. El 25 de septiembre se realizar\u00e1 el Gran Cuecazo y Cicleteada Familiar en Puerto R\u00edo Tranquilo. En tanto, el cierre definitivo de las celebraciones se realizar\u00e1 el 26 del mismo mes en Puerto S\u00e1nchez con actividades similares.<\/p>\n<\/div><\/section><\/div><div  style='height:50px' class='hr hr-invisible   avia-builder-el-6  el_after_av_one_full  el_before_av_social_share '><span class='hr-inner ' ><span class='hr-inner-style'><\/span><\/span><\/div><\/p>\n<div  class='av-social-sharing-box  avia-builder-el-7  el_after_av_hr  el_before_av_hr  '><div class='av-share-box'><h5 class='av-share-link-description av-no-toc '>Compartir esta noticia<\/h5><ul class='av-share-box-list noLightbox'><li class='av-share-link av-social-link-facebook' ><a target=\"_blank\" aria-label=\"Compartir en Facebook\" href='https:\/\/www.facebook.com\/sharer.php?u=https:\/\/radiorevelacionfm.cl\/?p=8843&#038;t=Celebraciones%20patrias%20en%20R%C3%ADo%20Ib%C3%A1%C3%B1ez%20fueron%20una%20gran%20fiesta' aria-hidden='false' data-av_icon='\ue8f3' data-av_iconfont='entypo-fontello' title='' data-avia-related-tooltip='Compartir en Facebook' rel=\"noopener\"><span class='avia_hidden_link_text'>Compartir en Facebook<\/span><\/a><\/li><li class='av-share-link av-social-link-twitter' ><a target=\"_blank\" aria-label=\"Compartir en Twitter\" href='https:\/\/twitter.com\/share?text=Celebraciones%20patrias%20en%20R%C3%ADo%20Ib%C3%A1%C3%B1ez%20fueron%20una%20gran%20fiesta&#038;url=https:\/\/radiorevelacionfm.cl\/?p=8843' aria-hidden='false' data-av_icon='\ue8f1' data-av_iconfont='entypo-fontello' title='' data-avia-related-tooltip='Compartir en Twitter' rel=\"noopener\"><span class='avia_hidden_link_text'>Compartir en Twitter<\/span><\/a><\/li><li class='av-share-link av-social-link-whatsapp' ><a target=\"_blank\" aria-label=\"Compartir en Whatsapp\" href='https:\/\/api.whatsapp.com\/send?text=https:\/\/radiorevelacionfm.cl\/?p=8843' aria-hidden='false' data-av_icon='\uf232' data-av_iconfont='entypo-fontello' title='' data-avia-related-tooltip='Compartir en Whatsapp' rel=\"noopener\"><span class='avia_hidden_link_text'>Compartir en Whatsapp<\/span><\/a><\/li><li class='av-share-link av-social-link-linkedin' ><a target=\"_blank\" aria-label=\"Compartir en LinkedIn\" href='https:\/\/linkedin.com\/shareArticle?mini=true&#038;title=Celebraciones%20patrias%20en%20R%C3%ADo%20Ib%C3%A1%C3%B1ez%20fueron%20una%20gran%20fiesta&#038;url=https:\/\/radiorevelacionfm.cl\/?p=8843' aria-hidden='false' data-av_icon='\ue8fc' data-av_iconfont='entypo-fontello' title='' data-avia-related-tooltip='Compartir en LinkedIn' rel=\"noopener\"><span class='avia_hidden_link_text'>Compartir en LinkedIn<\/span><\/a><\/li><li class='av-share-link av-social-link-mail' ><a  aria-label=\"Compartir por correo\" href='mailto:?subject=Celebraciones%20patrias%20en%20R%C3%ADo%20Ib%C3%A1%C3%B1ez%20fueron%20una%20gran%20fiesta&#038;body=https:\/\/radiorevelacionfm.cl\/?p=8843' aria-hidden='false' data-av_icon='\ue805' data-av_iconfont='entypo-fontello' title='' data-avia-related-tooltip='Compartir por correo'><span class='avia_hidden_link_text'>Compartir por correo<\/span><\/a><\/li><\/ul><\/div><\/div>\n<div  style='height:50px' class='hr hr-invisible   avia-builder-el-8  el_after_av_social_share  el_before_av_comments_list '><span class='hr-inner ' ><span class='hr-inner-style'><\/span><\/span><\/div>\n<div  class='av-buildercomment  av-blog-meta-html-info-disabled av-blog-meta-tag-disabled  '><\/div>\n","protected":false},"excerpt":{"rendered":"","protected":false},"author":1,"featured_media":8844,"comment_status":"open","ping_status":"open","sticky":false,"template":"","format":"standard","meta":{"footnotes":""},"categories":[38],"tags":[],"class_list":["post-8843","post","type-post","status-publish","format-standard","has-post-thumbnail","hentry","category-regional"],"jetpack_featured_media_url":"https:\/\/radiorevelacionfm.cl\/wp-content\/uploads\/2021\/09\/img-8850-1_optimized.jpg","_links":{"self":[{"href":"https:\/\/radiorevelacionfm.cl\/index.php?rest_route=\/wp\/v2\/posts\/8843","targetHints":{"allow":["GET"]}}],"collection":[{"href":"https:\/\/radiorevelacionfm.cl\/index.php?rest_route=\/wp\/v2\/posts"}],"about":[{"href":"https:\/\/radiorevelacionfm.cl\/index.php?rest_route=\/wp\/v2\/types\/post"}],"author":[{"embeddable":true,"href":"https:\/\/radiorevelacionfm.cl\/index.php?rest_route=\/wp\/v2\/users\/1"}],"replies":[{"embeddable":true,"href":"https:\/\/radiorevelacionfm.cl\/index.php?rest_route=%2Fwp%2Fv2%2Fcomments&post=8843"}],"version-history":[{"count":1,"href":"https:\/\/radiorevelacionfm.cl\/index.php?rest_route=\/wp\/v2\/posts\/8843\/revisions"}],"predecessor-version":[{"id":8845,"href":"https:\/\/radiorevelacionfm.cl\/index.php?rest_route=\/wp\/v2\/posts\/8843\/revisions\/8845"}],"wp:featuredmedia":[{"embeddable":true,"href":"https:\/\/radiorevelacionfm.cl\/index.php?rest_route=\/wp\/v2\/media\/8844"}],"wp:attachment":[{"href":"https:\/\/radiorevelacionfm.cl\/index.php?rest_route=%2Fwp%2Fv2%2Fmedia&parent=8843"}],"wp:term":[{"taxonomy":"category","embeddable":true,"href":"https:\/\/radiorevelacionfm.cl\/index.php?rest_route=%2Fwp%2Fv2%2Fcategories&post=8843"},{"taxonomy":"post_tag","embeddable":true,"href":"https:\/\/radiorevelacionfm.cl\/index.php?rest_route=%2Fwp%2Fv2%2Ftags&post=8843"}],"curies":[{"name":"wp","href":"https:\/\/api.w.org\/{rel}","templated":true}]}}