{"id":8839,"date":"2021-09-20T10:33:29","date_gmt":"2021-09-20T13:33:29","guid":{"rendered":"https:\/\/radiorevelacionfm.cl\/?p=8839"},"modified":"2021-09-20T10:33:29","modified_gmt":"2021-09-20T13:33:29","slug":"impecable-desfile-en-conmemoracion-al-aniversario-patrio-y-en-honor-a-las-glorias-del-ejercito","status":"publish","type":"post","link":"https:\/\/radiorevelacionfm.cl\/?p=8839","title":{"rendered":"Impecable desfile en conmemoraci\u00f3n al aniversario patrio y en honor a las Glorias del Ej\u00e9rcito"},"content":{"rendered":"<div class=\"flex_column av_one_full  flex_column_div av-zero-column-padding first  avia-builder-el-0  el_before_av_one_full  avia-builder-el-first  \" style='border-radius:0px; '><div  class='avia-image-container  av-styling-    avia-builder-el-1  avia-builder-el-no-sibling  avia-align-center '  itemprop=\"image\" itemscope=\"itemscope\" itemtype=\"https:\/\/schema.org\/ImageObject\"  ><div class='avia-image-container-inner'><div class='avia-image-overlay-wrap'><img decoding=\"async\" class='wp-image-8841 avia-img-lazy-loading-not-8841 avia_image' src=\"https:\/\/radiorevelacionfm.cl\/wp-content\/uploads\/2021\/09\/ejercito-18-1_optimized.jpg\" alt='' title='ejercito-18-(1)_optimized' height=\"600\" width=\"1235\"  itemprop=\"thumbnailUrl\" srcset=\"https:\/\/radiorevelacionfm.cl\/wp-content\/uploads\/2021\/09\/ejercito-18-1_optimized.jpg 1235w, https:\/\/radiorevelacionfm.cl\/wp-content\/uploads\/2021\/09\/ejercito-18-1_optimized-300x146.jpg 300w, https:\/\/radiorevelacionfm.cl\/wp-content\/uploads\/2021\/09\/ejercito-18-1_optimized-1030x500.jpg 1030w, https:\/\/radiorevelacionfm.cl\/wp-content\/uploads\/2021\/09\/ejercito-18-1_optimized-768x373.jpg 768w, https:\/\/radiorevelacionfm.cl\/wp-content\/uploads\/2021\/09\/ejercito-18-1_optimized-705x343.jpg 705w, https:\/\/radiorevelacionfm.cl\/wp-content\/uploads\/2021\/09\/ejercito-18-1_optimized-600x291.jpg 600w\" sizes=\"(max-width: 1235px) 100vw, 1235px\" \/><\/div><\/div><\/div><\/div><div class=\"flex_column av_one_full  flex_column_div av-zero-column-padding first  avia-builder-el-2  el_after_av_one_full  el_before_av_one_full  column-top-margin\" style='border-radius:0px; '><section class=\"av_textblock_section \"  itemscope=\"itemscope\" itemtype=\"https:\/\/schema.org\/BlogPosting\" itemprop=\"blogPost\" ><div class='avia_textblock  '   itemprop=\"text\" ><p style=\"text-align: center;\"><strong><span style=\"font-size: 18pt;\">Impecable desfile en conmemoraci\u00f3n al aniversario patrio y en honor a las Glorias del Ej\u00e9rcito<\/span><\/strong><\/p>\n<div id=\"gtx-trans\" style=\"position: absolute; left: -50px; top: 4.31534px;\">\n<div class=\"gtx-trans-icon\"><\/div>\n<\/div>\n<\/div><\/section><\/div><div class=\"flex_column av_one_full  flex_column_div av-zero-column-padding first  avia-builder-el-4  el_after_av_one_full  el_before_av_hr  column-top-margin\" style='border-radius:0px; '><section class=\"av_textblock_section \"  itemscope=\"itemscope\" itemtype=\"https:\/\/schema.org\/BlogPosting\" itemprop=\"blogPost\" ><div class='avia_textblock  '   itemprop=\"text\" ><p style=\"text-align: justify;\">En la plaza mirador Condell de Coyhaique y ante la presencia de las m\u00e1s altas autoridades civiles y militares, sumado a un gran marco de p\u00fablico, se realiz\u00f3 el desfile c\u00edvico militar con motivo de la conmemoraci\u00f3n de un nuevo aniversario de nuestra \u201cIndependencia Nacional\u201d y \u201cD\u00eda de las Glorias del Ej\u00e9rcito\u201d, momento en el cual, con el toque de silencio se entreg\u00f3 un homenaje a todos los fallecidos a causa del Covid-19.<\/p>\n<p style=\"text-align: justify;\">La actividad fue presidida por la Delegada Presidencial de la Regi\u00f3n de Ays\u00e9n, Sra. Margarita Ossa acompa\u00f1ada por el Comandante en Jefe de la IV Divisi\u00f3n de Ej\u00e9rcito, General de Brigada, Luis P\u00e9rez Astorga. La alocuci\u00f3n\u00a0 estuvo a cargo del Comandante del Destacamento Motorizado N\u00b014\u00a0 Ays\u00e9n, Teniente Coronel Rodrigo \u00c1lvarez Arellano.<\/p>\n<p style=\"text-align: justify;\">Posteriormente, el General de Brigada, Luis P\u00e9rez Astorga hizo entrega al personal del cuadro permanente las medallas por 30 a\u00f1os de servicio en la instituci\u00f3n y la condecoraci\u00f3n \u201cAl m\u00e9rito militar de las fuerzas armadas\u201d en el grado al \u201cGran m\u00e9rito militar\u201d por 30 a\u00f1os de servicio en la instituci\u00f3n a los Suboficiales Mayores Marcelo Pinto S\u00e1nchez, Iv\u00e1n D\u00edaz Manzo y Mauricio Orellana Mu\u00f1oz y la condecoraci\u00f3n \u201cAl gran m\u00e9rito Ej\u00e9rcito de Chile\u201d por 34 a\u00f1os de servicio a los Suboficiales Mayores Carlos \u00a0Gonz\u00e1lez Soto, Manuel Oses Bobadilla y Gabriel Aguayo Contreras.<\/p>\n<p style=\"text-align: justify;\">Cabe destacar, que el Coronel Emilio Larenas Guzm\u00e1n, Comandante del Regimiento N\u00b08 \u00abChilo\u00e9\u00bb le fue impuesta la condecoraci\u00f3n \u201cEstrella militar de las Fuerzas Armadas\u201d en el grado \u00abGran estrella al m\u00e9rito militar\u00bb medalla por 30 a\u00f1os de servicio en la instituci\u00f3n de manos de la Delegada Presidencial Regional, Sra. Margarita Ossa acompa\u00f1ada del Comandante en Jefe de la IV Divisi\u00f3n de Ej\u00e9rcito.<\/p>\n<p style=\"text-align: justify;\">Posteriormente, se efectu\u00f3 el tradicional esquinazo, donde las autoridades y p\u00fablico presente, participaron con gran entusiasmo, para finalizar con un impecable desfile en el cual participaron las unidades dependientes de la IV Divisi\u00f3n de Ej\u00e9rcito, delegaciones de la Armada y Carabineros de Chile y el Club de Huasos.<\/p>\n<p style=\"text-align: justify;\">Cabe destacar, que similares actividades se realizaron en la comuna de R\u00edo Ib\u00e1\u00f1ez y Villa Ortega.<\/p>\n<\/div><\/section><\/div><div  style='height:50px' class='hr hr-invisible   avia-builder-el-6  el_after_av_one_full  el_before_av_social_share '><span class='hr-inner ' ><span class='hr-inner-style'><\/span><\/span><\/div><\/p>\n<div  class='av-social-sharing-box  avia-builder-el-7  el_after_av_hr  el_before_av_hr  '><div class='av-share-box'><h5 class='av-share-link-description av-no-toc '>Compartir esta noticia<\/h5><ul class='av-share-box-list noLightbox'><li class='av-share-link av-social-link-facebook' ><a target=\"_blank\" aria-label=\"Compartir en Facebook\" href='https:\/\/www.facebook.com\/sharer.php?u=https:\/\/radiorevelacionfm.cl\/?p=8839&#038;t=Impecable%20desfile%20en%20conmemoraci%C3%B3n%20al%20aniversario%20patrio%20y%20en%20honor%20a%20las%20Glorias%20del%20Ej%C3%A9rcito' aria-hidden='false' data-av_icon='\ue8f3' data-av_iconfont='entypo-fontello' title='' data-avia-related-tooltip='Compartir en Facebook' rel=\"noopener\"><span class='avia_hidden_link_text'>Compartir en Facebook<\/span><\/a><\/li><li class='av-share-link av-social-link-twitter' ><a target=\"_blank\" aria-label=\"Compartir en Twitter\" href='https:\/\/twitter.com\/share?text=Impecable%20desfile%20en%20conmemoraci%C3%B3n%20al%20aniversario%20patrio%20y%20en%20honor%20a%20las%20Glorias%20del%20Ej%C3%A9rcito&#038;url=https:\/\/radiorevelacionfm.cl\/?p=8839' aria-hidden='false' data-av_icon='\ue8f1' data-av_iconfont='entypo-fontello' title='' data-avia-related-tooltip='Compartir en Twitter' rel=\"noopener\"><span class='avia_hidden_link_text'>Compartir en Twitter<\/span><\/a><\/li><li class='av-share-link av-social-link-whatsapp' ><a target=\"_blank\" aria-label=\"Compartir en Whatsapp\" href='https:\/\/api.whatsapp.com\/send?text=https:\/\/radiorevelacionfm.cl\/?p=8839' aria-hidden='false' data-av_icon='\uf232' data-av_iconfont='entypo-fontello' title='' data-avia-related-tooltip='Compartir en Whatsapp' rel=\"noopener\"><span class='avia_hidden_link_text'>Compartir en Whatsapp<\/span><\/a><\/li><li class='av-share-link av-social-link-linkedin' ><a target=\"_blank\" aria-label=\"Compartir en LinkedIn\" href='https:\/\/linkedin.com\/shareArticle?mini=true&#038;title=Impecable%20desfile%20en%20conmemoraci%C3%B3n%20al%20aniversario%20patrio%20y%20en%20honor%20a%20las%20Glorias%20del%20Ej%C3%A9rcito&#038;url=https:\/\/radiorevelacionfm.cl\/?p=8839' aria-hidden='false' data-av_icon='\ue8fc' data-av_iconfont='entypo-fontello' title='' data-avia-related-tooltip='Compartir en LinkedIn' rel=\"noopener\"><span class='avia_hidden_link_text'>Compartir en LinkedIn<\/span><\/a><\/li><li class='av-share-link av-social-link-mail' ><a  aria-label=\"Compartir por correo\" href='mailto:?subject=Impecable%20desfile%20en%20conmemoraci%C3%B3n%20al%20aniversario%20patrio%20y%20en%20honor%20a%20las%20Glorias%20del%20Ej%C3%A9rcito&#038;body=https:\/\/radiorevelacionfm.cl\/?p=8839' aria-hidden='false' data-av_icon='\ue805' data-av_iconfont='entypo-fontello' title='' data-avia-related-tooltip='Compartir por correo'><span class='avia_hidden_link_text'>Compartir por correo<\/span><\/a><\/li><\/ul><\/div><\/div>\n<div  style='height:50px' class='hr hr-invisible   avia-builder-el-8  el_after_av_social_share  el_before_av_comments_list '><span class='hr-inner ' ><span class='hr-inner-style'><\/span><\/span><\/div>\n<div  class='av-buildercomment  av-blog-meta-html-info-disabled av-blog-meta-tag-disabled  '><\/div>\n","protected":false},"excerpt":{"rendered":"","protected":false},"author":1,"featured_media":8841,"comment_status":"open","ping_status":"open","sticky":false,"template":"","format":"standard","meta":{"footnotes":""},"categories":[38],"tags":[],"class_list":["post-8839","post","type-post","status-publish","format-standard","has-post-thumbnail","hentry","category-regional"],"jetpack_featured_media_url":"https:\/\/radiorevelacionfm.cl\/wp-content\/uploads\/2021\/09\/ejercito-18-1_optimized.jpg","_links":{"self":[{"href":"https:\/\/radiorevelacionfm.cl\/index.php?rest_route=\/wp\/v2\/posts\/8839","targetHints":{"allow":["GET"]}}],"collection":[{"href":"https:\/\/radiorevelacionfm.cl\/index.php?rest_route=\/wp\/v2\/posts"}],"about":[{"href":"https:\/\/radiorevelacionfm.cl\/index.php?rest_route=\/wp\/v2\/types\/post"}],"author":[{"embeddable":true,"href":"https:\/\/radiorevelacionfm.cl\/index.php?rest_route=\/wp\/v2\/users\/1"}],"replies":[{"embeddable":true,"href":"https:\/\/radiorevelacionfm.cl\/index.php?rest_route=%2Fwp%2Fv2%2Fcomments&post=8839"}],"version-history":[{"count":1,"href":"https:\/\/radiorevelacionfm.cl\/index.php?rest_route=\/wp\/v2\/posts\/8839\/revisions"}],"predecessor-version":[{"id":8842,"href":"https:\/\/radiorevelacionfm.cl\/index.php?rest_route=\/wp\/v2\/posts\/8839\/revisions\/8842"}],"wp:featuredmedia":[{"embeddable":true,"href":"https:\/\/radiorevelacionfm.cl\/index.php?rest_route=\/wp\/v2\/media\/8841"}],"wp:attachment":[{"href":"https:\/\/radiorevelacionfm.cl\/index.php?rest_route=%2Fwp%2Fv2%2Fmedia&parent=8839"}],"wp:term":[{"taxonomy":"category","embeddable":true,"href":"https:\/\/radiorevelacionfm.cl\/index.php?rest_route=%2Fwp%2Fv2%2Fcategories&post=8839"},{"taxonomy":"post_tag","embeddable":true,"href":"https:\/\/radiorevelacionfm.cl\/index.php?rest_route=%2Fwp%2Fv2%2Ftags&post=8839"}],"curies":[{"name":"wp","href":"https:\/\/api.w.org\/{rel}","templated":true}]}}