{"id":8832,"date":"2021-09-19T19:19:39","date_gmt":"2021-09-19T22:19:39","guid":{"rendered":"https:\/\/radiorevelacionfm.cl\/?p=8832"},"modified":"2021-09-19T19:19:39","modified_gmt":"2021-09-19T22:19:39","slug":"en-tapera-y-lago-verde-realizan-desfiles-y-actividades-tradicionales-por-fiestas-patrias","status":"publish","type":"post","link":"https:\/\/radiorevelacionfm.cl\/?p=8832","title":{"rendered":"En Tapera y Lago Verde realizan desfiles y actividades tradicionales por Fiestas Patrias"},"content":{"rendered":"<div class=\"flex_column av_one_full  flex_column_div av-zero-column-padding first  avia-builder-el-0  el_before_av_one_full  avia-builder-el-first  \" style='border-radius:0px; '><div  class='avia-image-container  av-styling-    avia-builder-el-1  avia-builder-el-no-sibling  avia-align-center '  itemprop=\"image\" itemscope=\"itemscope\" itemtype=\"https:\/\/schema.org\/ImageObject\"  ><div class='avia-image-container-inner'><div class='avia-image-overlay-wrap'><img decoding=\"async\" class='wp-image-8834 avia-img-lazy-loading-not-8834 avia_image' src=\"https:\/\/radiorevelacionfm.cl\/wp-content\/uploads\/2021\/09\/lago-verde-fp-2-1_optimized.jpeg\" alt='' title='lago-verde-fp-2-(1)_optimized' height=\"600\" width=\"1067\"  itemprop=\"thumbnailUrl\" srcset=\"https:\/\/radiorevelacionfm.cl\/wp-content\/uploads\/2021\/09\/lago-verde-fp-2-1_optimized.jpeg 1067w, https:\/\/radiorevelacionfm.cl\/wp-content\/uploads\/2021\/09\/lago-verde-fp-2-1_optimized-300x169.jpeg 300w, https:\/\/radiorevelacionfm.cl\/wp-content\/uploads\/2021\/09\/lago-verde-fp-2-1_optimized-1030x579.jpeg 1030w, https:\/\/radiorevelacionfm.cl\/wp-content\/uploads\/2021\/09\/lago-verde-fp-2-1_optimized-768x432.jpeg 768w, https:\/\/radiorevelacionfm.cl\/wp-content\/uploads\/2021\/09\/lago-verde-fp-2-1_optimized-705x396.jpeg 705w, https:\/\/radiorevelacionfm.cl\/wp-content\/uploads\/2021\/09\/lago-verde-fp-2-1_optimized-600x337.jpeg 600w\" sizes=\"(max-width: 1067px) 100vw, 1067px\" \/><\/div><\/div><\/div><\/div><div class=\"flex_column av_one_full  flex_column_div av-zero-column-padding first  avia-builder-el-2  el_after_av_one_full  el_before_av_one_full  column-top-margin\" style='border-radius:0px; '><section class=\"av_textblock_section \"  itemscope=\"itemscope\" itemtype=\"https:\/\/schema.org\/BlogPosting\" itemprop=\"blogPost\" ><div class='avia_textblock  '   itemprop=\"text\" ><p style=\"text-align: center;\"><strong><span style=\"font-size: 18pt;\">En Tapera y Lago Verde realizan desfiles y actividades tradicionales por Fiestas Patrias<\/span><\/strong><\/p>\n<div id=\"gtx-trans\" style=\"position: absolute; left: -50px; top: 4.31534px;\">\n<div class=\"gtx-trans-icon\"><\/div>\n<\/div>\n<\/div><\/section><\/div><div class=\"flex_column av_one_full  flex_column_div av-zero-column-padding first  avia-builder-el-4  el_after_av_one_full  el_before_av_hr  column-top-margin\" style='border-radius:0px; '><section class=\"av_textblock_section \"  itemscope=\"itemscope\" itemtype=\"https:\/\/schema.org\/BlogPosting\" itemprop=\"blogPost\" ><div class='avia_textblock  '   itemprop=\"text\" ><p style=\"text-align: justify;\">Despu\u00e9s de mucho tiempo de no poder realizar actividades con mayor cantidad de aforo, en atenci\u00f3n a la pandemia que a\u00fan est\u00e1 presente en nuestro pa\u00eds y regi\u00f3n, lentamente se han ido organizando iniciativas que han permitido la presencia de vecinos y vecinas de los distintos sectores, en este caso particular de la comuna de Lago Verde.<\/p>\n<p style=\"text-align: justify;\">En Villa La Tapera, el Alcalde Nelson Opazo, estuvo junto a la comunidad, instituciones y organizaciones sociales participando del desfile en honor a las Fiestas Patrias. \u201cComo cada a\u00f1o trabaja, organiza esta actividad el Club de Huasos de Villa La Tapera, as\u00ed es que, feliz de volver a recuperar la normalidad y sin olvidar obviamente de que debemos seguir cuid\u00e1ndonos\u201d, manifest\u00f3 la m\u00e1xima autoridad comunal.<\/p>\n<p style=\"text-align: justify;\">En la cabecera comunal, Lago Verde, tambi\u00e9n se llev\u00f3 a cabo un acto c\u00edvico militar y posteriormente actividades t\u00edpicas del campo con toda la comunidad. En este sector estuvo en representaci\u00f3n del Alcalde, el jefe de Secplan del Municipio, Mat\u00edas Araya.<\/p>\n<p style=\"text-align: justify;\">\u201cSe dio inicio a las actividades con un desfile, cumpliendo con todas las normas sanitarias, donde se hizo presente nuestra brigada de Bomberos, nuestro reten Fronterizo, nuestro club de adulto mayor, nuestros clubes de huasos y resaltar la presencia de nuestros ni\u00f1os de la escuela Jos\u00e9 Miguel Carrera, los cuales son el futuro de nuestro pa\u00eds. Posteriormente se realizaron diversas actividades en la cancha de jineteadas de nuestra localidad, con la coordinaci\u00f3n de organizaciones comunitarias, sociales, con apoyo de particulares y obviamente con el apoyo de nuestro equipo municipal, lo cual fue todo un \u00e9xito, mucha participaci\u00f3n\u201d.<\/p>\n<p style=\"text-align: justify;\">La Concejala de la comuna, Carolina Loncochino, puso en valor el trabajo y la presencia de las organizaciones sociales tanto en el desfile como en las actividades al aire libre, realizadas en Lago Verde.<\/p>\n<p style=\"text-align: justify;\">\u201cLa gente estaba muy contenta, se vio el apoyo de las organizaciones que son muy importantes dentro de la comuna, son el motor del pueblo, porque siempre est\u00e1n proponiendo cosas, siempre est\u00e1n buscando actividades, siempre est\u00e1n queriendo mover el pueblo. Estaba Estampa Lagoverdina, los Bomberos, Matices del Lago igual est\u00e1 ah\u00ed apoyando y otras organizaciones si se me escapan pido las disculpas, fue muy bonito eso y creo que hay que considerar seguir haciendo este tipo de actividades, que las organizaciones tomen el control y comiencen a realizar todo lo que a ellos les gusta\u201d.<\/p>\n<p style=\"text-align: justify;\">Por su parte, el jefe (s) del ret\u00e9n de Carabineros en Lago Verde, Sargento Primero Pablo Cruz, destac\u00f3,\u00a0 \u201cquiero manifestar la importante labor que desarrolla el Municipio local, representado por nuestro Alcalde, Nelson Opazo L\u00f3pez, el cual dejo las directrices para que se hicieran los concursos que se llevaron a cabo en la cancha municipal, el desfile de conmemoraci\u00f3n del aniversario Patrio. Es muy importante mantener nuestras tradiciones y hago presente un saludo muy especialmente para la comunidad de Lago Verde\u201d.<\/p>\n<p style=\"text-align: justify;\">Es importante mencionar que, el Alcalde Nelson Opazo y algunos Concejales de la comuna tambi\u00e9n participaron de actividades en el mes de la Patria en la localidad de Villa Amengual.<\/p>\n<\/div><\/section><\/div><div  style='height:50px' class='hr hr-invisible   avia-builder-el-6  el_after_av_one_full  el_before_av_social_share '><span class='hr-inner ' ><span class='hr-inner-style'><\/span><\/span><\/div><\/p>\n<div  class='av-social-sharing-box  avia-builder-el-7  el_after_av_hr  el_before_av_hr  '><div class='av-share-box'><h5 class='av-share-link-description av-no-toc '>Compartir esta noticia<\/h5><ul class='av-share-box-list noLightbox'><li class='av-share-link av-social-link-facebook' ><a target=\"_blank\" aria-label=\"Compartir en Facebook\" href='https:\/\/www.facebook.com\/sharer.php?u=https:\/\/radiorevelacionfm.cl\/?p=8832&#038;t=En%20Tapera%20y%20Lago%20Verde%20realizan%20desfiles%20y%20actividades%20tradicionales%20por%20Fiestas%20Patrias' aria-hidden='false' data-av_icon='\ue8f3' data-av_iconfont='entypo-fontello' title='' data-avia-related-tooltip='Compartir en Facebook' rel=\"noopener\"><span class='avia_hidden_link_text'>Compartir en Facebook<\/span><\/a><\/li><li class='av-share-link av-social-link-twitter' ><a target=\"_blank\" aria-label=\"Compartir en Twitter\" href='https:\/\/twitter.com\/share?text=En%20Tapera%20y%20Lago%20Verde%20realizan%20desfiles%20y%20actividades%20tradicionales%20por%20Fiestas%20Patrias&#038;url=https:\/\/radiorevelacionfm.cl\/?p=8832' aria-hidden='false' data-av_icon='\ue8f1' data-av_iconfont='entypo-fontello' title='' data-avia-related-tooltip='Compartir en Twitter' rel=\"noopener\"><span class='avia_hidden_link_text'>Compartir en Twitter<\/span><\/a><\/li><li class='av-share-link av-social-link-whatsapp' ><a target=\"_blank\" aria-label=\"Compartir en Whatsapp\" href='https:\/\/api.whatsapp.com\/send?text=https:\/\/radiorevelacionfm.cl\/?p=8832' aria-hidden='false' data-av_icon='\uf232' data-av_iconfont='entypo-fontello' title='' data-avia-related-tooltip='Compartir en Whatsapp' rel=\"noopener\"><span class='avia_hidden_link_text'>Compartir en Whatsapp<\/span><\/a><\/li><li class='av-share-link av-social-link-linkedin' ><a target=\"_blank\" aria-label=\"Compartir en LinkedIn\" href='https:\/\/linkedin.com\/shareArticle?mini=true&#038;title=En%20Tapera%20y%20Lago%20Verde%20realizan%20desfiles%20y%20actividades%20tradicionales%20por%20Fiestas%20Patrias&#038;url=https:\/\/radiorevelacionfm.cl\/?p=8832' aria-hidden='false' data-av_icon='\ue8fc' data-av_iconfont='entypo-fontello' title='' data-avia-related-tooltip='Compartir en LinkedIn' rel=\"noopener\"><span class='avia_hidden_link_text'>Compartir en LinkedIn<\/span><\/a><\/li><li class='av-share-link av-social-link-mail' ><a  aria-label=\"Compartir por correo\" href='mailto:?subject=En%20Tapera%20y%20Lago%20Verde%20realizan%20desfiles%20y%20actividades%20tradicionales%20por%20Fiestas%20Patrias&#038;body=https:\/\/radiorevelacionfm.cl\/?p=8832' aria-hidden='false' data-av_icon='\ue805' data-av_iconfont='entypo-fontello' title='' data-avia-related-tooltip='Compartir por correo'><span class='avia_hidden_link_text'>Compartir por correo<\/span><\/a><\/li><\/ul><\/div><\/div>\n<div  style='height:50px' class='hr hr-invisible   avia-builder-el-8  el_after_av_social_share  el_before_av_comments_list '><span class='hr-inner ' ><span class='hr-inner-style'><\/span><\/span><\/div>\n<div  class='av-buildercomment  av-blog-meta-html-info-disabled av-blog-meta-tag-disabled  '><\/div>\n","protected":false},"excerpt":{"rendered":"","protected":false},"author":1,"featured_media":8834,"comment_status":"open","ping_status":"open","sticky":false,"template":"","format":"standard","meta":{"footnotes":""},"categories":[38],"tags":[],"class_list":["post-8832","post","type-post","status-publish","format-standard","has-post-thumbnail","hentry","category-regional"],"jetpack_featured_media_url":"https:\/\/radiorevelacionfm.cl\/wp-content\/uploads\/2021\/09\/lago-verde-fp-2-1_optimized.jpeg","_links":{"self":[{"href":"https:\/\/radiorevelacionfm.cl\/index.php?rest_route=\/wp\/v2\/posts\/8832","targetHints":{"allow":["GET"]}}],"collection":[{"href":"https:\/\/radiorevelacionfm.cl\/index.php?rest_route=\/wp\/v2\/posts"}],"about":[{"href":"https:\/\/radiorevelacionfm.cl\/index.php?rest_route=\/wp\/v2\/types\/post"}],"author":[{"embeddable":true,"href":"https:\/\/radiorevelacionfm.cl\/index.php?rest_route=\/wp\/v2\/users\/1"}],"replies":[{"embeddable":true,"href":"https:\/\/radiorevelacionfm.cl\/index.php?rest_route=%2Fwp%2Fv2%2Fcomments&post=8832"}],"version-history":[{"count":1,"href":"https:\/\/radiorevelacionfm.cl\/index.php?rest_route=\/wp\/v2\/posts\/8832\/revisions"}],"predecessor-version":[{"id":8835,"href":"https:\/\/radiorevelacionfm.cl\/index.php?rest_route=\/wp\/v2\/posts\/8832\/revisions\/8835"}],"wp:featuredmedia":[{"embeddable":true,"href":"https:\/\/radiorevelacionfm.cl\/index.php?rest_route=\/wp\/v2\/media\/8834"}],"wp:attachment":[{"href":"https:\/\/radiorevelacionfm.cl\/index.php?rest_route=%2Fwp%2Fv2%2Fmedia&parent=8832"}],"wp:term":[{"taxonomy":"category","embeddable":true,"href":"https:\/\/radiorevelacionfm.cl\/index.php?rest_route=%2Fwp%2Fv2%2Fcategories&post=8832"},{"taxonomy":"post_tag","embeddable":true,"href":"https:\/\/radiorevelacionfm.cl\/index.php?rest_route=%2Fwp%2Fv2%2Ftags&post=8832"}],"curies":[{"name":"wp","href":"https:\/\/api.w.org\/{rel}","templated":true}]}}