{"id":8829,"date":"2021-09-19T18:35:14","date_gmt":"2021-09-19T21:35:14","guid":{"rendered":"https:\/\/radiorevelacionfm.cl\/?p=8829"},"modified":"2021-09-19T18:35:14","modified_gmt":"2021-09-19T21:35:14","slug":"impecable-presentacion-realizo-conjunto-llovizna-de-la-patagonia-de-villa-amengual","status":"publish","type":"post","link":"https:\/\/radiorevelacionfm.cl\/?p=8829","title":{"rendered":"Impecable presentaci\u00f3n realiz\u00f3 conjunto \u201cLlovizna de la Patagonia\u201d de Villa Amengual"},"content":{"rendered":"<div class=\"flex_column av_one_full  flex_column_div av-zero-column-padding first  avia-builder-el-0  el_before_av_one_full  avia-builder-el-first  \" style='border-radius:0px; '><div  class='avia-image-container  av-styling-    avia-builder-el-1  avia-builder-el-no-sibling  avia-align-center '  itemprop=\"image\" itemscope=\"itemscope\" itemtype=\"https:\/\/schema.org\/ImageObject\"  ><div class='avia-image-container-inner'><div class='avia-image-overlay-wrap'><img decoding=\"async\" class='wp-image-8830 avia-img-lazy-loading-not-8830 avia_image' src=\"https:\/\/radiorevelacionfm.cl\/wp-content\/uploads\/2021\/09\/LLOVIZNA-DE-LA-PATAGONIA-1.jpeg\" alt='' title='LLOVIZNA DE LA PATAGONIA (1)' height=\"600\" width=\"800\"  itemprop=\"thumbnailUrl\" srcset=\"https:\/\/radiorevelacionfm.cl\/wp-content\/uploads\/2021\/09\/LLOVIZNA-DE-LA-PATAGONIA-1.jpeg 800w, https:\/\/radiorevelacionfm.cl\/wp-content\/uploads\/2021\/09\/LLOVIZNA-DE-LA-PATAGONIA-1-300x225.jpeg 300w, https:\/\/radiorevelacionfm.cl\/wp-content\/uploads\/2021\/09\/LLOVIZNA-DE-LA-PATAGONIA-1-768x576.jpeg 768w, https:\/\/radiorevelacionfm.cl\/wp-content\/uploads\/2021\/09\/LLOVIZNA-DE-LA-PATAGONIA-1-705x529.jpeg 705w, https:\/\/radiorevelacionfm.cl\/wp-content\/uploads\/2021\/09\/LLOVIZNA-DE-LA-PATAGONIA-1-600x450.jpeg 600w\" sizes=\"(max-width: 800px) 100vw, 800px\" \/><\/div><\/div><\/div><\/div><div class=\"flex_column av_one_full  flex_column_div av-zero-column-padding first  avia-builder-el-2  el_after_av_one_full  el_before_av_one_full  column-top-margin\" style='border-radius:0px; '><section class=\"av_textblock_section \"  itemscope=\"itemscope\" itemtype=\"https:\/\/schema.org\/BlogPosting\" itemprop=\"blogPost\" ><div class='avia_textblock  '   itemprop=\"text\" ><p style=\"text-align: center;\"><strong><span style=\"font-size: 18pt;\">Impecable presentaci\u00f3n realiz\u00f3 conjunto \u201cLlovizna de la Patagonia\u201d de Villa Amengual <\/span><\/strong><\/p>\n<div id=\"gtx-trans\" style=\"position: absolute; left: -50px; top: 4.31534px;\">\n<div class=\"gtx-trans-icon\"><\/div>\n<\/div>\n<\/div><\/section><\/div><div class=\"flex_column av_one_full  flex_column_div av-zero-column-padding first  avia-builder-el-4  el_after_av_one_full  el_before_av_hr  column-top-margin\" style='border-radius:0px; '><section class=\"av_textblock_section \"  itemscope=\"itemscope\" itemtype=\"https:\/\/schema.org\/BlogPosting\" itemprop=\"blogPost\" ><div class='avia_textblock  '   itemprop=\"text\" ><p style=\"text-align: justify;\">Cumpliendo la normativa sanitaria vigente para prevenir contagios de coronavirus, el Conjunto Folcl\u00f3rico \u201cLlovizna de la Patagonia\u201d de Villa Amengual, se present\u00f3 ante autoridades comunales y vecinos de la localidad.<\/p>\n<p style=\"text-align: justify;\">Hubo toda una preparaci\u00f3n para lucirse en este mes de la Patria y fue as\u00ed que realizaron una impecable presentaci\u00f3n, lo que fue destacado por la core\u00f3grafa de la organizaci\u00f3n, Isamar Mancilla.<\/p>\n<p style=\"text-align: justify;\">\u201cS\u00faper contenta, porque pudimos llevar a cabo esta presentaci\u00f3n, la verdad que con todo lo que conlleva efectuar una presentaci\u00f3n porque en la etapa que estamos en este momento con pandemia, igual es un poco m\u00e1s complicado realizar actividades p\u00fablicas. Pero sin embargo, se culmin\u00f3 bien, todos contentos, con unas ricas empanadas, con una rica chicha, gracias al aporte municipal que se agradece siempre y obviamente a las gestiones de la directiva de nuestro conjunto\u201d.<\/p>\n<p style=\"text-align: justify;\">La core\u00f3grafa de \u201cLlovizna de la Patagonia\u201d de Villa Amengual, agreg\u00f3 que es muy importante que la comunidad respalde sus actividades, como as\u00ed tambi\u00e9n, que las autoridades est\u00e9n en sus presentaciones.<\/p>\n<p style=\"text-align: justify;\">\u201cSiempre agradecidas de su presencia, el se\u00f1or Alcalde junto a su se\u00f1ora, nunca nos han dejado de acompa\u00f1ar en cada actividad que el grupo realiza por m\u00e1s m\u00ednima que esta sea, as\u00ed es que, se les agradece p\u00fablicamente a nombre del grupo y de mi persona tambi\u00e9n. Y a los Concejales, encantados de tenerlos siempre, en cada actividad que nosotros podamos realizar, eso demuestra el apoyo y el inter\u00e9s que ellos tienen por las actividades culturales que podamos llegar a realizar\u201d.<\/p>\n<p style=\"text-align: justify;\">El grupo folcl\u00f3rico \u201cLlovizna de la Patagonia\u201d de Amengual, el pr\u00f3ximo a\u00f1o cumple 20 a\u00f1os de rescate cultural y ya se est\u00e1n preparando para esa fecha.<\/p>\n<\/div><\/section><\/div><div  style='height:50px' class='hr hr-invisible   avia-builder-el-6  el_after_av_one_full  el_before_av_social_share '><span class='hr-inner ' ><span class='hr-inner-style'><\/span><\/span><\/div><\/p>\n<div  class='av-social-sharing-box  avia-builder-el-7  el_after_av_hr  el_before_av_hr  '><div class='av-share-box'><h5 class='av-share-link-description av-no-toc '>Compartir esta noticia<\/h5><ul class='av-share-box-list noLightbox'><li class='av-share-link av-social-link-facebook' ><a target=\"_blank\" aria-label=\"Compartir en Facebook\" href='https:\/\/www.facebook.com\/sharer.php?u=https:\/\/radiorevelacionfm.cl\/?p=8829&#038;t=Impecable%20presentaci%C3%B3n%20realiz%C3%B3%20conjunto%20%E2%80%9CLlovizna%20de%20la%20Patagonia%E2%80%9D%20de%20Villa%20Amengual' aria-hidden='false' data-av_icon='\ue8f3' data-av_iconfont='entypo-fontello' title='' data-avia-related-tooltip='Compartir en Facebook' rel=\"noopener\"><span class='avia_hidden_link_text'>Compartir en Facebook<\/span><\/a><\/li><li class='av-share-link av-social-link-twitter' ><a target=\"_blank\" aria-label=\"Compartir en Twitter\" href='https:\/\/twitter.com\/share?text=Impecable%20presentaci%C3%B3n%20realiz%C3%B3%20conjunto%20%E2%80%9CLlovizna%20de%20la%20Patagonia%E2%80%9D%20de%20Villa%20Amengual&#038;url=https:\/\/radiorevelacionfm.cl\/?p=8829' aria-hidden='false' data-av_icon='\ue8f1' data-av_iconfont='entypo-fontello' title='' data-avia-related-tooltip='Compartir en Twitter' rel=\"noopener\"><span class='avia_hidden_link_text'>Compartir en Twitter<\/span><\/a><\/li><li class='av-share-link av-social-link-whatsapp' ><a target=\"_blank\" aria-label=\"Compartir en Whatsapp\" href='https:\/\/api.whatsapp.com\/send?text=https:\/\/radiorevelacionfm.cl\/?p=8829' aria-hidden='false' data-av_icon='\uf232' data-av_iconfont='entypo-fontello' title='' data-avia-related-tooltip='Compartir en Whatsapp' rel=\"noopener\"><span class='avia_hidden_link_text'>Compartir en Whatsapp<\/span><\/a><\/li><li class='av-share-link av-social-link-linkedin' ><a target=\"_blank\" aria-label=\"Compartir en LinkedIn\" href='https:\/\/linkedin.com\/shareArticle?mini=true&#038;title=Impecable%20presentaci%C3%B3n%20realiz%C3%B3%20conjunto%20%E2%80%9CLlovizna%20de%20la%20Patagonia%E2%80%9D%20de%20Villa%20Amengual&#038;url=https:\/\/radiorevelacionfm.cl\/?p=8829' aria-hidden='false' data-av_icon='\ue8fc' data-av_iconfont='entypo-fontello' title='' data-avia-related-tooltip='Compartir en LinkedIn' rel=\"noopener\"><span class='avia_hidden_link_text'>Compartir en LinkedIn<\/span><\/a><\/li><li class='av-share-link av-social-link-mail' ><a  aria-label=\"Compartir por correo\" href='mailto:?subject=Impecable%20presentaci%C3%B3n%20realiz%C3%B3%20conjunto%20%E2%80%9CLlovizna%20de%20la%20Patagonia%E2%80%9D%20de%20Villa%20Amengual&#038;body=https:\/\/radiorevelacionfm.cl\/?p=8829' aria-hidden='false' data-av_icon='\ue805' data-av_iconfont='entypo-fontello' title='' data-avia-related-tooltip='Compartir por correo'><span class='avia_hidden_link_text'>Compartir por correo<\/span><\/a><\/li><\/ul><\/div><\/div>\n<div  style='height:50px' class='hr hr-invisible   avia-builder-el-8  el_after_av_social_share  el_before_av_comments_list '><span class='hr-inner ' ><span class='hr-inner-style'><\/span><\/span><\/div>\n<div  class='av-buildercomment  av-blog-meta-html-info-disabled av-blog-meta-tag-disabled  '><\/div>\n","protected":false},"excerpt":{"rendered":"","protected":false},"author":1,"featured_media":8830,"comment_status":"open","ping_status":"open","sticky":false,"template":"","format":"standard","meta":{"footnotes":""},"categories":[38],"tags":[],"class_list":["post-8829","post","type-post","status-publish","format-standard","has-post-thumbnail","hentry","category-regional"],"jetpack_featured_media_url":"https:\/\/radiorevelacionfm.cl\/wp-content\/uploads\/2021\/09\/LLOVIZNA-DE-LA-PATAGONIA-1.jpeg","_links":{"self":[{"href":"https:\/\/radiorevelacionfm.cl\/index.php?rest_route=\/wp\/v2\/posts\/8829","targetHints":{"allow":["GET"]}}],"collection":[{"href":"https:\/\/radiorevelacionfm.cl\/index.php?rest_route=\/wp\/v2\/posts"}],"about":[{"href":"https:\/\/radiorevelacionfm.cl\/index.php?rest_route=\/wp\/v2\/types\/post"}],"author":[{"embeddable":true,"href":"https:\/\/radiorevelacionfm.cl\/index.php?rest_route=\/wp\/v2\/users\/1"}],"replies":[{"embeddable":true,"href":"https:\/\/radiorevelacionfm.cl\/index.php?rest_route=%2Fwp%2Fv2%2Fcomments&post=8829"}],"version-history":[{"count":1,"href":"https:\/\/radiorevelacionfm.cl\/index.php?rest_route=\/wp\/v2\/posts\/8829\/revisions"}],"predecessor-version":[{"id":8831,"href":"https:\/\/radiorevelacionfm.cl\/index.php?rest_route=\/wp\/v2\/posts\/8829\/revisions\/8831"}],"wp:featuredmedia":[{"embeddable":true,"href":"https:\/\/radiorevelacionfm.cl\/index.php?rest_route=\/wp\/v2\/media\/8830"}],"wp:attachment":[{"href":"https:\/\/radiorevelacionfm.cl\/index.php?rest_route=%2Fwp%2Fv2%2Fmedia&parent=8829"}],"wp:term":[{"taxonomy":"category","embeddable":true,"href":"https:\/\/radiorevelacionfm.cl\/index.php?rest_route=%2Fwp%2Fv2%2Fcategories&post=8829"},{"taxonomy":"post_tag","embeddable":true,"href":"https:\/\/radiorevelacionfm.cl\/index.php?rest_route=%2Fwp%2Fv2%2Ftags&post=8829"}],"curies":[{"name":"wp","href":"https:\/\/api.w.org\/{rel}","templated":true}]}}