{"id":8823,"date":"2021-09-19T12:13:04","date_gmt":"2021-09-19T15:13:04","guid":{"rendered":"https:\/\/radiorevelacionfm.cl\/?p=8823"},"modified":"2021-09-19T12:13:04","modified_gmt":"2021-09-19T15:13:04","slug":"te-deum-2021-en-el-cielo-una-estrella-viviendo-aqui-en-la-tierra","status":"publish","type":"post","link":"https:\/\/radiorevelacionfm.cl\/?p=8823","title":{"rendered":"Te Deum 2021: \u201cEn el cielo una estrella; viviendo aqu\u00ed en la tierra\u201d"},"content":{"rendered":"<div class=\"flex_column av_one_full  flex_column_div av-zero-column-padding first  avia-builder-el-0  el_before_av_one_full  avia-builder-el-first  \" style='border-radius:0px; '><div  class='avia-image-container  av-styling-    avia-builder-el-1  avia-builder-el-no-sibling  avia-align-center '  itemprop=\"image\" itemscope=\"itemscope\" itemtype=\"https:\/\/schema.org\/ImageObject\"  ><div class='avia-image-container-inner'><div class='avia-image-overlay-wrap'><img decoding=\"async\" class='wp-image-8824 avia-img-lazy-loading-not-8824 avia_image' src=\"https:\/\/radiorevelacionfm.cl\/wp-content\/uploads\/2021\/09\/D-1-1.jpg\" alt='' title='D (1) (1)' height=\"600\" width=\"800\"  itemprop=\"thumbnailUrl\" srcset=\"https:\/\/radiorevelacionfm.cl\/wp-content\/uploads\/2021\/09\/D-1-1.jpg 800w, https:\/\/radiorevelacionfm.cl\/wp-content\/uploads\/2021\/09\/D-1-1-300x225.jpg 300w, https:\/\/radiorevelacionfm.cl\/wp-content\/uploads\/2021\/09\/D-1-1-768x576.jpg 768w, https:\/\/radiorevelacionfm.cl\/wp-content\/uploads\/2021\/09\/D-1-1-705x529.jpg 705w, https:\/\/radiorevelacionfm.cl\/wp-content\/uploads\/2021\/09\/D-1-1-600x450.jpg 600w\" sizes=\"(max-width: 800px) 100vw, 800px\" \/><\/div><\/div><\/div><\/div><div class=\"flex_column av_one_full  flex_column_div av-zero-column-padding first  avia-builder-el-2  el_after_av_one_full  el_before_av_one_full  column-top-margin\" style='border-radius:0px; '><section class=\"av_textblock_section \"  itemscope=\"itemscope\" itemtype=\"https:\/\/schema.org\/BlogPosting\" itemprop=\"blogPost\" ><div class='avia_textblock  '   itemprop=\"text\" ><p style=\"text-align: center;\"><span style=\"font-size: 18pt;\"><b>Te Deum 2021: \u201cEn el cielo una estrella; viviendo aqu\u00ed en la tierra\u201d<\/b><\/span><\/p>\n<div id=\"gtx-trans\" style=\"position: absolute; left: -50px; top: 4.31534px;\">\n<div class=\"gtx-trans-icon\"><\/div>\n<\/div>\n<\/div><\/section><\/div><div class=\"flex_column av_one_full  flex_column_div av-zero-column-padding first  avia-builder-el-4  el_after_av_one_full  el_before_av_hr  column-top-margin\" style='border-radius:0px; '><section class=\"av_textblock_section \"  itemscope=\"itemscope\" itemtype=\"https:\/\/schema.org\/BlogPosting\" itemprop=\"blogPost\" ><div class='avia_textblock  '   itemprop=\"text\" ><p style=\"font-weight: 400; text-align: justify;\">Con un aforo limitado, ante autoridades y representantes de la sociedad civil de la regi\u00f3n, el Obispo Vicario Apost\u00f3lico de Ays\u00e9n, Luis Infanti, presidi\u00f3 la solemne liturgia Te Deum 2021 en la Catedral de Ays\u00e9n en Coyhaique, destacando la \u201cestrella\u201d de la conversi\u00f3n que necesita Chile en la construcci\u00f3n de la \u201cPatria-Matria\u201d en esta nueva \u00e9poca de la humanidad.<\/p>\n<p style=\"font-weight: 400; text-align: justify;\">Inspirado en la lectura del evangelio de Mateo 2, 1-12, el Vicario Apost\u00f3lico de Ays\u00e9n expres\u00f3 que: \u201c\u2026 en este Te Deum hemos escuchado la palabra que nos habla de una estrella. Unos sabios de Oriente siguen una estrella, dejan sus comodidades y su tierra para buscar donde los lleva esta estrella\u201d.<\/p>\n<p style=\"font-weight: 400; text-align: justify;\">\u201cSon inquietos buscadores \u2014subray\u00f3 el padre Obispo\u2014 tiene dudas, preguntas, averiguan, emprenden caminos nuevos, se abren a la novedad, siempre conf\u00edan\u201d.<\/p>\n<p style=\"font-weight: 400; text-align: justify;\">Y m\u00e1s adelante, en su mensaje, el padre obispo Luis se pregunt\u00f3 \u201c\u00bfc\u00f3mo reconocer en este texto sagrado lo que nos pasa hoy en Chile y en el mundo?&#8230; Nosotros, como personas, como familias, como instituciones, como comunidades, como pueblo chileno \u00bftenemos una estrella que nos gu\u00eda? \u00bfseguimos alg\u00fan ideal elevado?\u201d.<\/p>\n<p style=\"font-weight: 400; text-align: justify;\">Y en seguida agreg\u00f3: \u201cvivimos tiempos desafiantes:<\/p>\n<p style=\"font-weight: 400; text-align: justify;\">&#8211; estamos transitando hacia la elaboraci\u00f3n de un nuevo texto Constitucional;<\/p>\n<p style=\"font-weight: 400; text-align: justify;\">&#8211; estamos en un per\u00edodo de nuevas elecciones;<\/p>\n<p style=\"font-weight: 400; text-align: justify;\">&#8211; estamos sumergidos en una preocupante crisis clim\u00e1tica;<\/p>\n<p style=\"font-weight: 400; text-align: justify;\">&#8211; estamos gravemente heridos por hechos permanentes de violencia familiar y social;<\/p>\n<p style=\"font-weight: 400; text-align: justify;\">&#8211; estamos atrapados por el virus mortal de la desconfianza;<\/p>\n<p style=\"font-weight: 400; text-align: justify;\">&#8211; estamos infectados por el c\u00e1ncer del consumismo;<\/p>\n<p style=\"font-weight: 400; text-align: justify;\">&#8211; nuestro coraz\u00f3n patrio sangra de odio, de agresividad, de descalificaciones r\u00e1pidas y humillantes, de marginaciones;<\/p>\n<p style=\"font-weight: 400; text-align: justify;\">&#8211; hay inequidades y corrupciones que nos indignan;<\/p>\n<p style=\"font-weight: 400; text-align: justify;\">&#8211; muchos medios de comunicaci\u00f3n nos contaminan el alma de pesimismo y pasividad;<\/p>\n<p style=\"font-weight: 400; text-align: justify;\">&#8211; hay incluso intentos para silenciar y marginar las vivencias de la fe y de la espiritualidad, de la vida social;<\/p>\n<p style=\"font-weight: 400; text-align: justify;\">&#8211; y no faltan planteamientos que hasta buscan cercenar Derechos Humanos b\u00e1sicos y esenciales\u201d.<\/p>\n<p style=\"font-weight: 400; text-align: justify;\">Ante estas realidades el obispo vicario de Ays\u00e9n se volvi\u00f3 a preguntar: \u201c\u00bfpodremos seguir as\u00ed?\u201d. Y la respuesta fue: \u201c\u00a1Necesitamos conversi\u00f3n!<\/p>\n<p style=\"font-weight: 400; text-align: justify;\">Finalmente, el Pastor de Ays\u00e9n, or\u00f3 porque: \u201cque cada uno de nosotros seamos as\u00ed una ESTRELLA del cielo que brilla en nuestra amada tierra, consientes que nuestra fe y nuestra espiritualidad son esenciales para impregnar de sentido y de responsabilidad creadora y creativa en la construcci\u00f3n de nuestra Patria-Matria\u201d.<\/p>\n<p style=\"font-weight: 400; text-align: justify;\">Esta solemne liturgia Te Deum 2021 fue transmitida en directo desde la Catedral de Ays\u00e9n en Coyhaique, a trav\u00e9s del medio de comunicaci\u00f3n vicarial Radio y Televisi\u00f3n Santa Mar\u00eda y, adem\u00e1s, por su Facebook Live.<\/p>\n<p style=\"font-weight: 400; text-align: justify;\"><strong>Reacciones<\/strong><\/p>\n<p style=\"font-weight: 400; text-align: justify;\">Al t\u00e9rmino de la liturgia del Te Deum 2021 en Ays\u00e9n Carlos Gatica, alcalde de Coyhaique, comparti\u00f3 las siguientes palabras sobre el mensaje que ofreci\u00f3 en su homil\u00eda el padre Obispo Luis:<\/p>\n<p style=\"font-weight: 400; text-align: justify;\">\u201cLas palabras son conmovedoras desde un punto de vista espiritual. Hoy d\u00eda tambi\u00e9n tenemos que evaluar nuestro comportamiento como autoridades y llamar siempre a la paz, al di\u00e1logo; a la construcci\u00f3n de un pa\u00eds m\u00e1s justo, equitativo, m\u00e1s digno. Eso tambi\u00e9n es parte de lo que \u00e9l nos ha encomendado con las palabras del Se\u00f1or. No queda m\u00e1s que seguir en este desaf\u00edo de construir entre todos una comuna y pa\u00eds mejor\u201d.<\/p>\n<p style=\"font-weight: 400; text-align: justify;\">Quien tambi\u00e9n se refiri\u00f3 al mensaje del padre Obispo Luis fue el senador por Ays\u00e9n David\u00a0 Sandoval: \u201cCreo que fue un mensaje de llamado a la unidad y la reflexi\u00f3n. Nuestro pa\u00eds est\u00e1 transitando por un momento bastante especial que requiere fundamentalmente el esp\u00edritu de la gente generosa, de quienes miran el pa\u00eds m\u00e1s all\u00e1 de las limitaciones, sino que fundamentalmente de los grandes desaf\u00edos que tenemos: como terminamos con la pobreza, las desigualdades; para finalmente llegar a la construcci\u00f3n de un pa\u00eds distinto\u201d.<\/p>\n<p style=\"font-weight: 400; text-align: justify;\">El mismo padre obispo Luis, terminado este tradicional evento, sintetiz\u00f3 la esencia de su mensaje de Fiestas Patrias con las siguientes palabras:<\/p>\n<p style=\"font-weight: 400; text-align: justify;\">\u201cEn presencia de autoridades y de fieles hemos querido dar gracias a Dios por la Patria que tenemos; por los desaf\u00edos que se presentan. Vivimos tiempos dif\u00edciles no solo por la pandemia; estamos frente a muchas crisis. Sin embargo, creemos y confiamos en Dios que pone en cada uno de nosotros su Esp\u00edritu para construir una Patria m\u00e1s solidaria, fraterna, justa, libre; donde todos tengamos cabida y los derechos y la dignidad de cada persona y pueblo sean reconocidos. Estamos llamados, como dec\u00eda en la homil\u00eda, a ser una estrella que brilla en el cielo viviendo aqu\u00ed en la tierra para ser un pueblo m\u00e1s fraterno\u201d.<\/p>\n<\/div><\/section><\/div><div  style='height:50px' class='hr hr-invisible   avia-builder-el-6  el_after_av_one_full  el_before_av_social_share '><span class='hr-inner ' ><span class='hr-inner-style'><\/span><\/span><\/div><\/p>\n<div  class='av-social-sharing-box  avia-builder-el-7  el_after_av_hr  el_before_av_hr  '><div class='av-share-box'><h5 class='av-share-link-description av-no-toc '>Compartir esta noticia<\/h5><ul class='av-share-box-list noLightbox'><li class='av-share-link av-social-link-facebook' ><a target=\"_blank\" aria-label=\"Compartir en Facebook\" href='https:\/\/www.facebook.com\/sharer.php?u=https:\/\/radiorevelacionfm.cl\/?p=8823&#038;t=Te%20Deum%202021%3A%20%E2%80%9CEn%20el%20cielo%20una%20estrella%3B%20viviendo%20aqu%C3%AD%20en%20la%20tierra%E2%80%9D' aria-hidden='false' data-av_icon='\ue8f3' data-av_iconfont='entypo-fontello' title='' data-avia-related-tooltip='Compartir en Facebook' rel=\"noopener\"><span class='avia_hidden_link_text'>Compartir en Facebook<\/span><\/a><\/li><li class='av-share-link av-social-link-twitter' ><a target=\"_blank\" aria-label=\"Compartir en Twitter\" href='https:\/\/twitter.com\/share?text=Te%20Deum%202021%3A%20%E2%80%9CEn%20el%20cielo%20una%20estrella%3B%20viviendo%20aqu%C3%AD%20en%20la%20tierra%E2%80%9D&#038;url=https:\/\/radiorevelacionfm.cl\/?p=8823' aria-hidden='false' data-av_icon='\ue8f1' data-av_iconfont='entypo-fontello' title='' data-avia-related-tooltip='Compartir en Twitter' rel=\"noopener\"><span class='avia_hidden_link_text'>Compartir en Twitter<\/span><\/a><\/li><li class='av-share-link av-social-link-whatsapp' ><a target=\"_blank\" aria-label=\"Compartir en Whatsapp\" href='https:\/\/api.whatsapp.com\/send?text=https:\/\/radiorevelacionfm.cl\/?p=8823' aria-hidden='false' data-av_icon='\uf232' data-av_iconfont='entypo-fontello' title='' data-avia-related-tooltip='Compartir en Whatsapp' rel=\"noopener\"><span class='avia_hidden_link_text'>Compartir en Whatsapp<\/span><\/a><\/li><li class='av-share-link av-social-link-linkedin' ><a target=\"_blank\" aria-label=\"Compartir en LinkedIn\" href='https:\/\/linkedin.com\/shareArticle?mini=true&#038;title=Te%20Deum%202021%3A%20%E2%80%9CEn%20el%20cielo%20una%20estrella%3B%20viviendo%20aqu%C3%AD%20en%20la%20tierra%E2%80%9D&#038;url=https:\/\/radiorevelacionfm.cl\/?p=8823' aria-hidden='false' data-av_icon='\ue8fc' data-av_iconfont='entypo-fontello' title='' data-avia-related-tooltip='Compartir en LinkedIn' rel=\"noopener\"><span class='avia_hidden_link_text'>Compartir en LinkedIn<\/span><\/a><\/li><li class='av-share-link av-social-link-mail' ><a  aria-label=\"Compartir por correo\" href='mailto:?subject=Te%20Deum%202021%3A%20%E2%80%9CEn%20el%20cielo%20una%20estrella%3B%20viviendo%20aqu%C3%AD%20en%20la%20tierra%E2%80%9D&#038;body=https:\/\/radiorevelacionfm.cl\/?p=8823' aria-hidden='false' data-av_icon='\ue805' data-av_iconfont='entypo-fontello' title='' data-avia-related-tooltip='Compartir por correo'><span class='avia_hidden_link_text'>Compartir por correo<\/span><\/a><\/li><\/ul><\/div><\/div>\n<div  style='height:50px' class='hr hr-invisible   avia-builder-el-8  el_after_av_social_share  el_before_av_comments_list '><span class='hr-inner ' ><span class='hr-inner-style'><\/span><\/span><\/div>\n<div  class='av-buildercomment  av-blog-meta-html-info-disabled av-blog-meta-tag-disabled  '><\/div>\n","protected":false},"excerpt":{"rendered":"","protected":false},"author":1,"featured_media":8824,"comment_status":"open","ping_status":"open","sticky":false,"template":"","format":"standard","meta":{"footnotes":""},"categories":[38],"tags":[],"class_list":["post-8823","post","type-post","status-publish","format-standard","has-post-thumbnail","hentry","category-regional"],"jetpack_featured_media_url":"https:\/\/radiorevelacionfm.cl\/wp-content\/uploads\/2021\/09\/D-1-1.jpg","_links":{"self":[{"href":"https:\/\/radiorevelacionfm.cl\/index.php?rest_route=\/wp\/v2\/posts\/8823","targetHints":{"allow":["GET"]}}],"collection":[{"href":"https:\/\/radiorevelacionfm.cl\/index.php?rest_route=\/wp\/v2\/posts"}],"about":[{"href":"https:\/\/radiorevelacionfm.cl\/index.php?rest_route=\/wp\/v2\/types\/post"}],"author":[{"embeddable":true,"href":"https:\/\/radiorevelacionfm.cl\/index.php?rest_route=\/wp\/v2\/users\/1"}],"replies":[{"embeddable":true,"href":"https:\/\/radiorevelacionfm.cl\/index.php?rest_route=%2Fwp%2Fv2%2Fcomments&post=8823"}],"version-history":[{"count":1,"href":"https:\/\/radiorevelacionfm.cl\/index.php?rest_route=\/wp\/v2\/posts\/8823\/revisions"}],"predecessor-version":[{"id":8825,"href":"https:\/\/radiorevelacionfm.cl\/index.php?rest_route=\/wp\/v2\/posts\/8823\/revisions\/8825"}],"wp:featuredmedia":[{"embeddable":true,"href":"https:\/\/radiorevelacionfm.cl\/index.php?rest_route=\/wp\/v2\/media\/8824"}],"wp:attachment":[{"href":"https:\/\/radiorevelacionfm.cl\/index.php?rest_route=%2Fwp%2Fv2%2Fmedia&parent=8823"}],"wp:term":[{"taxonomy":"category","embeddable":true,"href":"https:\/\/radiorevelacionfm.cl\/index.php?rest_route=%2Fwp%2Fv2%2Fcategories&post=8823"},{"taxonomy":"post_tag","embeddable":true,"href":"https:\/\/radiorevelacionfm.cl\/index.php?rest_route=%2Fwp%2Fv2%2Ftags&post=8823"}],"curies":[{"name":"wp","href":"https:\/\/api.w.org\/{rel}","templated":true}]}}