{"id":8820,"date":"2021-09-19T11:42:01","date_gmt":"2021-09-19T14:42:01","guid":{"rendered":"https:\/\/radiorevelacionfm.cl\/?p=8820"},"modified":"2021-09-19T11:42:01","modified_gmt":"2021-09-19T14:42:01","slug":"con-escrituras-en-mano-celebraron-fiestas-patrias-50-familias-del-comite-valle-simpson","status":"publish","type":"post","link":"https:\/\/radiorevelacionfm.cl\/?p=8820","title":{"rendered":"Con Escrituras en mano celebraron Fiestas Patrias 50 familias del comit\u00e9 \u201cValle Simpson\u201d"},"content":{"rendered":"<div class=\"flex_column av_one_full  flex_column_div av-zero-column-padding first  avia-builder-el-0  el_before_av_one_full  avia-builder-el-first  \" style='border-radius:0px; '><div  class='avia-image-container  av-styling-    avia-builder-el-1  avia-builder-el-no-sibling  avia-align-center '  itemprop=\"image\" itemscope=\"itemscope\" itemtype=\"https:\/\/schema.org\/ImageObject\"  ><div class='avia-image-container-inner'><div class='avia-image-overlay-wrap'><img decoding=\"async\" class='wp-image-8821 avia-img-lazy-loading-not-8821 avia_image' src=\"https:\/\/radiorevelacionfm.cl\/wp-content\/uploads\/2021\/09\/adulto-mayor-de-Valle-Simpson-recibe-escritura-de-su-vivienda-1-1.jpg\" alt='' title='adulto mayor de Valle Simpson recibe escritura de su vivienda (1) (1)' height=\"600\" width=\"901\"  itemprop=\"thumbnailUrl\" srcset=\"https:\/\/radiorevelacionfm.cl\/wp-content\/uploads\/2021\/09\/adulto-mayor-de-Valle-Simpson-recibe-escritura-de-su-vivienda-1-1.jpg 901w, https:\/\/radiorevelacionfm.cl\/wp-content\/uploads\/2021\/09\/adulto-mayor-de-Valle-Simpson-recibe-escritura-de-su-vivienda-1-1-300x200.jpg 300w, https:\/\/radiorevelacionfm.cl\/wp-content\/uploads\/2021\/09\/adulto-mayor-de-Valle-Simpson-recibe-escritura-de-su-vivienda-1-1-768x511.jpg 768w, https:\/\/radiorevelacionfm.cl\/wp-content\/uploads\/2021\/09\/adulto-mayor-de-Valle-Simpson-recibe-escritura-de-su-vivienda-1-1-705x469.jpg 705w, https:\/\/radiorevelacionfm.cl\/wp-content\/uploads\/2021\/09\/adulto-mayor-de-Valle-Simpson-recibe-escritura-de-su-vivienda-1-1-600x400.jpg 600w\" sizes=\"(max-width: 901px) 100vw, 901px\" \/><\/div><\/div><\/div><\/div><div class=\"flex_column av_one_full  flex_column_div av-zero-column-padding first  avia-builder-el-2  el_after_av_one_full  el_before_av_one_full  column-top-margin\" style='border-radius:0px; '><section class=\"av_textblock_section \"  itemscope=\"itemscope\" itemtype=\"https:\/\/schema.org\/BlogPosting\" itemprop=\"blogPost\" ><div class='avia_textblock  '   itemprop=\"text\" ><p style=\"text-align: center;\"><strong><span style=\"font-size: 18pt;\">Con Escrituras en mano celebraron Fiestas Patrias 50 familias del comit\u00e9 \u201cValle Simpson\u201d<\/span><\/strong><\/p>\n<div id=\"gtx-trans\" style=\"position: absolute; left: -50px; top: 4.31534px;\">\n<div class=\"gtx-trans-icon\"><\/div>\n<\/div>\n<\/div><\/section><\/div><div class=\"flex_column av_one_full  flex_column_div av-zero-column-padding first  avia-builder-el-4  el_after_av_one_full  el_before_av_hr  column-top-margin\" style='border-radius:0px; '><section class=\"av_textblock_section \"  itemscope=\"itemscope\" itemtype=\"https:\/\/schema.org\/BlogPosting\" itemprop=\"blogPost\" ><div class='avia_textblock  '   itemprop=\"text\" ><p style=\"text-align: justify;\">Fue en septiembre de 2017 cuando, tras varios a\u00f1os de trabajo y esfuerzo, las 50 familias del comit\u00e9 \u201cValle Simpson\u201d recibieron las esperadas llaves de su casa propia, dando as\u00ed vida a un moderno barrio emplazado en la salida de esa antigua e hist\u00f3rica localidad ubicada unos 20 kil\u00f3metros al sur de la capital regional.<\/p>\n<p style=\"text-align: justify;\">Si bien con el tiempo estos vecinos y vecinas ya han ido consolidando su nuevo espacio, a\u00fan esperaban con ansias el momento de recibir las escrituras que vienen a cerrar con \u00e9xito el largo proceso de la casa propia. Y el anhelado d\u00eda lleg\u00f3 la semana pasada, cuando junto a las autoridades locales y regionales, las familias recibieron de parte del Ministerio de Vivienda y Urbanismo los documentos que los acreditan legalmente como due\u00f1os o propietarios de sus viviendas.<\/p>\n<p style=\"text-align: justify;\">Tal como recordaron dirigentes y autoridades el camino no estuvo exento de dificultades, ya que s\u00f3lo el 2015, despu\u00e9s de varios a\u00f1os de esfuerzo y perseverancia, el comit\u00e9 logr\u00f3 recibir sus certificados de subsidio. Al a\u00f1o siguiente, en 2016, parti\u00f3 la construcci\u00f3n de las casas, proceso que se extendi\u00f3 hasta el 2017, en que por fin recibieron sus esperadas soluciones habitacionales.<\/p>\n<p style=\"text-align: justify;\">As\u00ed lo record\u00f3 la Presidenta del Comit\u00e9 Valle Simpson, Ilse Vel\u00e1squez, quien dirigi\u00f3 los destinos del grupo desde los a\u00f1os 2005 y 2007, liderando un arduo trabajo que se cerr\u00f3 felizmente con la entrega de escrituras. \u201cVivimos momentos de alegr\u00eda y momentos de tristeza, pero jam\u00e1s bajamos los brazos, siempre fuimos unidos y trabajadores, siempre transparentes y nos respetamos mutuamente. Agradecer a las personas que formaron parte de la directiva, Jos\u00e9 Mella, Paola D\u00edaz y tambi\u00e9n Juan Astudillo, Marcela Jim\u00e9nez, Mart\u00edn Avenda\u00f1o, Marcos Fa\u00fandez. \u00c9ramos las personas que los represent\u00e1bamos, dimos una lucha incansable, tuvimos tropiezos en el camino, pero hoy damos gracias a Dios que estamos recibiendo nuestros t\u00edtulos y que tenemos nuestras viviendas en condiciones y como corresponde\u201d, puntualiz\u00f3.<\/p>\n<p style=\"text-align: justify;\">Tras los saludos de los representantes del Alcalde de Coyhaique y de la Gobernadora Regional de Ays\u00e9n, hizo uso de la palabra el Seremi (S) de Vivienda, Nelson Quinteros, quien destac\u00f3 el trabajo realizado con este grupo desde el a\u00f1o 2011, proceso que felizmente se cierra de manera exitosa. \u201cSolucionamos varios problemas y aunque hubo otros dolores hoy es un proyecto terminado. As\u00ed que ahora felicitarlos, contarles que van a ser propietarios de tomo y lomo con su documento en la mano y eso les da una serie de derechos, pero tambi\u00e9n una serie de responsabilidades con su hogar y en eso todos son protagonistas. Ustedes son o van a ser junta de vecinos y me encantar\u00eda que fueran una Junta de Vecinos con esp\u00edritu de comit\u00e9, porque esa cohesi\u00f3n, la de luchar juntos por un objetivo es el que le da fuerza a un grupo humano. Entonces los llamo a seguir siendo un comit\u00e9 de esp\u00edritu y una tremenda junta de vecinos. Muchas felicidades y estamos muy orgullosos de haberlos acompa\u00f1ado en esto\u201d, manifest\u00f3.<\/p>\n<p style=\"text-align: justify;\">Tras la presentaci\u00f3n art\u00edstica de los alumnos del colegio y algunos integrantes del comit\u00e9 Valle Simpson se procedi\u00f3 a la entrega de las escrituras, ceremonia que fue seguida con emoci\u00f3n y alegr\u00eda por todos los presentes.<\/p>\n<p style=\"text-align: justify;\">Cabe recordar que hoy las 50 familias habitan un moderno barrio con \u00e1rea verde y viviendas de 49, 5 m2, las cuales se concretaron con una inversi\u00f3n que super\u00f3 los mil 600 millones de pesos, sumando los subsidios que entreg\u00f3 el Gobierno, el ahorro de las familias y los decisivos aportes del Gobierno Regional, que en este caso superaron los 460 millones de pesos.<\/p>\n<\/div><\/section><\/div><div  style='height:50px' class='hr hr-invisible   avia-builder-el-6  el_after_av_one_full  el_before_av_social_share '><span class='hr-inner ' ><span class='hr-inner-style'><\/span><\/span><\/div><\/p>\n<div  class='av-social-sharing-box  avia-builder-el-7  el_after_av_hr  el_before_av_hr  '><div class='av-share-box'><h5 class='av-share-link-description av-no-toc '>Compartir esta noticia<\/h5><ul class='av-share-box-list noLightbox'><li class='av-share-link av-social-link-facebook' ><a target=\"_blank\" aria-label=\"Compartir en Facebook\" href='https:\/\/www.facebook.com\/sharer.php?u=https:\/\/radiorevelacionfm.cl\/?p=8820&#038;t=Con%20Escrituras%20en%20mano%20celebraron%20Fiestas%20Patrias%2050%20familias%20del%20comit%C3%A9%20%E2%80%9CValle%20Simpson%E2%80%9D' aria-hidden='false' data-av_icon='\ue8f3' data-av_iconfont='entypo-fontello' title='' data-avia-related-tooltip='Compartir en Facebook' rel=\"noopener\"><span class='avia_hidden_link_text'>Compartir en Facebook<\/span><\/a><\/li><li class='av-share-link av-social-link-twitter' ><a target=\"_blank\" aria-label=\"Compartir en Twitter\" href='https:\/\/twitter.com\/share?text=Con%20Escrituras%20en%20mano%20celebraron%20Fiestas%20Patrias%2050%20familias%20del%20comit%C3%A9%20%E2%80%9CValle%20Simpson%E2%80%9D&#038;url=https:\/\/radiorevelacionfm.cl\/?p=8820' aria-hidden='false' data-av_icon='\ue8f1' data-av_iconfont='entypo-fontello' title='' data-avia-related-tooltip='Compartir en Twitter' rel=\"noopener\"><span class='avia_hidden_link_text'>Compartir en Twitter<\/span><\/a><\/li><li class='av-share-link av-social-link-whatsapp' ><a target=\"_blank\" aria-label=\"Compartir en Whatsapp\" href='https:\/\/api.whatsapp.com\/send?text=https:\/\/radiorevelacionfm.cl\/?p=8820' aria-hidden='false' data-av_icon='\uf232' data-av_iconfont='entypo-fontello' title='' data-avia-related-tooltip='Compartir en Whatsapp' rel=\"noopener\"><span class='avia_hidden_link_text'>Compartir en Whatsapp<\/span><\/a><\/li><li class='av-share-link av-social-link-linkedin' ><a target=\"_blank\" aria-label=\"Compartir en LinkedIn\" href='https:\/\/linkedin.com\/shareArticle?mini=true&#038;title=Con%20Escrituras%20en%20mano%20celebraron%20Fiestas%20Patrias%2050%20familias%20del%20comit%C3%A9%20%E2%80%9CValle%20Simpson%E2%80%9D&#038;url=https:\/\/radiorevelacionfm.cl\/?p=8820' aria-hidden='false' data-av_icon='\ue8fc' data-av_iconfont='entypo-fontello' title='' data-avia-related-tooltip='Compartir en LinkedIn' rel=\"noopener\"><span class='avia_hidden_link_text'>Compartir en LinkedIn<\/span><\/a><\/li><li class='av-share-link av-social-link-mail' ><a  aria-label=\"Compartir por correo\" href='mailto:?subject=Con%20Escrituras%20en%20mano%20celebraron%20Fiestas%20Patrias%2050%20familias%20del%20comit%C3%A9%20%E2%80%9CValle%20Simpson%E2%80%9D&#038;body=https:\/\/radiorevelacionfm.cl\/?p=8820' aria-hidden='false' data-av_icon='\ue805' data-av_iconfont='entypo-fontello' title='' data-avia-related-tooltip='Compartir por correo'><span class='avia_hidden_link_text'>Compartir por correo<\/span><\/a><\/li><\/ul><\/div><\/div>\n<div  style='height:50px' class='hr hr-invisible   avia-builder-el-8  el_after_av_social_share  el_before_av_comments_list '><span class='hr-inner ' ><span class='hr-inner-style'><\/span><\/span><\/div>\n<div  class='av-buildercomment  av-blog-meta-html-info-disabled av-blog-meta-tag-disabled  '><\/div>\n","protected":false},"excerpt":{"rendered":"","protected":false},"author":1,"featured_media":8821,"comment_status":"open","ping_status":"open","sticky":false,"template":"","format":"standard","meta":{"footnotes":""},"categories":[57],"tags":[],"class_list":["post-8820","post","type-post","status-publish","format-standard","has-post-thumbnail","hentry","category-vivienda"],"jetpack_featured_media_url":"https:\/\/radiorevelacionfm.cl\/wp-content\/uploads\/2021\/09\/adulto-mayor-de-Valle-Simpson-recibe-escritura-de-su-vivienda-1-1.jpg","_links":{"self":[{"href":"https:\/\/radiorevelacionfm.cl\/index.php?rest_route=\/wp\/v2\/posts\/8820","targetHints":{"allow":["GET"]}}],"collection":[{"href":"https:\/\/radiorevelacionfm.cl\/index.php?rest_route=\/wp\/v2\/posts"}],"about":[{"href":"https:\/\/radiorevelacionfm.cl\/index.php?rest_route=\/wp\/v2\/types\/post"}],"author":[{"embeddable":true,"href":"https:\/\/radiorevelacionfm.cl\/index.php?rest_route=\/wp\/v2\/users\/1"}],"replies":[{"embeddable":true,"href":"https:\/\/radiorevelacionfm.cl\/index.php?rest_route=%2Fwp%2Fv2%2Fcomments&post=8820"}],"version-history":[{"count":1,"href":"https:\/\/radiorevelacionfm.cl\/index.php?rest_route=\/wp\/v2\/posts\/8820\/revisions"}],"predecessor-version":[{"id":8822,"href":"https:\/\/radiorevelacionfm.cl\/index.php?rest_route=\/wp\/v2\/posts\/8820\/revisions\/8822"}],"wp:featuredmedia":[{"embeddable":true,"href":"https:\/\/radiorevelacionfm.cl\/index.php?rest_route=\/wp\/v2\/media\/8821"}],"wp:attachment":[{"href":"https:\/\/radiorevelacionfm.cl\/index.php?rest_route=%2Fwp%2Fv2%2Fmedia&parent=8820"}],"wp:term":[{"taxonomy":"category","embeddable":true,"href":"https:\/\/radiorevelacionfm.cl\/index.php?rest_route=%2Fwp%2Fv2%2Fcategories&post=8820"},{"taxonomy":"post_tag","embeddable":true,"href":"https:\/\/radiorevelacionfm.cl\/index.php?rest_route=%2Fwp%2Fv2%2Ftags&post=8820"}],"curies":[{"name":"wp","href":"https:\/\/api.w.org\/{rel}","templated":true}]}}