{"id":8810,"date":"2021-09-17T11:41:48","date_gmt":"2021-09-17T14:41:48","guid":{"rendered":"https:\/\/radiorevelacionfm.cl\/?p=8810"},"modified":"2021-09-17T11:41:48","modified_gmt":"2021-09-17T14:41:48","slug":"por-un-18-seguro-en-el-ambito-laboral-isl-difundio-consejos-de-prevencion-en-locales-comerciales","status":"publish","type":"post","link":"https:\/\/radiorevelacionfm.cl\/?p=8810","title":{"rendered":"Por un 18 Seguro en el \u00e1mbito laboral: ISL difundi\u00f3 consejos de prevenci\u00f3n en locales comerciales"},"content":{"rendered":"<div class=\"flex_column av_one_full  flex_column_div av-zero-column-padding first  avia-builder-el-0  el_before_av_one_full  avia-builder-el-first  \" style='border-radius:0px; '><div  class='avia-image-container  av-styling-    avia-builder-el-1  avia-builder-el-no-sibling  avia-align-center '  itemprop=\"image\" itemscope=\"itemscope\" itemtype=\"https:\/\/schema.org\/ImageObject\"  ><div class='avia-image-container-inner'><div class='avia-image-overlay-wrap'><img decoding=\"async\" class='wp-image-8811 avia-img-lazy-loading-not-8811 avia_image' src=\"https:\/\/radiorevelacionfm.cl\/wp-content\/uploads\/2021\/09\/isl_18-4-1_optimized.jpeg\" alt='' title='isl_18-(4)-(1)_optimized' height=\"600\" width=\"802\"  itemprop=\"thumbnailUrl\" srcset=\"https:\/\/radiorevelacionfm.cl\/wp-content\/uploads\/2021\/09\/isl_18-4-1_optimized.jpeg 802w, https:\/\/radiorevelacionfm.cl\/wp-content\/uploads\/2021\/09\/isl_18-4-1_optimized-300x224.jpeg 300w, https:\/\/radiorevelacionfm.cl\/wp-content\/uploads\/2021\/09\/isl_18-4-1_optimized-768x575.jpeg 768w, https:\/\/radiorevelacionfm.cl\/wp-content\/uploads\/2021\/09\/isl_18-4-1_optimized-705x527.jpeg 705w, https:\/\/radiorevelacionfm.cl\/wp-content\/uploads\/2021\/09\/isl_18-4-1_optimized-600x449.jpeg 600w\" sizes=\"(max-width: 802px) 100vw, 802px\" \/><\/div><\/div><\/div><\/div><div class=\"flex_column av_one_full  flex_column_div av-zero-column-padding first  avia-builder-el-2  el_after_av_one_full  el_before_av_one_full  column-top-margin\" style='border-radius:0px; '><section class=\"av_textblock_section \"  itemscope=\"itemscope\" itemtype=\"https:\/\/schema.org\/BlogPosting\" itemprop=\"blogPost\" ><div class='avia_textblock  '   itemprop=\"text\" ><p style=\"text-align: center;\"><strong><span style=\"font-size: 18pt;\">Por un 18 Seguro en el \u00e1mbito laboral: ISL difundi\u00f3 consejos de prevenci\u00f3n en locales comerciales<\/span><\/strong><\/p>\n<div id=\"gtx-trans\" style=\"position: absolute; left: -50px; top: 4.31534px;\">\n<div class=\"gtx-trans-icon\"><\/div>\n<\/div>\n<\/div><\/section><\/div><div class=\"flex_column av_one_full  flex_column_div av-zero-column-padding first  avia-builder-el-4  el_after_av_one_full  el_before_av_hr  column-top-margin\" style='border-radius:0px; '><section class=\"av_textblock_section \"  itemscope=\"itemscope\" itemtype=\"https:\/\/schema.org\/BlogPosting\" itemprop=\"blogPost\" ><div class='avia_textblock  '   itemprop=\"text\" ><p style=\"text-align: justify;\"><span lang=\"ES\">Un recorrido por algunos locales del centro de Coyhaique relacionados a alimentaci\u00f3n, realizaron el Seremi(s), del Trabajo y Previsi\u00f3n Social y Director Regional del Instituto de Previsi\u00f3n Social, IPS, ChileAtiende, Carlos Rodr\u00edguez y el Director Regional del Instituto de Seguridad Laboral, ISL, Mario Garay, con el prop\u00f3sito de difundir la Campa\u00f1a #18Seguro, entregando consejos preventivos para prevenir accidentes y contagios Covid-19 en Fiestas Patrias.<\/span><\/p>\n<p style=\"text-align: justify;\"><span lang=\"ES\">El Seremi(s) Carlos Rodr\u00edguez llam\u00f3 a poner atenci\u00f3n en las medidas de autocuidado, \u00abEs fundamental que el \u00e1mbito laboral tanto empleadores como trabajadores\/as tomen todas las medidas de precauci\u00f3n, tanto para evitar accidentes laborales como para prevenir contagios por coronavirus. Recordamos que la pandemia a\u00fan no se acaba y debemos seguir los consejos de la autoridad sanitaria. Vemos con optimismo que en los locales que recorrimos est\u00e1n siguiendo los protocolos sanitarios y los invitamos a reforzar el autocuidado, para que estas sean unas buenas fiestas patrias\u00bb, mencion\u00f3 la autoridad del trabajo y previsi\u00f3n social. \u00a0\u00a0\u00a0\u00a0<\/span><\/p>\n<p style=\"text-align: justify;\"><span lang=\"ES\">\u00abEntregamos material relacionado con la prevenci\u00f3n de Covid 19 junto a la prevenci\u00f3n de accidentes laborales, ya que ninguno de estos temas hay que descuidarlos durante estas Fiestas Patrias, adem\u00e1s de informar sobre la cobertura de los trabajadores y trabajadoras de la Ley 16.744 del Seguro Social contra Riesgos de Accidentes y Enfermedades Profesionales. Ello teniendo en cuenta que cuidarnos es responsabilidad de todos, y que hay que cumplir con las medidas de higiene, tanto personal, como en la preparaci\u00f3n y manipulaci\u00f3n de los alimentos, adem\u00e1s del uso de mascarilla, lavado de manos y de superficies, como las mesas, entre otras medidas. Los invitamos a conocer m\u00e1s en la p\u00e1gina del instituto de Seguridad Laboral,\u00a0<\/span><a href=\"http:\/\/www.is.gob.cl\/\" target=\"_blank\" rel=\"noopener noreferrer\"><span lang=\"ES\">www.is.gob.cl<\/span><\/a><span lang=\"ES\">\u00ab, concluy\u00f3 el director regional Mario Garay.<\/span><\/p>\n<p style=\"text-align: justify;\"><span lang=\"ES\">Uno de los locales que visitaron fue el tradicional restaurant \u00abMoneda de Oro\u00bb, que hoy cuenta con una terraza techada y espacios renovados para cumplir con los protocolos. Jos\u00e9 Luis Guti\u00e9rrez coment\u00f3 sobre la implementaci\u00f3n de medidas sanitarias, \u00abNosotros en el local tenemos dos turnos, y entre turnos cerramos (entre 16:00 y 18:00) para poner limpiar, ventilar y poder cumplir con los protocolos que nos est\u00e1n exigiendo hoy en d\u00eda para mantener abierto. Si bien estamos en Fase 4 para poder lograrlo, nosotros como gastron\u00f3micos \u2013y hablo tambi\u00e9n por el resto de los gastron\u00f3micos que est\u00e1n hoy d\u00eda en la regi\u00f3n y que gracias a Dios pueden trabajar- hemos tenido que cumplir con todos estos tipos de protocolos. Para todos ha sido algo nuevo, ha sido un aprendizaje porque es la \u00fanica manera para que podamos hoy tener nuestros locales abiertos. Recordemos que el 18 de septiembre del a\u00f1o pasado, pasamos a cuarentena\u00bb.<\/span><\/p>\n<p style=\"text-align: justify;\"><span lang=\"ES\">Al ser adherente al ISL, el personal del local, ha tenido capacitaciones sobre protocolos sanitarios, cumpliendo con la normativa de solicitar el Pase de movilidad, uso de alcohol gel, toma de temperatura del personal y de los clientes, atenci\u00f3n a los aforos, entre otras medidas sanitarias. El d\u00eda 17 atender\u00e1n con su personal y los d\u00edas 18 y 19 abrir\u00e1n atendiendo solo la familia, para hacer reservas y pedir delivery, la comunidad se puede contactarse al +56 952022501 o a trav\u00e9s de las redes sociales.\u00a0<\/span><\/p>\n<p class=\"v1MsoNormal\" style=\"text-align: justify;\"><b><u><span lang=\"ES\">Medidas de seguridad laboral durante estas Fiestas Patrias<\/span><\/u><\/b><\/p>\n<p class=\"v1MsoNormal\" style=\"text-align: justify;\"><b><span lang=\"ES-TRAD\">En restaurantes y locales, m\u00e1s higiene, m\u00e1s salud y una mejor atenci\u00f3n:<br \/>\n<\/span><\/b><span lang=\"ES-TRAD\">-Disponga de agua potable.<br \/>\n-En el caso de los ba\u00f1os para los trabajadores\/as, se debe cumplir con lo estipulado en el art\u00edculo N\u00ba 21, del Decreto Supremo 594.<b><br \/>\n<\/b>-Disponga de un \u00e1rea limpia de cocina; con pisos, paredes y mesones de material lavable.<br \/>\n-Mantenga los recipientes y bolsas de basura bien cerrados y alejados de las \u00e1reas de manipulaci\u00f3n de alimentos.<b><\/b><\/span><\/p>\n<p style=\"text-align: justify;\"><b><span lang=\"ES-TRAD\">Si vas a trabajar en estas fiestas patrias, recuerda que tambi\u00e9n debes cuidarte del COVID-19:<\/span><\/b><\/p>\n<p class=\"v1MsoNormal\" style=\"text-align: justify;\"><span lang=\"ES-TRAD\">-Recuerda el uso obligatorio de mascarillas.<\/span><\/p>\n<p class=\"v1MsoNormal\" style=\"text-align: justify;\"><span lang=\"ES-TRAD\">-Si atiendes p\u00fablico, limpia mesas y sillas con cada vez que se desocupen.<\/span><\/p>\n<p class=\"v1MsoNormal\" style=\"text-align: justify;\"><span lang=\"ES-TRAD\">-Lava frecuentemente tus manos con agua y jab\u00f3n, por al menos 30 segundos o usa alcohol gel para limpiarlas.<\/span><\/p>\n<p class=\"v1MsoNormal\" style=\"text-align: justify;\"><span lang=\"ES-TRAD\">-Ventila el espacio de trabajo al menos 2 veces al d\u00eda. En caso de no contar con ventanas, aplica desinfectantes en aerosol y mantener puertas abiertas.<\/span><\/p>\n<p class=\"v1MsoNormal\" style=\"text-align: justify;\"><b><span lang=\"ES-TRAD\">Para que en Fiestas Patrias todos tengan una alimentaci\u00f3n segura:<\/span><\/b><\/p>\n<p class=\"v1MsoNormal\" style=\"text-align: justify;\"><b><\/b><span lang=\"ES-TRAD\">-Aseg\u00farate de que los alimentos y materias primas, como carnes, provengan de f\u00e1bricas, mataderos o locales autorizados.<br \/>\n-Mant\u00e9n refrigerados los alimentos perecibles (si corresponde) o en envases protegidos para evitar su contaminaci\u00f3n.<b><br \/>\n&#8211;<\/b>Los alimentos que no necesiten fr\u00edo se deben mantener en lugares limpios, secos, ventilados y protegidos de la luz solar y humedad.<br \/>\n-Recuerda que es importante mantener siempre la cadena de fr\u00edo de los alimentos que los requieran.<br \/>\n&#8211;<\/span><span lang=\"ES-TRAD\">Lava las hortalizas y verduras antes de prepararlas.<br \/>\n-Preoc\u00fapate de que al servir los alimentos est\u00e9n bien cocidos. Una vez preparados, los alimentos deben ofrecerse al consumo inmediatamente.<br \/>\n-Manipula en forma separada los alimentos crudos de los ya preparados para su consumo.<\/span><\/p>\n<p style=\"text-align: justify;\"><b><span lang=\"ES-TRAD\">Higiene y Seguridad al preparar los alimentos<\/span><\/b><\/p>\n<p style=\"text-align: justify;\"><b><\/b><span lang=\"ES-TRAD\">-L\u00e1vate las manos antes de entrar en contacto con alimentos, despu\u00e9s de usar los servicios higi\u00e9nicos, tocar el celular y almacenar o recoger basura.<br \/>\n-Usa delantal, mascarilla, guantes quir\u00fargicos y un gorro que cubra la totalidad de tu pelo.<br \/>\n-No uses adornos en las manos y mant\u00e9n las u\u00f1as cortas, limpias y sin esmalte.<br \/>\n-No comer ni fumar al manipular alimentos, y evitar conductas antihigi\u00e9nicas, como toser o estornudar en la zona donde se preparen comidas.<br \/>\n-Mant\u00e9n los alimentos alejados de productos t\u00f3xicos, como l\u00edquidos de limpieza.<\/span><\/p>\n<p class=\"v1MsoNormal\" style=\"text-align: justify;\"><b><span lang=\"ES-TRAD\">Prevenci\u00f3n de COVID-19:<\/span><\/b><\/p>\n<p style=\"text-align: justify;\"><span lang=\"ES-TRAD\">\u00b7\u00a0\u00a0\u00a0\u00a0\u00a0\u00a0\u00a0\u00a0\u00a0<\/span><span lang=\"ES-TRAD\">Respeta los aforos establecidos en el Plan Paso a Paso para fondas, ramadas y eventos similares:<\/span><\/p>\n<table border=\"1\" width=\"0\" cellspacing=\"0\" cellpadding=\"0\">\n<tbody>\n<tr>\n<td colspan=\"2\" valign=\"top\" width=\"177\">\n<p class=\"v1MsoNormal\"><b><span lang=\"ES-TRAD\">PASE DE MOVILIDAD<\/span><\/b><\/p>\n<\/td>\n<td width=\"116\">\n<p class=\"v1MsoNormal\"><b><span lang=\"ES-TRAD\">1 PREPARACI\u00d3N<\/span><\/b><\/p>\n<\/td>\n<td width=\"113\">\n<p class=\"v1MsoNormal\"><b><span lang=\"ES-TRAD\">2 TRANSICI\u00d3N<\/span><\/b><\/p>\n<\/td>\n<td width=\"113\">\n<p class=\"v1MsoNormal\"><b><span lang=\"ES-TRAD\">3 PREPARACI\u00d3N<\/span><\/b><\/p>\n<\/td>\n<td width=\"95\">\n<p class=\"v1MsoNormal\"><b><span lang=\"ES-TRAD\">4 APERTURA<\/span><\/b><\/p>\n<\/td>\n<\/tr>\n<tr>\n<td rowspan=\"2\" width=\"103\">\n<p class=\"v1MsoNormal\"><b><span lang=\"ES-TRAD\">SI<\/span><\/b><\/p>\n<\/td>\n<td valign=\"top\" width=\"74\">\n<p class=\"v1MsoNormal\"><span lang=\"ES-TRAD\">ESPACIO ABIERTO<\/span><\/p>\n<\/td>\n<td colspan=\"2\" rowspan=\"4\" width=\"230\">\n<p class=\"v1MsoNormal\"><span lang=\"ES-TRAD\">NO SE PERMITE<\/span><\/p>\n<p class=\"v1MsoNormal\"><span lang=\"ES-TRAD\">\u00a0<\/span><\/p>\n<\/td>\n<td colspan=\"2\" width=\"208\">\n<p class=\"v1MsoNormal\"><span lang=\"ES-TRAD\">300 PERSONAS<\/span><\/p>\n<\/td>\n<\/tr>\n<tr>\n<td valign=\"top\" width=\"74\">\n<p class=\"v1MsoNormal\"><span lang=\"ES-TRAD\">ESPACIO CERRADO<\/span><\/p>\n<\/td>\n<td colspan=\"2\" width=\"208\">\n<p class=\"v1MsoNormal\"><span lang=\"ES-TRAD\">100 PERSONAS<\/span><\/p>\n<\/td>\n<\/tr>\n<tr>\n<td rowspan=\"2\" width=\"103\">\n<p class=\"v1MsoNormal\"><b><span lang=\"ES-TRAD\">NO<\/span><\/b><\/p>\n<\/td>\n<td valign=\"top\" width=\"74\">\n<p class=\"v1MsoNormal\"><span lang=\"ES-TRAD\">ESPACIO ABIERTO<\/span><\/p>\n<\/td>\n<td colspan=\"2\" width=\"208\">\n<p class=\"v1MsoNormal\"><span lang=\"ES-TRAD\">100 PERSONAS<\/span><\/p>\n<\/td>\n<\/tr>\n<tr>\n<td valign=\"top\" width=\"74\">\n<p class=\"v1MsoNormal\"><span lang=\"ES-TRAD\">ESPACIO CERRADO<\/span><\/p>\n<\/td>\n<td colspan=\"2\" width=\"208\">\n<p class=\"v1MsoNormal\"><span lang=\"ES-TRAD\">50 PERSONAS<\/span><\/p>\n<\/td>\n<\/tr>\n<\/tbody>\n<\/table>\n<p class=\"v1MsoNormal\"><b><span lang=\"ES-TRAD\">No olvides:<\/span><\/b><\/p>\n<p class=\"v1MsoNormal\" style=\"text-align: justify;\"><span lang=\"ES-TRAD\">-Mantener el distanciamiento social.<br \/>\n-Usar mascarilla<br \/>\n-Lavar frecuentemente tus manos o uso alcohol gel.<br \/>\n-Ventilar los lugares cerrados.<br \/>\n-No tener contactos con otras personas en caso de presentar alg\u00fan s\u00edntoma.<br \/>\n-Respetar los aforos establecidos en el Plan Paso a Paso para la fase de tu comuna para las reuniones en casas particulares.<br \/>\nRecuerda que todas las reuniones sociales est\u00e1n prohibidas en horario de toque de queda.<\/span><\/p>\n<p class=\"v1MsoNormal\" style=\"text-align: justify;\"><b><span lang=\"ES-TRAD\">Medidas frente a una emergencia:<\/span><\/b><\/p>\n<p class=\"v1MsoNormal\" style=\"text-align: justify;\"><span lang=\"ES-TRAD\">&#8211;<\/span><span lang=\"ES-TRAD\">Contempla un procedimiento para incendios y otras emergencias.<br \/>\n-La o el encargado de coordinar y ejecutar dicho procedimiento deber\u00e1 estar capacitado en primeros auxilios y evacuaci\u00f3n, adem\u00e1s de contar con elementos para el manejo de la emergencia (meg\u00e1fonos, distintivos personales y otros).<\/span><span lang=\"ES-TRAD\"><br \/>\n-Los locales deben contar con v\u00edas de evacuaci\u00f3n adecuadas que permitan el flujo de personas y equipos de emergencia. Estas v\u00edas deben estar se\u00f1alizadas y visibles en los locales y en zonas aleda\u00f1as, como calles y pasajes interiores.<br \/>\n-Se debe contar con una zona de seguridad debidamente acordada o indicada.<br \/>\n-Se recomienda que los sectores donde se ubiquen los prestadores de primeros auxilios y de seguridad p\u00fablica se mantengan se\u00f1alizados y reconocibles.<\/span><\/p>\n<p class=\"v1MsoNormal\" style=\"text-align: justify;\"><b><\/b><b><span lang=\"ES-TRAD\">Recuerde:\u00a0<\/span><\/b><span lang=\"ES-TRAD\">Si los trabajadores\/as de su local est\u00e1n contratados tienen derecho a atenci\u00f3n m\u00e9dica gratuita ante un accidente del trabajo, aquellos\/as trabajadores\/as<b>\u00a0<\/b><\/span><span lang=\"ES-TRAD\">que sean contratados en calidad de honorarios deben inscribirse como trabajador independiente voluntario, para obtener los beneficios del Seguro de forma inmediata.<\/span><\/p>\n<\/div><\/section><\/div><div  style='height:50px' class='hr hr-invisible   avia-builder-el-6  el_after_av_one_full  el_before_av_social_share '><span class='hr-inner ' ><span class='hr-inner-style'><\/span><\/span><\/div><\/p>\n<div  class='av-social-sharing-box  avia-builder-el-7  el_after_av_hr  el_before_av_hr  '><div class='av-share-box'><h5 class='av-share-link-description av-no-toc '>Compartir esta noticia<\/h5><ul class='av-share-box-list noLightbox'><li class='av-share-link av-social-link-facebook' ><a target=\"_blank\" aria-label=\"Compartir en Facebook\" href='https:\/\/www.facebook.com\/sharer.php?u=https:\/\/radiorevelacionfm.cl\/?p=8810&#038;t=Por%20un%2018%20Seguro%20en%20el%20%C3%A1mbito%20laboral%3A%20ISL%20difundi%C3%B3%20consejos%20de%20prevenci%C3%B3n%20en%20locales%20comerciales' aria-hidden='false' data-av_icon='\ue8f3' data-av_iconfont='entypo-fontello' title='' data-avia-related-tooltip='Compartir en Facebook' rel=\"noopener\"><span class='avia_hidden_link_text'>Compartir en Facebook<\/span><\/a><\/li><li class='av-share-link av-social-link-twitter' ><a target=\"_blank\" aria-label=\"Compartir en Twitter\" href='https:\/\/twitter.com\/share?text=Por%20un%2018%20Seguro%20en%20el%20%C3%A1mbito%20laboral%3A%20ISL%20difundi%C3%B3%20consejos%20de%20prevenci%C3%B3n%20en%20locales%20comerciales&#038;url=https:\/\/radiorevelacionfm.cl\/?p=8810' aria-hidden='false' data-av_icon='\ue8f1' data-av_iconfont='entypo-fontello' title='' data-avia-related-tooltip='Compartir en Twitter' rel=\"noopener\"><span class='avia_hidden_link_text'>Compartir en Twitter<\/span><\/a><\/li><li class='av-share-link av-social-link-whatsapp' ><a target=\"_blank\" aria-label=\"Compartir en Whatsapp\" href='https:\/\/api.whatsapp.com\/send?text=https:\/\/radiorevelacionfm.cl\/?p=8810' aria-hidden='false' data-av_icon='\uf232' data-av_iconfont='entypo-fontello' title='' data-avia-related-tooltip='Compartir en Whatsapp' rel=\"noopener\"><span class='avia_hidden_link_text'>Compartir en Whatsapp<\/span><\/a><\/li><li class='av-share-link av-social-link-linkedin' ><a target=\"_blank\" aria-label=\"Compartir en LinkedIn\" href='https:\/\/linkedin.com\/shareArticle?mini=true&#038;title=Por%20un%2018%20Seguro%20en%20el%20%C3%A1mbito%20laboral%3A%20ISL%20difundi%C3%B3%20consejos%20de%20prevenci%C3%B3n%20en%20locales%20comerciales&#038;url=https:\/\/radiorevelacionfm.cl\/?p=8810' aria-hidden='false' data-av_icon='\ue8fc' data-av_iconfont='entypo-fontello' title='' data-avia-related-tooltip='Compartir en LinkedIn' rel=\"noopener\"><span class='avia_hidden_link_text'>Compartir en LinkedIn<\/span><\/a><\/li><li class='av-share-link av-social-link-mail' ><a  aria-label=\"Compartir por correo\" href='mailto:?subject=Por%20un%2018%20Seguro%20en%20el%20%C3%A1mbito%20laboral%3A%20ISL%20difundi%C3%B3%20consejos%20de%20prevenci%C3%B3n%20en%20locales%20comerciales&#038;body=https:\/\/radiorevelacionfm.cl\/?p=8810' aria-hidden='false' data-av_icon='\ue805' data-av_iconfont='entypo-fontello' title='' data-avia-related-tooltip='Compartir por correo'><span class='avia_hidden_link_text'>Compartir por correo<\/span><\/a><\/li><\/ul><\/div><\/div>\n<div  style='height:50px' class='hr hr-invisible   avia-builder-el-8  el_after_av_social_share  el_before_av_comments_list '><span class='hr-inner ' ><span class='hr-inner-style'><\/span><\/span><\/div>\n<div  class='av-buildercomment  av-blog-meta-html-info-disabled av-blog-meta-tag-disabled  '><\/div>\n","protected":false},"excerpt":{"rendered":"","protected":false},"author":1,"featured_media":8811,"comment_status":"open","ping_status":"open","sticky":false,"template":"","format":"standard","meta":{"footnotes":""},"categories":[56],"tags":[],"class_list":["post-8810","post","type-post","status-publish","format-standard","has-post-thumbnail","hentry","category-trabajo"],"jetpack_featured_media_url":"https:\/\/radiorevelacionfm.cl\/wp-content\/uploads\/2021\/09\/isl_18-4-1_optimized.jpeg","_links":{"self":[{"href":"https:\/\/radiorevelacionfm.cl\/index.php?rest_route=\/wp\/v2\/posts\/8810","targetHints":{"allow":["GET"]}}],"collection":[{"href":"https:\/\/radiorevelacionfm.cl\/index.php?rest_route=\/wp\/v2\/posts"}],"about":[{"href":"https:\/\/radiorevelacionfm.cl\/index.php?rest_route=\/wp\/v2\/types\/post"}],"author":[{"embeddable":true,"href":"https:\/\/radiorevelacionfm.cl\/index.php?rest_route=\/wp\/v2\/users\/1"}],"replies":[{"embeddable":true,"href":"https:\/\/radiorevelacionfm.cl\/index.php?rest_route=%2Fwp%2Fv2%2Fcomments&post=8810"}],"version-history":[{"count":1,"href":"https:\/\/radiorevelacionfm.cl\/index.php?rest_route=\/wp\/v2\/posts\/8810\/revisions"}],"predecessor-version":[{"id":8812,"href":"https:\/\/radiorevelacionfm.cl\/index.php?rest_route=\/wp\/v2\/posts\/8810\/revisions\/8812"}],"wp:featuredmedia":[{"embeddable":true,"href":"https:\/\/radiorevelacionfm.cl\/index.php?rest_route=\/wp\/v2\/media\/8811"}],"wp:attachment":[{"href":"https:\/\/radiorevelacionfm.cl\/index.php?rest_route=%2Fwp%2Fv2%2Fmedia&parent=8810"}],"wp:term":[{"taxonomy":"category","embeddable":true,"href":"https:\/\/radiorevelacionfm.cl\/index.php?rest_route=%2Fwp%2Fv2%2Fcategories&post=8810"},{"taxonomy":"post_tag","embeddable":true,"href":"https:\/\/radiorevelacionfm.cl\/index.php?rest_route=%2Fwp%2Fv2%2Ftags&post=8810"}],"curies":[{"name":"wp","href":"https:\/\/api.w.org\/{rel}","templated":true}]}}