{"id":8807,"date":"2021-09-17T09:56:03","date_gmt":"2021-09-17T12:56:03","guid":{"rendered":"https:\/\/radiorevelacionfm.cl\/?p=8807"},"modified":"2021-09-17T09:56:03","modified_gmt":"2021-09-17T12:56:03","slug":"autoridades-de-salud-llamaron-a-la-poblacion-a-hacer-un-buen-uso-de-la-red-asistencial","status":"publish","type":"post","link":"https:\/\/radiorevelacionfm.cl\/?p=8807","title":{"rendered":"Autoridades de Salud llamaron a la poblaci\u00f3n a hacer un buen uso de la Red Asistencial"},"content":{"rendered":"<div class=\"flex_column av_one_full  flex_column_div av-zero-column-padding first  avia-builder-el-0  el_before_av_one_full  avia-builder-el-first  \" style='border-radius:0px; '><div  class='avia-image-container  av-styling-    avia-builder-el-1  avia-builder-el-no-sibling  avia-align-center '  itemprop=\"image\" itemscope=\"itemscope\" itemtype=\"https:\/\/schema.org\/ImageObject\"  ><div class='avia-image-container-inner'><div class='avia-image-overlay-wrap'><img decoding=\"async\" class='wp-image-8808 avia-img-lazy-loading-not-8808 avia_image' src=\"https:\/\/radiorevelacionfm.cl\/wp-content\/uploads\/2021\/09\/autoridades-de-salud-1_optimized.jpeg\" alt='' title='autoridades-de-salud-(1)_optimized' height=\"600\" width=\"1352\"  itemprop=\"thumbnailUrl\" srcset=\"https:\/\/radiorevelacionfm.cl\/wp-content\/uploads\/2021\/09\/autoridades-de-salud-1_optimized.jpeg 1352w, https:\/\/radiorevelacionfm.cl\/wp-content\/uploads\/2021\/09\/autoridades-de-salud-1_optimized-300x133.jpeg 300w, https:\/\/radiorevelacionfm.cl\/wp-content\/uploads\/2021\/09\/autoridades-de-salud-1_optimized-1030x457.jpeg 1030w, https:\/\/radiorevelacionfm.cl\/wp-content\/uploads\/2021\/09\/autoridades-de-salud-1_optimized-768x341.jpeg 768w, https:\/\/radiorevelacionfm.cl\/wp-content\/uploads\/2021\/09\/autoridades-de-salud-1_optimized-705x313.jpeg 705w, https:\/\/radiorevelacionfm.cl\/wp-content\/uploads\/2021\/09\/autoridades-de-salud-1_optimized-600x266.jpeg 600w\" sizes=\"(max-width: 1352px) 100vw, 1352px\" \/><\/div><\/div><\/div><\/div><div class=\"flex_column av_one_full  flex_column_div av-zero-column-padding first  avia-builder-el-2  el_after_av_one_full  el_before_av_one_full  column-top-margin\" style='border-radius:0px; '><section class=\"av_textblock_section \"  itemscope=\"itemscope\" itemtype=\"https:\/\/schema.org\/BlogPosting\" itemprop=\"blogPost\" ><div class='avia_textblock  '   itemprop=\"text\" ><p style=\"text-align: center;\"><span style=\"font-size: 18pt;\"><strong>Autoridades de Salud llamaron a la poblaci\u00f3n a hacer un buen uso de la Red Asistencial<\/strong><\/span><\/p>\n<div id=\"gtx-trans\" style=\"position: absolute; left: -50px; top: 4.31534px;\">\n<div class=\"gtx-trans-icon\"><\/div>\n<\/div>\n<\/div><\/section><\/div><div class=\"flex_column av_one_full  flex_column_div av-zero-column-padding first  avia-builder-el-4  el_after_av_one_full  el_before_av_hr  column-top-margin\" style='border-radius:0px; '><section class=\"av_textblock_section \"  itemscope=\"itemscope\" itemtype=\"https:\/\/schema.org\/BlogPosting\" itemprop=\"blogPost\" ><div class='avia_textblock  '   itemprop=\"text\" ><p style=\"text-align: justify;\">Previo al fin de semana largo por Fiestas Patrias, el Director del Servicio de Salud Ays\u00e9n, acompa\u00f1ado por el Director del Hospital Regional Coyhaique y el Jefe de Urgencias Subrogante de dicho centro asistencial, entregaron una serie de recomendaciones e informaci\u00f3n a la ciudadan\u00eda, a fin de optimizar las atenciones y recursos disponibles por los diversos establecimientos existentes en la regi\u00f3n de Ays\u00e9n.<\/p>\n<p style=\"text-align: justify;\">Gabriel Burgos, inform\u00f3 que los d\u00edas viernes 17, s\u00e1bado 18 y domingo 19, se continuar\u00e1 con la B\u00fasqueda Activa de Casos, mediante el examen PCR, el cual se ejecutar\u00e1 en el Colegio M\u00e9dico de la ciudad de Coyhaique, del mismo modo que el SAPU del CESFAM Alejandro Guti\u00e9rrez, funcionar\u00e1 hasta el viernes y que las atenciones en las Postas de Salud Rural de la regi\u00f3n, se continuar\u00e1n brindando ante casos de emergencia, todos y coordinados a trav\u00e9s del SAMU.<\/p>\n<p style=\"text-align: justify;\">Por su parte, Jaime L\u00f3pez, Director del Hospital Regional Coyhaique, se\u00f1al\u00f3 que como establecimientos se han dedicado a planificar el trabajo que se desarrollar\u00e1 durante el fin de semana, \u201cAnte la alta demanda de consultas en el Servicio de Urgencias, asociado a la presencia de agentes virales, adicionales a lo que es el Covid-19, la tranquilidad de la poblaci\u00f3n debe estar radicada en que tenemos armada la atenci\u00f3n de nuestros equipos M\u00e9dicos, de Enfermer\u00eda y Matroner\u00eda, para poder resolver las necesidades, sin embargo es bueno destacar que ojal\u00e1 no sea necesario que la poblaci\u00f3n acuda a nuestro Servicio de Urgencia, teniendo una conducta personal preventiva, que evite principalmente la accidentabilidad y la ocurrencia de enfermedades agudas asociadas a la ingesta de alimentos, que no est\u00e9n bien preparados o no sean los adecuados y tambi\u00e9n todos los excesos que en definitiva terminan afectando la condici\u00f3n f\u00edsica de las personas\u201d.<\/p>\n<p style=\"text-align: justify;\">La Autoridad tambi\u00e9n se\u00f1al\u00f3 que \u201cEl hospital est\u00e1 altamente demandado en cuanto a la disponibilidad de camas, pese a no tener hoy d\u00eda, m\u00e1s que un caso de Covid hospitalizado, teniendo pr\u00e1cticamente el 95% de nuestras camas ocupadas, porque hemos venido trabajando un programa de resoluci\u00f3n de lista de espera quir\u00fargica al que tambi\u00e9n se suman dolencias que se han venido manifestando en la poblaci\u00f3n, asociadas a accidentes y descompensaciones de personas que durante el periodo largo de pandemia no tuvieron los controles adecuados \u201c, detall\u00f3 la autoridad.<\/p>\n<p style=\"text-align: justify;\">Finalmente, Eduardo Pineda, Jefe Subrogante de la Unidad de Urgencias del Hospital Regional Coyhaique, se\u00f1al\u00f3 que la ciudadan\u00eda debe concurrir al hospital, s\u00f3lo en caso de gravedad, de qu\u00e9 de producirse una saturaci\u00f3n en la sala de espera, se podr\u00eda alcanzar una demora de 10 horas para la atenci\u00f3n de un paciente.<\/p>\n<\/div><\/section><\/div><div  style='height:50px' class='hr hr-invisible   avia-builder-el-6  el_after_av_one_full  el_before_av_social_share '><span class='hr-inner ' ><span class='hr-inner-style'><\/span><\/span><\/div><\/p>\n<div  class='av-social-sharing-box  avia-builder-el-7  el_after_av_hr  el_before_av_hr  '><div class='av-share-box'><h5 class='av-share-link-description av-no-toc '>Compartir esta noticia<\/h5><ul class='av-share-box-list noLightbox'><li class='av-share-link av-social-link-facebook' ><a target=\"_blank\" aria-label=\"Compartir en Facebook\" href='https:\/\/www.facebook.com\/sharer.php?u=https:\/\/radiorevelacionfm.cl\/?p=8807&#038;t=Autoridades%20de%20Salud%20llamaron%20a%20la%20poblaci%C3%B3n%20a%20hacer%20un%20buen%20uso%20de%20la%20Red%20Asistencial' aria-hidden='false' data-av_icon='\ue8f3' data-av_iconfont='entypo-fontello' title='' data-avia-related-tooltip='Compartir en Facebook' rel=\"noopener\"><span class='avia_hidden_link_text'>Compartir en Facebook<\/span><\/a><\/li><li class='av-share-link av-social-link-twitter' ><a target=\"_blank\" aria-label=\"Compartir en Twitter\" href='https:\/\/twitter.com\/share?text=Autoridades%20de%20Salud%20llamaron%20a%20la%20poblaci%C3%B3n%20a%20hacer%20un%20buen%20uso%20de%20la%20Red%20Asistencial&#038;url=https:\/\/radiorevelacionfm.cl\/?p=8807' aria-hidden='false' data-av_icon='\ue8f1' data-av_iconfont='entypo-fontello' title='' data-avia-related-tooltip='Compartir en Twitter' rel=\"noopener\"><span class='avia_hidden_link_text'>Compartir en Twitter<\/span><\/a><\/li><li class='av-share-link av-social-link-whatsapp' ><a target=\"_blank\" aria-label=\"Compartir en Whatsapp\" href='https:\/\/api.whatsapp.com\/send?text=https:\/\/radiorevelacionfm.cl\/?p=8807' aria-hidden='false' data-av_icon='\uf232' data-av_iconfont='entypo-fontello' title='' data-avia-related-tooltip='Compartir en Whatsapp' rel=\"noopener\"><span class='avia_hidden_link_text'>Compartir en Whatsapp<\/span><\/a><\/li><li class='av-share-link av-social-link-linkedin' ><a target=\"_blank\" aria-label=\"Compartir en LinkedIn\" href='https:\/\/linkedin.com\/shareArticle?mini=true&#038;title=Autoridades%20de%20Salud%20llamaron%20a%20la%20poblaci%C3%B3n%20a%20hacer%20un%20buen%20uso%20de%20la%20Red%20Asistencial&#038;url=https:\/\/radiorevelacionfm.cl\/?p=8807' aria-hidden='false' data-av_icon='\ue8fc' data-av_iconfont='entypo-fontello' title='' data-avia-related-tooltip='Compartir en LinkedIn' rel=\"noopener\"><span class='avia_hidden_link_text'>Compartir en LinkedIn<\/span><\/a><\/li><li class='av-share-link av-social-link-mail' ><a  aria-label=\"Compartir por correo\" href='mailto:?subject=Autoridades%20de%20Salud%20llamaron%20a%20la%20poblaci%C3%B3n%20a%20hacer%20un%20buen%20uso%20de%20la%20Red%20Asistencial&#038;body=https:\/\/radiorevelacionfm.cl\/?p=8807' aria-hidden='false' data-av_icon='\ue805' data-av_iconfont='entypo-fontello' title='' data-avia-related-tooltip='Compartir por correo'><span class='avia_hidden_link_text'>Compartir por correo<\/span><\/a><\/li><\/ul><\/div><\/div>\n<div  style='height:50px' class='hr hr-invisible   avia-builder-el-8  el_after_av_social_share  el_before_av_comments_list '><span class='hr-inner ' ><span class='hr-inner-style'><\/span><\/span><\/div>\n<div  class='av-buildercomment  av-blog-meta-html-info-disabled av-blog-meta-tag-disabled  '><\/div>\n","protected":false},"excerpt":{"rendered":"","protected":false},"author":1,"featured_media":8808,"comment_status":"open","ping_status":"open","sticky":false,"template":"","format":"standard","meta":{"footnotes":""},"categories":[46],"tags":[],"class_list":["post-8807","post","type-post","status-publish","format-standard","has-post-thumbnail","hentry","category-salud"],"jetpack_featured_media_url":"https:\/\/radiorevelacionfm.cl\/wp-content\/uploads\/2021\/09\/autoridades-de-salud-1_optimized.jpeg","_links":{"self":[{"href":"https:\/\/radiorevelacionfm.cl\/index.php?rest_route=\/wp\/v2\/posts\/8807","targetHints":{"allow":["GET"]}}],"collection":[{"href":"https:\/\/radiorevelacionfm.cl\/index.php?rest_route=\/wp\/v2\/posts"}],"about":[{"href":"https:\/\/radiorevelacionfm.cl\/index.php?rest_route=\/wp\/v2\/types\/post"}],"author":[{"embeddable":true,"href":"https:\/\/radiorevelacionfm.cl\/index.php?rest_route=\/wp\/v2\/users\/1"}],"replies":[{"embeddable":true,"href":"https:\/\/radiorevelacionfm.cl\/index.php?rest_route=%2Fwp%2Fv2%2Fcomments&post=8807"}],"version-history":[{"count":1,"href":"https:\/\/radiorevelacionfm.cl\/index.php?rest_route=\/wp\/v2\/posts\/8807\/revisions"}],"predecessor-version":[{"id":8809,"href":"https:\/\/radiorevelacionfm.cl\/index.php?rest_route=\/wp\/v2\/posts\/8807\/revisions\/8809"}],"wp:featuredmedia":[{"embeddable":true,"href":"https:\/\/radiorevelacionfm.cl\/index.php?rest_route=\/wp\/v2\/media\/8808"}],"wp:attachment":[{"href":"https:\/\/radiorevelacionfm.cl\/index.php?rest_route=%2Fwp%2Fv2%2Fmedia&parent=8807"}],"wp:term":[{"taxonomy":"category","embeddable":true,"href":"https:\/\/radiorevelacionfm.cl\/index.php?rest_route=%2Fwp%2Fv2%2Fcategories&post=8807"},{"taxonomy":"post_tag","embeddable":true,"href":"https:\/\/radiorevelacionfm.cl\/index.php?rest_route=%2Fwp%2Fv2%2Ftags&post=8807"}],"curies":[{"name":"wp","href":"https:\/\/api.w.org\/{rel}","templated":true}]}}