{"id":8804,"date":"2021-09-17T13:53:25","date_gmt":"2021-09-17T16:53:25","guid":{"rendered":"https:\/\/radiorevelacionfm.cl\/?p=8804"},"modified":"2021-09-17T13:53:25","modified_gmt":"2021-09-17T16:53:25","slug":"no-es-ayuda-es-responsabilidad-compartida-sernameg-hace-un-llamado-a-dividir-las-tareas-domesticas","status":"publish","type":"post","link":"https:\/\/radiorevelacionfm.cl\/?p=8804","title":{"rendered":"\u201cNo es ayuda, es responsabilidad compartida\u201d: SernamEG hace un llamado a dividir las tareas dom\u00e9sticas"},"content":{"rendered":"<div class=\"flex_column av_one_full  flex_column_div av-zero-column-padding first  avia-builder-el-0  el_before_av_one_full  avia-builder-el-first  \" style='border-radius:0px; '><div  class='avia-image-container  av-styling-    avia-builder-el-1  avia-builder-el-no-sibling  avia-align-center '  itemprop=\"image\" itemscope=\"itemscope\" itemtype=\"https:\/\/schema.org\/ImageObject\"  ><div class='avia-image-container-inner'><div class='avia-image-overlay-wrap'><img decoding=\"async\" class='wp-image-8805 avia-img-lazy-loading-not-8805 avia_image' src=\"https:\/\/radiorevelacionfm.cl\/wp-content\/uploads\/2021\/09\/Corresponsabilidad-SernamEG-3-1-1.jpg\" alt='' title='Corresponsabilidad SernamEG (3) (1) (1)' height=\"600\" width=\"901\"  itemprop=\"thumbnailUrl\" srcset=\"https:\/\/radiorevelacionfm.cl\/wp-content\/uploads\/2021\/09\/Corresponsabilidad-SernamEG-3-1-1.jpg 901w, https:\/\/radiorevelacionfm.cl\/wp-content\/uploads\/2021\/09\/Corresponsabilidad-SernamEG-3-1-1-300x200.jpg 300w, https:\/\/radiorevelacionfm.cl\/wp-content\/uploads\/2021\/09\/Corresponsabilidad-SernamEG-3-1-1-768x511.jpg 768w, https:\/\/radiorevelacionfm.cl\/wp-content\/uploads\/2021\/09\/Corresponsabilidad-SernamEG-3-1-1-705x469.jpg 705w, https:\/\/radiorevelacionfm.cl\/wp-content\/uploads\/2021\/09\/Corresponsabilidad-SernamEG-3-1-1-600x400.jpg 600w\" sizes=\"(max-width: 901px) 100vw, 901px\" \/><\/div><\/div><\/div><\/div><div class=\"flex_column av_one_full  flex_column_div av-zero-column-padding first  avia-builder-el-2  el_after_av_one_full  el_before_av_one_full  column-top-margin\" style='border-radius:0px; '><section class=\"av_textblock_section \"  itemscope=\"itemscope\" itemtype=\"https:\/\/schema.org\/BlogPosting\" itemprop=\"blogPost\" ><div class='avia_textblock  '   itemprop=\"text\" ><p style=\"text-align: center;\"><strong><span style=\"font-size: 18pt;\">\u201cNo es ayuda, es responsabilidad compartida\u201d: SernamEG hace un llamado a dividir las tareas dom\u00e9sticas<\/span><\/strong><\/p>\n<div id=\"gtx-trans\" style=\"position: absolute; left: -50px; top: 4.31534px;\">\n<div class=\"gtx-trans-icon\"><\/div>\n<\/div>\n<\/div><\/section><\/div><div class=\"flex_column av_one_full  flex_column_div av-zero-column-padding first  avia-builder-el-4  el_after_av_one_full  el_before_av_hr  column-top-margin\" style='border-radius:0px; '><section class=\"av_textblock_section \"  itemscope=\"itemscope\" itemtype=\"https:\/\/schema.org\/BlogPosting\" itemprop=\"blogPost\" ><div class='avia_textblock  '   itemprop=\"text\" ><p style=\"font-weight: 400; text-align: justify;\">Pensar que las labores del hogar son responsabilidad exclusivamente de las mujeres es continuar perpetuando un estereotipo de g\u00e9nero que no aporta al cambio cultural en nuestra sociedad. Un problema que se agudiza en cada celebraci\u00f3n de Fiestas Patrias.<\/p>\n<p style=\"font-weight: 400; text-align: justify;\">Por tal motivo, el Servicio Nacional de la Mujer y la Equidad de G\u00e9nero difundir\u00e1 una serie de mensajes en sus plataformas digitales para fomentar la corresponsabilidad en el hogar. \u201cNo es ayuda, es responsabilidad compartida\u201d, es la frase que acompa\u00f1ar\u00e1 unos videos donde se hace un llamado a que hombres y mujeres realicen, en equidad, las labores dom\u00e9sticas.<\/p>\n<p style=\"font-weight: 400; text-align: justify;\">\u201cHist\u00f3rica y culturalmente, se ha relegado el trabajo femenino al \u00e1mbito privado, tanto al cuidado de ni\u00f1as y ni\u00f1os, de adultas y adultos mayores, personas enfermas y a las labores t\u00edpicas del hogar. Tenemos que cambiar esa concepci\u00f3n de la realidad y avanzar hacia una sociedad m\u00e1s igualitaria para todas y todos. Desde el SernamEG, tenemos programas enfocados a promover la equidad de g\u00e9nero en todos los espacios. Tambi\u00e9n, como instituci\u00f3n estamos comprometidas en la sensibilizaci\u00f3n a trav\u00e9s de nuestras plataformas digitales\u201d,\u00a0afirm\u00f3 la Jefa de Programas del SernamEG, Elizabeth Matta Guzm\u00e1n.<\/p>\n<p style=\"font-weight: 400; text-align: justify;\">Seg\u00fan datos de la \u201cRadiograf\u00eda al Hombre Cero\u201d, realizada por el Centro UC de Encuestas y Estudios Longitudinales en conjunto con ONU Mujeres y el Ministerio de la Mujer y la Equidad de G\u00e9nero, un 38% de los hombres dedic\u00f3 0 horas semanales a realizar tareas dom\u00e9sticas. Mientras, el 71% de los encuestados reconoci\u00f3 no haber acompa\u00f1ado a sus hijas e hijos en el desarrollo de sus tareas escolares.<\/p>\n<p style=\"font-weight: 400; text-align: justify;\">\u201cEstos videos dan a conocer los beneficios que trae consigo el compartir las tareas del hogar y el cuidado de las personas, porque nuestro pa\u00eds necesita m\u00e1s mujeres en el mundo laboral. Es necesario recordar que existe un n\u00famero importante de mujeres que no pueden acceder al trabajo remunerado, lo que se ha agudizado con la pandemia. De all\u00ed la importancia en la necesidad de avanzar para que los hombres se comprometan con sus obligaciones en el hogar. Esta transici\u00f3n en la forma de abordar las labores en la casa tambi\u00e9n considera a aquellas mujeres que ya est\u00e1n incorporadas, las que debido a sus obligaciones en el hogar pueden llegar a tener dobles o triples jornadas laborales\u201d, recalc\u00f3 Elizabeth Guti\u00e9rrez Eggers, Directora Regional de SernamEG Ays\u00e9n.<\/p>\n<p style=\"font-weight: 400; text-align: justify;\">La pandemia por el Covid-19 aument\u00f3 las brechas de g\u00e9nero. De hecho, la fuerza laboral femenina fue la m\u00e1s afectada en los meses m\u00e1s cr\u00edticos de la emergencia sanitaria. Hubo mujeres que se vieron obligadas a dejar sus trabajos para dedicarse al cuidado de sus hijas e hijos y para asumir por completo las tareas dom\u00e9sticas. Algo que claramente contribuy\u00f3 a desequilibrar nuevamente la balanza con las responsabilidades de los hombres.<\/p>\n<p style=\"font-weight: 400; text-align: justify;\">\u201cDebemos entre todas y todos cambiar este paradigma y aportar desde nuestras experiencias a avanzar en la equidad entre hombres y mujeres\u201d,\u00a0agreg\u00f3 Matta.<\/p>\n<p style=\"font-weight: 400; text-align: justify;\">La iniciativa comunicacional se difundir\u00e1 en las redes sociales del SernamEG y el llamado es a hacerse parte compartiendo este contenido en nuestras cuentas personales, as\u00ed como difundir los mensajes en las reuniones familiares por Fiestas Patrias.<\/p>\n<\/div><\/section><\/div><div  style='height:50px' class='hr hr-invisible   avia-builder-el-6  el_after_av_one_full  el_before_av_social_share '><span class='hr-inner ' ><span class='hr-inner-style'><\/span><\/span><\/div><\/p>\n<div  class='av-social-sharing-box  avia-builder-el-7  el_after_av_hr  el_before_av_hr  '><div class='av-share-box'><h5 class='av-share-link-description av-no-toc '>Compartir esta noticia<\/h5><ul class='av-share-box-list noLightbox'><li class='av-share-link av-social-link-facebook' ><a target=\"_blank\" aria-label=\"Compartir en Facebook\" href='https:\/\/www.facebook.com\/sharer.php?u=https:\/\/radiorevelacionfm.cl\/?p=8804&#038;t=%E2%80%9CNo%20es%20ayuda%2C%20es%20responsabilidad%20compartida%E2%80%9D%3A%20SernamEG%20hace%20un%20llamado%20a%20dividir%20las%20tareas%20dom%C3%A9sticas' aria-hidden='false' data-av_icon='\ue8f3' data-av_iconfont='entypo-fontello' title='' data-avia-related-tooltip='Compartir en Facebook' rel=\"noopener\"><span class='avia_hidden_link_text'>Compartir en Facebook<\/span><\/a><\/li><li class='av-share-link av-social-link-twitter' ><a target=\"_blank\" aria-label=\"Compartir en Twitter\" href='https:\/\/twitter.com\/share?text=%E2%80%9CNo%20es%20ayuda%2C%20es%20responsabilidad%20compartida%E2%80%9D%3A%20SernamEG%20hace%20un%20llamado%20a%20dividir%20las%20tareas%20dom%C3%A9sticas&#038;url=https:\/\/radiorevelacionfm.cl\/?p=8804' aria-hidden='false' data-av_icon='\ue8f1' data-av_iconfont='entypo-fontello' title='' data-avia-related-tooltip='Compartir en Twitter' rel=\"noopener\"><span class='avia_hidden_link_text'>Compartir en Twitter<\/span><\/a><\/li><li class='av-share-link av-social-link-whatsapp' ><a target=\"_blank\" aria-label=\"Compartir en Whatsapp\" href='https:\/\/api.whatsapp.com\/send?text=https:\/\/radiorevelacionfm.cl\/?p=8804' aria-hidden='false' data-av_icon='\uf232' data-av_iconfont='entypo-fontello' title='' data-avia-related-tooltip='Compartir en Whatsapp' rel=\"noopener\"><span class='avia_hidden_link_text'>Compartir en Whatsapp<\/span><\/a><\/li><li class='av-share-link av-social-link-linkedin' ><a target=\"_blank\" aria-label=\"Compartir en LinkedIn\" href='https:\/\/linkedin.com\/shareArticle?mini=true&#038;title=%E2%80%9CNo%20es%20ayuda%2C%20es%20responsabilidad%20compartida%E2%80%9D%3A%20SernamEG%20hace%20un%20llamado%20a%20dividir%20las%20tareas%20dom%C3%A9sticas&#038;url=https:\/\/radiorevelacionfm.cl\/?p=8804' aria-hidden='false' data-av_icon='\ue8fc' data-av_iconfont='entypo-fontello' title='' data-avia-related-tooltip='Compartir en LinkedIn' rel=\"noopener\"><span class='avia_hidden_link_text'>Compartir en LinkedIn<\/span><\/a><\/li><li class='av-share-link av-social-link-mail' ><a  aria-label=\"Compartir por correo\" href='mailto:?subject=%E2%80%9CNo%20es%20ayuda%2C%20es%20responsabilidad%20compartida%E2%80%9D%3A%20SernamEG%20hace%20un%20llamado%20a%20dividir%20las%20tareas%20dom%C3%A9sticas&#038;body=https:\/\/radiorevelacionfm.cl\/?p=8804' aria-hidden='false' data-av_icon='\ue805' data-av_iconfont='entypo-fontello' title='' data-avia-related-tooltip='Compartir por correo'><span class='avia_hidden_link_text'>Compartir por correo<\/span><\/a><\/li><\/ul><\/div><\/div>\n<div  style='height:50px' class='hr hr-invisible   avia-builder-el-8  el_after_av_social_share  el_before_av_comments_list '><span class='hr-inner ' ><span class='hr-inner-style'><\/span><\/span><\/div>\n<div  class='av-buildercomment  av-blog-meta-html-info-disabled av-blog-meta-tag-disabled  '><\/div>\n","protected":false},"excerpt":{"rendered":"","protected":false},"author":1,"featured_media":8805,"comment_status":"open","ping_status":"open","sticky":false,"template":"","format":"standard","meta":{"footnotes":""},"categories":[38],"tags":[],"class_list":["post-8804","post","type-post","status-publish","format-standard","has-post-thumbnail","hentry","category-regional"],"jetpack_featured_media_url":"https:\/\/radiorevelacionfm.cl\/wp-content\/uploads\/2021\/09\/Corresponsabilidad-SernamEG-3-1-1.jpg","_links":{"self":[{"href":"https:\/\/radiorevelacionfm.cl\/index.php?rest_route=\/wp\/v2\/posts\/8804","targetHints":{"allow":["GET"]}}],"collection":[{"href":"https:\/\/radiorevelacionfm.cl\/index.php?rest_route=\/wp\/v2\/posts"}],"about":[{"href":"https:\/\/radiorevelacionfm.cl\/index.php?rest_route=\/wp\/v2\/types\/post"}],"author":[{"embeddable":true,"href":"https:\/\/radiorevelacionfm.cl\/index.php?rest_route=\/wp\/v2\/users\/1"}],"replies":[{"embeddable":true,"href":"https:\/\/radiorevelacionfm.cl\/index.php?rest_route=%2Fwp%2Fv2%2Fcomments&post=8804"}],"version-history":[{"count":1,"href":"https:\/\/radiorevelacionfm.cl\/index.php?rest_route=\/wp\/v2\/posts\/8804\/revisions"}],"predecessor-version":[{"id":8806,"href":"https:\/\/radiorevelacionfm.cl\/index.php?rest_route=\/wp\/v2\/posts\/8804\/revisions\/8806"}],"wp:featuredmedia":[{"embeddable":true,"href":"https:\/\/radiorevelacionfm.cl\/index.php?rest_route=\/wp\/v2\/media\/8805"}],"wp:attachment":[{"href":"https:\/\/radiorevelacionfm.cl\/index.php?rest_route=%2Fwp%2Fv2%2Fmedia&parent=8804"}],"wp:term":[{"taxonomy":"category","embeddable":true,"href":"https:\/\/radiorevelacionfm.cl\/index.php?rest_route=%2Fwp%2Fv2%2Fcategories&post=8804"},{"taxonomy":"post_tag","embeddable":true,"href":"https:\/\/radiorevelacionfm.cl\/index.php?rest_route=%2Fwp%2Fv2%2Ftags&post=8804"}],"curies":[{"name":"wp","href":"https:\/\/api.w.org\/{rel}","templated":true}]}}