{"id":8800,"date":"2021-09-16T19:58:49","date_gmt":"2021-09-16T22:58:49","guid":{"rendered":"https:\/\/radiorevelacionfm.cl\/?p=8800"},"modified":"2021-09-16T19:58:49","modified_gmt":"2021-09-16T22:58:49","slug":"autoridad-sanitaria-reforzara-test-de-pcr-y-fiscalizacion-de-cuarentenas-en-fiestas-patrias","status":"publish","type":"post","link":"https:\/\/radiorevelacionfm.cl\/?p=8800","title":{"rendered":"Autoridad Sanitaria reforzar\u00e1 test de PCR y fiscalizaci\u00f3n de cuarentenas en Fiestas Patrias"},"content":{"rendered":"<div class=\"flex_column av_one_full  flex_column_div av-zero-column-padding first  avia-builder-el-0  el_before_av_one_full  avia-builder-el-first  \" style='border-radius:0px; '><div  class='avia-image-container  av-styling-    avia-builder-el-1  avia-builder-el-no-sibling  avia-align-center '  itemprop=\"image\" itemscope=\"itemscope\" itemtype=\"https:\/\/schema.org\/ImageObject\"  ><div class='avia-image-container-inner'><div class='avia-image-overlay-wrap'><img decoding=\"async\" class='wp-image-8801 avia-img-lazy-loading-not-8801 avia_image' src=\"https:\/\/radiorevelacionfm.cl\/wp-content\/uploads\/2021\/09\/fiscalizacionesSalud-1-1.jpg\" alt='' title='fiscalizacionesSalud (1) (1)' height=\"600\" width=\"1013\"  itemprop=\"thumbnailUrl\" srcset=\"https:\/\/radiorevelacionfm.cl\/wp-content\/uploads\/2021\/09\/fiscalizacionesSalud-1-1.jpg 1013w, https:\/\/radiorevelacionfm.cl\/wp-content\/uploads\/2021\/09\/fiscalizacionesSalud-1-1-300x178.jpg 300w, https:\/\/radiorevelacionfm.cl\/wp-content\/uploads\/2021\/09\/fiscalizacionesSalud-1-1-768x455.jpg 768w, https:\/\/radiorevelacionfm.cl\/wp-content\/uploads\/2021\/09\/fiscalizacionesSalud-1-1-705x418.jpg 705w, https:\/\/radiorevelacionfm.cl\/wp-content\/uploads\/2021\/09\/fiscalizacionesSalud-1-1-600x355.jpg 600w\" sizes=\"(max-width: 1013px) 100vw, 1013px\" \/><\/div><\/div><\/div><\/div><div class=\"flex_column av_one_full  flex_column_div av-zero-column-padding first  avia-builder-el-2  el_after_av_one_full  el_before_av_one_full  column-top-margin\" style='border-radius:0px; '><section class=\"av_textblock_section \"  itemscope=\"itemscope\" itemtype=\"https:\/\/schema.org\/BlogPosting\" itemprop=\"blogPost\" ><div class='avia_textblock  '   itemprop=\"text\" ><p style=\"text-align: center;\"><strong><span style=\"font-size: 18pt;\">Autoridad Sanitaria reforzar\u00e1 test de PCR y fiscalizaci\u00f3n de cuarentenas en Fiestas Patrias<\/span><\/strong><\/p>\n<div id=\"gtx-trans\" style=\"position: absolute; left: -50px; top: 4.31534px;\">\n<div class=\"gtx-trans-icon\"><\/div>\n<\/div>\n<\/div><\/section><\/div><div class=\"flex_column av_one_full  flex_column_div av-zero-column-padding first  avia-builder-el-4  el_after_av_one_full  el_before_av_hr  column-top-margin\" style='border-radius:0px; '><section class=\"av_textblock_section \"  itemscope=\"itemscope\" itemtype=\"https:\/\/schema.org\/BlogPosting\" itemprop=\"blogPost\" ><div class='avia_textblock  '   itemprop=\"text\" ><p style=\"text-align: justify;\">Iniciado el Mes de las Patria, el sector salud a trav\u00e9s de su Unidad de Testeo Trazabilidad y Aislamiento (UTTA), en conjunto con el Departamento de Acci\u00f3n Sanitaria de la Seremi de Salud planifica para estas Fiestas Patrias intensificar algunas estrategias para resguardar la salud de la poblaci\u00f3n en esta pandemia, con el fin de contener el COVID-19 que hoy registra 47 casos activos a nivel regional.<\/p>\n<p style=\"text-align: justify;\">Para ello, seg\u00fan inform\u00f3 Ver\u00f3nica Godoy Molina, Seremi de Salud (S), se pretende reforzar la toma de test PCR\u00a0 en lugares de v\u00eda p\u00fablica durante los d\u00edas de Fiestas Patrias, adem\u00e1s de intensificar la estrategia de Control de Aislamiento Domiciliario, CAD, donde profesionales de la salud realizan seguimiento, control y fiscalizaci\u00f3n a quienes hoy cursan sus cuarentenas, ya sea por ser casos COVID-19(+) o contacto estrecho. \u201cHemos habilitado la l\u00ednea 800 726 666 para que nos ayuden a reforzar esta medida de resguardo sanitario. Si bien nuestros equipos est\u00e1n en dicha funci\u00f3n, siempre el control ciudadano es un aliado para denunciar este tipo de situaciones que ponen en riesgo la salud de todos. Debemos cuidar el paso 4 en el que estamos junto a una red de salud regional que hoy est\u00e1 superando esta pandemia. No podemos retroceder. Eso depende de todos nosotros\u201d, dijo la Seremi.<\/p>\n<p style=\"text-align: justify;\">Al Control de Aislamiento Domiciliario se sumar\u00e1 la toma de test PCR durante los d\u00edas festivos donde los equipos de la UTTA reforzar\u00e1n la b\u00fasqueda activa de casos de manera preventiva en la poblaci\u00f3n de la capital regional, Cisnes y Puerto Ays\u00e9n, ciudades donde hoy se registran la mayor cantidad de casos activos (17 Coyhaique, 17 Cisnes, 08 Ays\u00e9n, 04 en Chile Chico y 01 en Guaitecas).<\/p>\n<p style=\"text-align: justify;\"><strong>Ingreso a la regi\u00f3n <\/strong><\/p>\n<p style=\"text-align: justify;\">La Autoridad Sanitaria record\u00f3 a la poblaci\u00f3n que sigue vigente la resoluci\u00f3n N\u00b0441 que exige examen PCR(-) con un m\u00e1ximo de 4 d\u00edas desde la toma de muestra, a toda persona no residente que ingresa a la regi\u00f3n de Ays\u00e9n. Tambi\u00e9n estas personas pueden ingresar con Test de Ant\u00edgeno realizado, en un m\u00e1ximo de 2 d\u00edas desde la toma de muestra,\u00a0 en un laboratorio validado por la autoridad sanitaria regional.<\/p>\n<p style=\"text-align: justify;\">En el caso de los residentes de la regi\u00f3n, pueden ingresar con PCR pendiente o sin PCR, pero deben realizar cuarentena en sus domicilios mientras se realizan un examen para liberarlos de dichas cuarentenas, las cuales ser\u00e1n fiscalizadas por la Autoridad Sanitaria. Estas personas deben demostrar que son residentes mostrando alguna cuenta de servicio b\u00e1sico asociada a su nombre con domicilio en el territorio regional, certificado de su Junta de Vecinos o Registro Social de Hogares. Fiscalizaci\u00f3n que se realiza en las 12 aduanas sanitarias presentes en las diferentes puertas de ingreso a la regi\u00f3n.<\/p>\n<p style=\"text-align: justify;\">De manera paralela, el Departamento de Acci\u00f3n Sanitaria realizar\u00e1 fiscalizaci\u00f3n en locales de alimentos para verificar las condiciones higi\u00e9nicas estructurales, materias primas y condici\u00f3n de los alimentos comercializados para prevenir las enfermedades transmitidas por estos productos. Adem\u00e1s, se realizar\u00e1n acciones intersectoriales de control de carreteras con el Servicio Agr\u00edcola y Ganadero, y Carabineros para evitar el abigeato\u00a0 y verificar el origen y estado\u00a0 de\u00a0 carnes y productos que se vender\u00e1n en el comercio regional.<\/p>\n<p><strong><em>\u00a0 <\/em><\/strong><\/p>\n<p><strong><em>\u00a0<\/em><\/strong><\/p>\n<\/div><\/section><\/div><div  style='height:50px' class='hr hr-invisible   avia-builder-el-6  el_after_av_one_full  el_before_av_social_share '><span class='hr-inner ' ><span class='hr-inner-style'><\/span><\/span><\/div><\/p>\n<div  class='av-social-sharing-box  avia-builder-el-7  el_after_av_hr  el_before_av_hr  '><div class='av-share-box'><h5 class='av-share-link-description av-no-toc '>Compartir esta noticia<\/h5><ul class='av-share-box-list noLightbox'><li class='av-share-link av-social-link-facebook' ><a target=\"_blank\" aria-label=\"Compartir en Facebook\" href='https:\/\/www.facebook.com\/sharer.php?u=https:\/\/radiorevelacionfm.cl\/?p=8800&#038;t=Autoridad%20Sanitaria%20reforzar%C3%A1%20test%20de%20PCR%20y%20fiscalizaci%C3%B3n%20de%20cuarentenas%20en%20Fiestas%20Patrias' aria-hidden='false' data-av_icon='\ue8f3' data-av_iconfont='entypo-fontello' title='' data-avia-related-tooltip='Compartir en Facebook' rel=\"noopener\"><span class='avia_hidden_link_text'>Compartir en Facebook<\/span><\/a><\/li><li class='av-share-link av-social-link-twitter' ><a target=\"_blank\" aria-label=\"Compartir en Twitter\" href='https:\/\/twitter.com\/share?text=Autoridad%20Sanitaria%20reforzar%C3%A1%20test%20de%20PCR%20y%20fiscalizaci%C3%B3n%20de%20cuarentenas%20en%20Fiestas%20Patrias&#038;url=https:\/\/radiorevelacionfm.cl\/?p=8800' aria-hidden='false' data-av_icon='\ue8f1' data-av_iconfont='entypo-fontello' title='' data-avia-related-tooltip='Compartir en Twitter' rel=\"noopener\"><span class='avia_hidden_link_text'>Compartir en Twitter<\/span><\/a><\/li><li class='av-share-link av-social-link-whatsapp' ><a target=\"_blank\" aria-label=\"Compartir en Whatsapp\" href='https:\/\/api.whatsapp.com\/send?text=https:\/\/radiorevelacionfm.cl\/?p=8800' aria-hidden='false' data-av_icon='\uf232' data-av_iconfont='entypo-fontello' title='' data-avia-related-tooltip='Compartir en Whatsapp' rel=\"noopener\"><span class='avia_hidden_link_text'>Compartir en Whatsapp<\/span><\/a><\/li><li class='av-share-link av-social-link-linkedin' ><a target=\"_blank\" aria-label=\"Compartir en LinkedIn\" href='https:\/\/linkedin.com\/shareArticle?mini=true&#038;title=Autoridad%20Sanitaria%20reforzar%C3%A1%20test%20de%20PCR%20y%20fiscalizaci%C3%B3n%20de%20cuarentenas%20en%20Fiestas%20Patrias&#038;url=https:\/\/radiorevelacionfm.cl\/?p=8800' aria-hidden='false' data-av_icon='\ue8fc' data-av_iconfont='entypo-fontello' title='' data-avia-related-tooltip='Compartir en LinkedIn' rel=\"noopener\"><span class='avia_hidden_link_text'>Compartir en LinkedIn<\/span><\/a><\/li><li class='av-share-link av-social-link-mail' ><a  aria-label=\"Compartir por correo\" href='mailto:?subject=Autoridad%20Sanitaria%20reforzar%C3%A1%20test%20de%20PCR%20y%20fiscalizaci%C3%B3n%20de%20cuarentenas%20en%20Fiestas%20Patrias&#038;body=https:\/\/radiorevelacionfm.cl\/?p=8800' aria-hidden='false' data-av_icon='\ue805' data-av_iconfont='entypo-fontello' title='' data-avia-related-tooltip='Compartir por correo'><span class='avia_hidden_link_text'>Compartir por correo<\/span><\/a><\/li><\/ul><\/div><\/div>\n<div  style='height:50px' class='hr hr-invisible   avia-builder-el-8  el_after_av_social_share  el_before_av_comments_list '><span class='hr-inner ' ><span class='hr-inner-style'><\/span><\/span><\/div>\n<div  class='av-buildercomment  av-blog-meta-html-info-disabled av-blog-meta-tag-disabled  '><\/div>\n","protected":false},"excerpt":{"rendered":"","protected":false},"author":1,"featured_media":8801,"comment_status":"open","ping_status":"open","sticky":false,"template":"","format":"standard","meta":{"footnotes":""},"categories":[46],"tags":[],"class_list":["post-8800","post","type-post","status-publish","format-standard","has-post-thumbnail","hentry","category-salud"],"jetpack_featured_media_url":"https:\/\/radiorevelacionfm.cl\/wp-content\/uploads\/2021\/09\/fiscalizacionesSalud-1-1.jpg","_links":{"self":[{"href":"https:\/\/radiorevelacionfm.cl\/index.php?rest_route=\/wp\/v2\/posts\/8800","targetHints":{"allow":["GET"]}}],"collection":[{"href":"https:\/\/radiorevelacionfm.cl\/index.php?rest_route=\/wp\/v2\/posts"}],"about":[{"href":"https:\/\/radiorevelacionfm.cl\/index.php?rest_route=\/wp\/v2\/types\/post"}],"author":[{"embeddable":true,"href":"https:\/\/radiorevelacionfm.cl\/index.php?rest_route=\/wp\/v2\/users\/1"}],"replies":[{"embeddable":true,"href":"https:\/\/radiorevelacionfm.cl\/index.php?rest_route=%2Fwp%2Fv2%2Fcomments&post=8800"}],"version-history":[{"count":2,"href":"https:\/\/radiorevelacionfm.cl\/index.php?rest_route=\/wp\/v2\/posts\/8800\/revisions"}],"predecessor-version":[{"id":8803,"href":"https:\/\/radiorevelacionfm.cl\/index.php?rest_route=\/wp\/v2\/posts\/8800\/revisions\/8803"}],"wp:featuredmedia":[{"embeddable":true,"href":"https:\/\/radiorevelacionfm.cl\/index.php?rest_route=\/wp\/v2\/media\/8801"}],"wp:attachment":[{"href":"https:\/\/radiorevelacionfm.cl\/index.php?rest_route=%2Fwp%2Fv2%2Fmedia&parent=8800"}],"wp:term":[{"taxonomy":"category","embeddable":true,"href":"https:\/\/radiorevelacionfm.cl\/index.php?rest_route=%2Fwp%2Fv2%2Fcategories&post=8800"},{"taxonomy":"post_tag","embeddable":true,"href":"https:\/\/radiorevelacionfm.cl\/index.php?rest_route=%2Fwp%2Fv2%2Ftags&post=8800"}],"curies":[{"name":"wp","href":"https:\/\/api.w.org\/{rel}","templated":true}]}}