{"id":8798,"date":"2021-09-16T17:25:20","date_gmt":"2021-09-16T20:25:20","guid":{"rendered":"https:\/\/radiorevelacionfm.cl\/?p=8798"},"modified":"2021-09-16T17:25:20","modified_gmt":"2021-09-16T20:25:20","slug":"corte-confirma-fallo-que-acogio-demanda-de-tutela-laboral-contra-corporacion-educacional-club-de-leones-de-coyhaique","status":"publish","type":"post","link":"https:\/\/radiorevelacionfm.cl\/?p=8798","title":{"rendered":"Corte confirma fallo que acogi\u00f3 demanda de tutela laboral contra Corporaci\u00f3n Educacional Club de Leones de Coyhaique"},"content":{"rendered":"<div class=\"flex_column av_one_full  flex_column_div av-zero-column-padding first  avia-builder-el-0  el_before_av_one_full  avia-builder-el-first  \" style='border-radius:0px; '><div  class='avia-image-container  av-styling-    avia-builder-el-1  avia-builder-el-no-sibling  avia-align-center '  itemprop=\"image\" itemscope=\"itemscope\" itemtype=\"https:\/\/schema.org\/ImageObject\"  ><div class='avia-image-container-inner'><div class='avia-image-overlay-wrap'><img decoding=\"async\" class='wp-image-6641 avia-img-lazy-loading-not-6641 avia_image' src=\"https:\/\/radiorevelacionfm.cl\/wp-content\/uploads\/2021\/07\/foto-01-corte-1_optimized.jpg\" alt='' title='foto-01-corte--(1)_optimized' height=\"600\" width=\"918\"  itemprop=\"thumbnailUrl\" srcset=\"https:\/\/radiorevelacionfm.cl\/wp-content\/uploads\/2021\/07\/foto-01-corte-1_optimized.jpg 918w, https:\/\/radiorevelacionfm.cl\/wp-content\/uploads\/2021\/07\/foto-01-corte-1_optimized-300x196.jpg 300w, https:\/\/radiorevelacionfm.cl\/wp-content\/uploads\/2021\/07\/foto-01-corte-1_optimized-768x502.jpg 768w, https:\/\/radiorevelacionfm.cl\/wp-content\/uploads\/2021\/07\/foto-01-corte-1_optimized-705x461.jpg 705w, https:\/\/radiorevelacionfm.cl\/wp-content\/uploads\/2021\/07\/foto-01-corte-1_optimized-600x392.jpg 600w\" sizes=\"(max-width: 918px) 100vw, 918px\" \/><\/div><\/div><\/div><\/div><div class=\"flex_column av_one_full  flex_column_div av-zero-column-padding first  avia-builder-el-2  el_after_av_one_full  el_before_av_one_full  column-top-margin\" style='border-radius:0px; '><section class=\"av_textblock_section \"  itemscope=\"itemscope\" itemtype=\"https:\/\/schema.org\/BlogPosting\" itemprop=\"blogPost\" ><div class='avia_textblock  '   itemprop=\"text\" ><p style=\"text-align: center;\"><strong><span style=\"font-size: 18pt;\">Corte confirma fallo que acogi\u00f3 demanda de tutela laboral contra Corporaci\u00f3n Educacional Club de Leones de Coyhaique<\/span><\/strong><\/p>\n<div id=\"gtx-trans\" style=\"position: absolute; left: -50px; top: 4.31534px;\">\n<div class=\"gtx-trans-icon\"><\/div>\n<\/div>\n<\/div><\/section><\/div><div class=\"flex_column av_one_full  flex_column_div av-zero-column-padding first  avia-builder-el-4  el_after_av_one_full  el_before_av_hr  column-top-margin\" style='border-radius:0px; '><section class=\"av_textblock_section \"  itemscope=\"itemscope\" itemtype=\"https:\/\/schema.org\/BlogPosting\" itemprop=\"blogPost\" ><div class='avia_textblock  '   itemprop=\"text\" ><p class=\"v1MsoNormal\" style=\"text-align: justify;\">La Corte de Apelaciones de Coyhaique rechaz\u00f3 el recurso de nulidad interpuesto por la Corporaci\u00f3n Educacional Club de Leones de Coyhaique, contra la sentencia que acogi\u00f3 la demanda de tutela laboral interpuesta por un grupo de trabajadoras por vulneraci\u00f3n de derechos fundamentales.<\/p>\n<p class=\"v1MsoNormal\" style=\"text-align: justify;\">En fallo un\u00e1nime (causa rol 64-2021), la Primera Sala del tribunal de alzada \u2013integrada por los ministros Sergio Mora Vallejos, Pedro Castro Espinoza y Jos\u00e9 Ignacio Mora Trujillo\u2013 ratific\u00f3 la sentencia recurrida, dictada el 24 de junio de 2021, que acogi\u00f3 la demanda por vulneraci\u00f3n de derechos respecto de da\u00f1o a la integridad ps\u00edquica y la honra de las afectadas.<\/p>\n<p class=\"v1MsoNormal\" style=\"text-align: justify;\">\u00ab(&#8230;) se tiene que el Tribunal realiz\u00f3 el an\u00e1lisis exhaustivo y detallado de toda la prueba rendida, en virtud de la cuales se establecieron los hechos constitutivos de los indicios denunciados como vulneraci\u00f3n a los derechos fundamentales de las trabajadoras, m\u00e1xime si los supuestos vicios denunciados por la recurrente de nulidad, exclusivamente dicen relaci\u00f3n con la omisi\u00f3n de probanzas conducentes a acreditar, un buen clima de convivencia laboral, y, que el Tribunal no se hizo cargo de la secuencia y seguidilla de actos demostrativos de maltrato sicol\u00f3gico, faltas de respeto y acoso para con la persona y honra de la Directora del Establecimiento do\u00f1a Maribel Prat, aun existiendo evidencia probatorias aportadas como las funas medi\u00e1ticas en redes sociales, desde que aquellas circunstancias, nada dicen relaci\u00f3n con la materia de fondo que se conoce, esto es, la denuncia de tutela por vulneraci\u00f3n de derechos fundamentales de las trabajadoras, acci\u00f3n que por su naturaleza tiene por objeto conocer de lesiones a ciertos derechos fundamentales de los trabajadores y no respecto de la empleadora, como pretende plantearlo la denunciada, de este modo, los fundamentos de la recurrente se vislumbran m\u00e1s bien como propios de una apelaci\u00f3n que de un recurso de derecho estricto, como es el recurso de nulidad\u00bb.<\/p>\n<p class=\"v1MsoNormal\" style=\"text-align: justify;\">Por tanto, se resuelve que:\u00a0 SE RECHAZA, sin costas, el recurso de nulidad interpuesto por la Corporaci\u00f3n Educacional Club de Leones de Coyhaique, demandada, en contra de la sentencia definitiva, de 24 de junio de 2021, dictada por la juez suplente del Juzgado de Letras del Trabajo de Coyhaique, Florentina Rezuc Hern\u00e1ndez, por la cual se acoge la denuncia de tutela laboral por vulneraci\u00f3n de derechos fundamentales durante la vigencia de la relaci\u00f3n laboral interpuesta por Carmen Gloria Mart\u00ednez C\u00e1rdenas en representaci\u00f3n de las actoras, fundado en las causales de la letra b) y e) del art\u00edculo 478, del C\u00f3digo del Trabajo y en consecuencia dicha sentencia no es nula\u00bb.<\/p>\n<\/div><\/section><\/div><div  style='height:50px' class='hr hr-invisible   avia-builder-el-6  el_after_av_one_full  el_before_av_social_share '><span class='hr-inner ' ><span class='hr-inner-style'><\/span><\/span><\/div><\/p>\n<div  class='av-social-sharing-box  avia-builder-el-7  el_after_av_hr  el_before_av_hr  '><div class='av-share-box'><h5 class='av-share-link-description av-no-toc '>Compartir esta noticia<\/h5><ul class='av-share-box-list noLightbox'><li class='av-share-link av-social-link-facebook' ><a target=\"_blank\" aria-label=\"Compartir en Facebook\" href='https:\/\/www.facebook.com\/sharer.php?u=https:\/\/radiorevelacionfm.cl\/?p=8798&#038;t=Corte%20confirma%20fallo%20que%20acogi%C3%B3%20demanda%20de%20tutela%20laboral%20contra%20Corporaci%C3%B3n%20Educacional%20Club%20de%20Leones%20de%20Coyhaique' aria-hidden='false' data-av_icon='\ue8f3' data-av_iconfont='entypo-fontello' title='' data-avia-related-tooltip='Compartir en Facebook' rel=\"noopener\"><span class='avia_hidden_link_text'>Compartir en Facebook<\/span><\/a><\/li><li class='av-share-link av-social-link-twitter' ><a target=\"_blank\" aria-label=\"Compartir en Twitter\" href='https:\/\/twitter.com\/share?text=Corte%20confirma%20fallo%20que%20acogi%C3%B3%20demanda%20de%20tutela%20laboral%20contra%20Corporaci%C3%B3n%20Educacional%20Club%20de%20Leones%20de%20Coyhaique&#038;url=https:\/\/radiorevelacionfm.cl\/?p=8798' aria-hidden='false' data-av_icon='\ue8f1' data-av_iconfont='entypo-fontello' title='' data-avia-related-tooltip='Compartir en Twitter' rel=\"noopener\"><span class='avia_hidden_link_text'>Compartir en Twitter<\/span><\/a><\/li><li class='av-share-link av-social-link-whatsapp' ><a target=\"_blank\" aria-label=\"Compartir en Whatsapp\" href='https:\/\/api.whatsapp.com\/send?text=https:\/\/radiorevelacionfm.cl\/?p=8798' aria-hidden='false' data-av_icon='\uf232' data-av_iconfont='entypo-fontello' title='' data-avia-related-tooltip='Compartir en Whatsapp' rel=\"noopener\"><span class='avia_hidden_link_text'>Compartir en Whatsapp<\/span><\/a><\/li><li class='av-share-link av-social-link-linkedin' ><a target=\"_blank\" aria-label=\"Compartir en LinkedIn\" href='https:\/\/linkedin.com\/shareArticle?mini=true&#038;title=Corte%20confirma%20fallo%20que%20acogi%C3%B3%20demanda%20de%20tutela%20laboral%20contra%20Corporaci%C3%B3n%20Educacional%20Club%20de%20Leones%20de%20Coyhaique&#038;url=https:\/\/radiorevelacionfm.cl\/?p=8798' aria-hidden='false' data-av_icon='\ue8fc' data-av_iconfont='entypo-fontello' title='' data-avia-related-tooltip='Compartir en LinkedIn' rel=\"noopener\"><span class='avia_hidden_link_text'>Compartir en LinkedIn<\/span><\/a><\/li><li class='av-share-link av-social-link-mail' ><a  aria-label=\"Compartir por correo\" href='mailto:?subject=Corte%20confirma%20fallo%20que%20acogi%C3%B3%20demanda%20de%20tutela%20laboral%20contra%20Corporaci%C3%B3n%20Educacional%20Club%20de%20Leones%20de%20Coyhaique&#038;body=https:\/\/radiorevelacionfm.cl\/?p=8798' aria-hidden='false' data-av_icon='\ue805' data-av_iconfont='entypo-fontello' title='' data-avia-related-tooltip='Compartir por correo'><span class='avia_hidden_link_text'>Compartir por correo<\/span><\/a><\/li><\/ul><\/div><\/div>\n<div  style='height:50px' class='hr hr-invisible   avia-builder-el-8  el_after_av_social_share  el_before_av_comments_list '><span class='hr-inner ' ><span class='hr-inner-style'><\/span><\/span><\/div>\n<div  class='av-buildercomment  av-blog-meta-html-info-disabled av-blog-meta-tag-disabled  '><\/div>\n","protected":false},"excerpt":{"rendered":"","protected":false},"author":1,"featured_media":6641,"comment_status":"open","ping_status":"open","sticky":false,"template":"","format":"standard","meta":{"footnotes":""},"categories":[55],"tags":[],"class_list":["post-8798","post","type-post","status-publish","format-standard","has-post-thumbnail","hentry","category-justicia"],"jetpack_featured_media_url":"https:\/\/radiorevelacionfm.cl\/wp-content\/uploads\/2021\/07\/foto-01-corte-1_optimized.jpg","_links":{"self":[{"href":"https:\/\/radiorevelacionfm.cl\/index.php?rest_route=\/wp\/v2\/posts\/8798","targetHints":{"allow":["GET"]}}],"collection":[{"href":"https:\/\/radiorevelacionfm.cl\/index.php?rest_route=\/wp\/v2\/posts"}],"about":[{"href":"https:\/\/radiorevelacionfm.cl\/index.php?rest_route=\/wp\/v2\/types\/post"}],"author":[{"embeddable":true,"href":"https:\/\/radiorevelacionfm.cl\/index.php?rest_route=\/wp\/v2\/users\/1"}],"replies":[{"embeddable":true,"href":"https:\/\/radiorevelacionfm.cl\/index.php?rest_route=%2Fwp%2Fv2%2Fcomments&post=8798"}],"version-history":[{"count":1,"href":"https:\/\/radiorevelacionfm.cl\/index.php?rest_route=\/wp\/v2\/posts\/8798\/revisions"}],"predecessor-version":[{"id":8799,"href":"https:\/\/radiorevelacionfm.cl\/index.php?rest_route=\/wp\/v2\/posts\/8798\/revisions\/8799"}],"wp:featuredmedia":[{"embeddable":true,"href":"https:\/\/radiorevelacionfm.cl\/index.php?rest_route=\/wp\/v2\/media\/6641"}],"wp:attachment":[{"href":"https:\/\/radiorevelacionfm.cl\/index.php?rest_route=%2Fwp%2Fv2%2Fmedia&parent=8798"}],"wp:term":[{"taxonomy":"category","embeddable":true,"href":"https:\/\/radiorevelacionfm.cl\/index.php?rest_route=%2Fwp%2Fv2%2Fcategories&post=8798"},{"taxonomy":"post_tag","embeddable":true,"href":"https:\/\/radiorevelacionfm.cl\/index.php?rest_route=%2Fwp%2Fv2%2Ftags&post=8798"}],"curies":[{"name":"wp","href":"https:\/\/api.w.org\/{rel}","templated":true}]}}