{"id":8795,"date":"2021-09-16T16:46:20","date_gmt":"2021-09-16T19:46:20","guid":{"rendered":"https:\/\/radiorevelacionfm.cl\/?p=8795"},"modified":"2021-09-16T22:37:00","modified_gmt":"2021-09-17T01:37:00","slug":"esgrimistas-regionales-destacan-en-torneo-nacional-realizado-en-santiago","status":"publish","type":"post","link":"https:\/\/radiorevelacionfm.cl\/?p=8795","title":{"rendered":"Esgrimistas regionales destacan en torneo nacional realizado en Santiago"},"content":{"rendered":"<div class=\"flex_column av_one_full  flex_column_div av-zero-column-padding first  avia-builder-el-0  el_before_av_one_full  avia-builder-el-first  \" style='border-radius:0px; '><div  class='avia-image-container  av-styling-    avia-builder-el-1  avia-builder-el-no-sibling  avia-align-center '  itemprop=\"image\" itemscope=\"itemscope\" itemtype=\"https:\/\/schema.org\/ImageObject\"  ><div class='avia-image-container-inner'><div class='avia-image-overlay-wrap'><img decoding=\"async\" class='wp-image-8815 avia-img-lazy-loading-not-8815 avia_image' src=\"https:\/\/radiorevelacionfm.cl\/wp-content\/uploads\/2021\/09\/10-4-1-1.jpg\" alt='' title='10 (4) (1) (1)' height=\"630\" width=\"717\"  itemprop=\"thumbnailUrl\" srcset=\"https:\/\/radiorevelacionfm.cl\/wp-content\/uploads\/2021\/09\/10-4-1-1.jpg 717w, https:\/\/radiorevelacionfm.cl\/wp-content\/uploads\/2021\/09\/10-4-1-1-300x264.jpg 300w, https:\/\/radiorevelacionfm.cl\/wp-content\/uploads\/2021\/09\/10-4-1-1-705x619.jpg 705w, https:\/\/radiorevelacionfm.cl\/wp-content\/uploads\/2021\/09\/10-4-1-1-600x527.jpg 600w\" sizes=\"(max-width: 717px) 100vw, 717px\" \/><\/div><\/div><\/div><\/div><div class=\"flex_column av_one_full  flex_column_div av-zero-column-padding first  avia-builder-el-2  el_after_av_one_full  el_before_av_one_full  column-top-margin\" style='border-radius:0px; '><section class=\"av_textblock_section \"  itemscope=\"itemscope\" itemtype=\"https:\/\/schema.org\/BlogPosting\" itemprop=\"blogPost\" ><div class='avia_textblock  '   itemprop=\"text\" ><p style=\"text-align: center;\"><strong><span style=\"font-size: 18pt;\">Esgrimistas regionales destacan en torneo nacional realizado en Santiago<\/span><\/strong><\/p>\n<div id=\"gtx-trans\" style=\"position: absolute; left: -50px; top: 4.31534px;\">\n<div class=\"gtx-trans-icon\"><\/div>\n<\/div>\n<\/div><\/section><\/div><\/p>\n<div class=\"flex_column av_one_full  flex_column_div av-zero-column-padding first  avia-builder-el-4  el_after_av_one_full  el_before_av_hr  column-top-margin\" style='border-radius:0px; '><section class=\"av_textblock_section \"  itemscope=\"itemscope\" itemtype=\"https:\/\/schema.org\/BlogPosting\" itemprop=\"blogPost\" ><div class='avia_textblock  '   itemprop=\"text\" ><p style=\"text-align: justify;\">La tarde de este mi\u00e9rcoles finaliz\u00f3 el primer torneo selectivo de esgrima que se desarroll\u00f3 en el Centro de Entrenamiento Ol\u00edmpico, competencia a la que asistieron siete deportistas pertenecientes al Programa Promesas Chile Ays\u00e9n, junto a sus entrenadores de la Escuela de Esgrima 14 de Ays\u00e9n Juanita \u00c1lvarez y Cristiana Larr\u00e9re.<\/p>\n<p style=\"text-align: justify;\">\u00abEstamos muy contentos con los resultados obtenidos por nuestros esgrimistas, \u00e9stos resultados nos confirman que cuando se unen esfuerzos es posible proyectar el deporte incluso en una regi\u00f3n apartada como la nuestra, ahora viene otro desaf\u00edo que es llegar al Campeonato Sudamericano que se realizar\u00e1 en Colombia y como Ministerio del Deporte e IND, los seguiremos apoyando a trav\u00e9s del Programa Promesas Chile y el equipo multidisciplinario del IND regional\u00bb, se\u00f1al\u00f3 el Seremi del Deporte Rodrigo Cubilla Retamal.<\/p>\n<p style=\"text-align: justify;\">Asimismo, Jos\u00e9 Manuel Sep\u00falveda, Director Regional de IND agreg\u00f3, \u00abestamos muy orgullosos de todos nuestros esgrimistas regionales, cinco de ellos est\u00e1n con posibilidades de clasificar al Sudamericano categor\u00eda adultos, pre cadete, cadete y juvenil que se realizar\u00e1 entre el 11 y 16 de octubre, este es un trabajo largo que se viene desarrollando incluso en los meses m\u00e1s dif\u00edciles de la pandemia donde los hemos apoyado con implementaci\u00f3n deportiva y de musculaci\u00f3n para que entrenen su casas y luego desarrollando los protocolos necesarios para el retorno seguro a los entrenamientos presenciales\u00bb.<\/p>\n<p style=\"text-align: justify;\">En categor\u00eda adultos, Yolanda Mu\u00f1oz obtuvo medalla de oro, en tanto que Manuel Bahamonde se qued\u00f3 en el bronce. En la categor\u00eda pre cadete Martino Schaffer y Nicole Jaque obtuvieron medalla de bronce.<\/p>\n<p style=\"text-align: justify;\">En la categor\u00eda cadete Ignacia Ja\u00f1a se qued\u00f3 con el segundo lugar en florete femenino y en la categor\u00eda juvenil la espadista Martina Cort\u00e9s obtuvo medalla de bronce, en tanto que Ignacia Ja\u00f1a se qued\u00f3 con el tercer lugar en la especialidad de florete.<\/p>\n<p style=\"text-align: justify;\">Asimismo, Catalina Slako medallista sudamericana obtuvo un quinto lugar en un re\u00f1ido asalto y \u00a0se espera que gracias a los resultados anteriores y los puntajes del a\u00f1o 2019 pueda ocupar el cuarto lugar para integrar el equipo sudamericano.<\/p>\n<p style=\"text-align: justify;\">Finalmente, la entrenadora Juanita \u00c1lvarez precis\u00f3 \u00abnos queda una gran labor falta muy poco para el sudamericano y esperamos contar con el financiamiento de la autoridades regionales como lo han hecho en todas las oportunidades anteriores apoyando a este grupo de deportistas \u00a0que ha entrenado durante los dos a\u00f1os que hemos estado en pandemia sin parar, con entrenamientos virtuales y hace muy poco presencial por lo que sus logros son muy meritorios, un especial reconocimiento tiene su familia y a las autoridades del deporte regional pertenecientes a Promesas Chile, al IND, la gesti\u00f3n del director y sus profesionales, el kinesi\u00f3logo, psic\u00f3logo, metod\u00f3logo, al preparador f\u00edsico y a la coordinadora por todo el apoyo a estos deportistas que merecen representar al pa\u00eds y esperamos contar con los recursos a trav\u00e9s de un proyecto del 2% del FNDR de asignaci\u00f3n directa para que nos representen una vez m\u00e1s y traer una medallita a nuestro pa\u00eds\u00bb.<\/p>\n<\/div><\/section><\/div>\n<div  style='height:50px' class='hr hr-invisible   avia-builder-el-6  el_after_av_one_full  el_before_av_social_share '><span class='hr-inner ' ><span class='hr-inner-style'><\/span><\/span><\/div>\n<div  class='av-social-sharing-box  avia-builder-el-7  el_after_av_hr  el_before_av_hr  '><div class='av-share-box'><h5 class='av-share-link-description av-no-toc '>Compartir esta noticia<\/h5><ul class='av-share-box-list noLightbox'><li class='av-share-link av-social-link-facebook' ><a target=\"_blank\" aria-label=\"Compartir en Facebook\" href='https:\/\/www.facebook.com\/sharer.php?u=https:\/\/radiorevelacionfm.cl\/?p=8795&#038;t=Esgrimistas%20regionales%20destacan%20en%20torneo%20nacional%20realizado%20en%20Santiago' aria-hidden='false' data-av_icon='\ue8f3' data-av_iconfont='entypo-fontello' title='' data-avia-related-tooltip='Compartir en Facebook' rel=\"noopener\"><span class='avia_hidden_link_text'>Compartir en Facebook<\/span><\/a><\/li><li class='av-share-link av-social-link-twitter' ><a target=\"_blank\" aria-label=\"Compartir en Twitter\" href='https:\/\/twitter.com\/share?text=Esgrimistas%20regionales%20destacan%20en%20torneo%20nacional%20realizado%20en%20Santiago&#038;url=https:\/\/radiorevelacionfm.cl\/?p=8795' aria-hidden='false' data-av_icon='\ue8f1' data-av_iconfont='entypo-fontello' title='' data-avia-related-tooltip='Compartir en Twitter' rel=\"noopener\"><span class='avia_hidden_link_text'>Compartir en Twitter<\/span><\/a><\/li><li class='av-share-link av-social-link-whatsapp' ><a target=\"_blank\" aria-label=\"Compartir en Whatsapp\" href='https:\/\/api.whatsapp.com\/send?text=https:\/\/radiorevelacionfm.cl\/?p=8795' aria-hidden='false' data-av_icon='\uf232' data-av_iconfont='entypo-fontello' title='' data-avia-related-tooltip='Compartir en Whatsapp' rel=\"noopener\"><span class='avia_hidden_link_text'>Compartir en Whatsapp<\/span><\/a><\/li><li class='av-share-link av-social-link-linkedin' ><a target=\"_blank\" aria-label=\"Compartir en LinkedIn\" href='https:\/\/linkedin.com\/shareArticle?mini=true&#038;title=Esgrimistas%20regionales%20destacan%20en%20torneo%20nacional%20realizado%20en%20Santiago&#038;url=https:\/\/radiorevelacionfm.cl\/?p=8795' aria-hidden='false' data-av_icon='\ue8fc' data-av_iconfont='entypo-fontello' title='' data-avia-related-tooltip='Compartir en LinkedIn' rel=\"noopener\"><span class='avia_hidden_link_text'>Compartir en LinkedIn<\/span><\/a><\/li><li class='av-share-link av-social-link-mail' ><a  aria-label=\"Compartir por correo\" href='mailto:?subject=Esgrimistas%20regionales%20destacan%20en%20torneo%20nacional%20realizado%20en%20Santiago&#038;body=https:\/\/radiorevelacionfm.cl\/?p=8795' aria-hidden='false' data-av_icon='\ue805' data-av_iconfont='entypo-fontello' title='' data-avia-related-tooltip='Compartir por correo'><span class='avia_hidden_link_text'>Compartir por correo<\/span><\/a><\/li><\/ul><\/div><\/div>\n<div  style='height:50px' class='hr hr-invisible   avia-builder-el-8  el_after_av_social_share  el_before_av_comments_list '><span class='hr-inner ' ><span class='hr-inner-style'><\/span><\/span><\/div>\n<div  class='av-buildercomment  av-blog-meta-html-info-disabled av-blog-meta-tag-disabled  '><\/div>\n","protected":false},"excerpt":{"rendered":"","protected":false},"author":1,"featured_media":8815,"comment_status":"open","ping_status":"open","sticky":false,"template":"","format":"standard","meta":{"footnotes":""},"categories":[40],"tags":[],"class_list":["post-8795","post","type-post","status-publish","format-standard","has-post-thumbnail","hentry","category-deportes"],"jetpack_featured_media_url":"https:\/\/radiorevelacionfm.cl\/wp-content\/uploads\/2021\/09\/10-4-1-1.jpg","_links":{"self":[{"href":"https:\/\/radiorevelacionfm.cl\/index.php?rest_route=\/wp\/v2\/posts\/8795","targetHints":{"allow":["GET"]}}],"collection":[{"href":"https:\/\/radiorevelacionfm.cl\/index.php?rest_route=\/wp\/v2\/posts"}],"about":[{"href":"https:\/\/radiorevelacionfm.cl\/index.php?rest_route=\/wp\/v2\/types\/post"}],"author":[{"embeddable":true,"href":"https:\/\/radiorevelacionfm.cl\/index.php?rest_route=\/wp\/v2\/users\/1"}],"replies":[{"embeddable":true,"href":"https:\/\/radiorevelacionfm.cl\/index.php?rest_route=%2Fwp%2Fv2%2Fcomments&post=8795"}],"version-history":[{"count":2,"href":"https:\/\/radiorevelacionfm.cl\/index.php?rest_route=\/wp\/v2\/posts\/8795\/revisions"}],"predecessor-version":[{"id":8816,"href":"https:\/\/radiorevelacionfm.cl\/index.php?rest_route=\/wp\/v2\/posts\/8795\/revisions\/8816"}],"wp:featuredmedia":[{"embeddable":true,"href":"https:\/\/radiorevelacionfm.cl\/index.php?rest_route=\/wp\/v2\/media\/8815"}],"wp:attachment":[{"href":"https:\/\/radiorevelacionfm.cl\/index.php?rest_route=%2Fwp%2Fv2%2Fmedia&parent=8795"}],"wp:term":[{"taxonomy":"category","embeddable":true,"href":"https:\/\/radiorevelacionfm.cl\/index.php?rest_route=%2Fwp%2Fv2%2Fcategories&post=8795"},{"taxonomy":"post_tag","embeddable":true,"href":"https:\/\/radiorevelacionfm.cl\/index.php?rest_route=%2Fwp%2Fv2%2Ftags&post=8795"}],"curies":[{"name":"wp","href":"https:\/\/api.w.org\/{rel}","templated":true}]}}