{"id":8792,"date":"2021-09-17T10:02:39","date_gmt":"2021-09-17T13:02:39","guid":{"rendered":"https:\/\/radiorevelacionfm.cl\/?p=8792"},"modified":"2021-09-17T10:02:39","modified_gmt":"2021-09-17T13:02:39","slug":"baja-ejecucion-presupuestaria-y-restricciones-el-reclamo-de-los-gobiernos-regionales-al-ministerio-de-hacienda","status":"publish","type":"post","link":"https:\/\/radiorevelacionfm.cl\/?p=8792","title":{"rendered":"Baja ejecuci\u00f3n presupuestaria y restricciones: El reclamo de los Gobiernos Regionales al Ministerio de Hacienda"},"content":{"rendered":"<div class=\"flex_column av_one_full  flex_column_div av-zero-column-padding first  avia-builder-el-0  el_before_av_one_full  avia-builder-el-first  \" style='border-radius:0px; '><div  class='avia-image-container  av-styling-    avia-builder-el-1  avia-builder-el-no-sibling  avia-align-center '  itemprop=\"image\" itemscope=\"itemscope\" itemtype=\"https:\/\/schema.org\/ImageObject\"  ><div class='avia-image-container-inner'><div class='avia-image-overlay-wrap'><img decoding=\"async\" class='wp-image-8793 avia-img-lazy-loading-not-8793 avia_image' src=\"https:\/\/radiorevelacionfm.cl\/wp-content\/uploads\/2021\/09\/Gobiernos-Regionales-2021-09-16-1-1.jpeg\" alt='' title='Gobiernos Regionales 2021-09-16 (1) (1)' height=\"600\" width=\"800\"  itemprop=\"thumbnailUrl\" srcset=\"https:\/\/radiorevelacionfm.cl\/wp-content\/uploads\/2021\/09\/Gobiernos-Regionales-2021-09-16-1-1.jpeg 800w, https:\/\/radiorevelacionfm.cl\/wp-content\/uploads\/2021\/09\/Gobiernos-Regionales-2021-09-16-1-1-300x225.jpeg 300w, https:\/\/radiorevelacionfm.cl\/wp-content\/uploads\/2021\/09\/Gobiernos-Regionales-2021-09-16-1-1-768x576.jpeg 768w, https:\/\/radiorevelacionfm.cl\/wp-content\/uploads\/2021\/09\/Gobiernos-Regionales-2021-09-16-1-1-705x529.jpeg 705w, https:\/\/radiorevelacionfm.cl\/wp-content\/uploads\/2021\/09\/Gobiernos-Regionales-2021-09-16-1-1-600x450.jpeg 600w\" sizes=\"(max-width: 800px) 100vw, 800px\" \/><\/div><\/div><\/div><\/div><div class=\"flex_column av_one_full  flex_column_div av-zero-column-padding first  avia-builder-el-2  el_after_av_one_full  el_before_av_one_full  column-top-margin\" style='border-radius:0px; '><section class=\"av_textblock_section \"  itemscope=\"itemscope\" itemtype=\"https:\/\/schema.org\/BlogPosting\" itemprop=\"blogPost\" ><div class='avia_textblock  '   itemprop=\"text\" ><p style=\"text-align: center;\"><span style=\"font-size: 18pt;\"><strong>Baja ejecuci\u00f3n presupuestaria y restricciones: El reclamo de los Gobiernos Regionales al Ministerio de Hacienda<\/strong><\/span><\/p>\n<div id=\"gtx-trans\" style=\"position: absolute; left: -50px; top: 4.31534px;\">\n<div class=\"gtx-trans-icon\"><\/div>\n<\/div>\n<\/div><\/section><\/div><div class=\"flex_column av_one_full  flex_column_div av-zero-column-padding first  avia-builder-el-4  el_after_av_one_full  el_before_av_hr  column-top-margin\" style='border-radius:0px; '><section class=\"av_textblock_section \"  itemscope=\"itemscope\" itemtype=\"https:\/\/schema.org\/BlogPosting\" itemprop=\"blogPost\" ><div class='avia_textblock  '   itemprop=\"text\" ><p style=\"text-align: justify;\">Los Gobernadores Regionales de las 16 regiones del pa\u00eds se reunieron con el Ministro Rodrigo Cerda, para tratar las urgencias para el cumplimiento de los programas de Gobierno en las distintas regiones. \u00abLa DIPRES ha intentado operar como una especie de tutor de los Gobiernos Regionales\u00bb, afirm\u00f3 la Gobernadora Mac\u00edas.<\/p>\n<p style=\"text-align: justify;\">Hace una semana atr\u00e1s se llev\u00f3 a cabo el primer Encuentro Nacional de Gobernadores Regionales, que reuni\u00f3 a las m\u00e1ximas autoridades regionales del pa\u00eds y sus respectivos equipos, donde se concord\u00f3 que uno de los problemas comunes que se tienen es la necesidad del cambio estructural en el manejo de los presupuestos de los Gobiernos Regionales.<\/p>\n<p style=\"text-align: justify;\">As\u00ed lo explic\u00f3 en la oportunidad la Gobernadora Regional de Ays\u00e9n, Andrea Mac\u00edas: \u00abAl momento de asumir como nuevas autoridades nos encontramos con el panorama de la baj\u00edsima ejecuci\u00f3n presupuestaria, que es la herencia de administraciones anteriores. Y eso hay que enfrentarlo con la expectativa justa de la ciudadan\u00eda para cumplir nuestros respectivos Programas de Gobierno\u00bb, afirmaba la autoridad.<\/p>\n<p style=\"text-align: justify;\">Ante este escenario, se coordin\u00f3 una reuni\u00f3n clave entre los Gobernadores y Gobernadoras junto al Ministro Rodrigo Cerda y Direcci\u00f3n de Presupuesto (Dipres) para tratar diligencias pertinentes para destrabar administrativamente el gasto de cada uno de los territorios del pa\u00eds.<\/p>\n<p style=\"text-align: justify;\">En la oportunidad, representando a la Asociaci\u00f3n de Gobernadores y Gobernadoras Regionales, expuso el Gobernador por Magallanes, Jorge Flies, el Gobernador por \u00d1uble, Oscar Cris\u00f3stomo y la Gobernadora por la regi\u00f3n de Ays\u00e9n, Andrea Mac\u00edas Palma.<\/p>\n<p style=\"text-align: justify;\">\u00abExisten una serie de restricciones en el \u00e1mbito administrativo que se han ido estableciendo para el gasto de nuestro presupuesto entregado y fijado por ley, lo que es una realidad compartida por todos los Gobiernos Regionales. Dentro de nuestras solicitudes m\u00e1s urgentes est\u00e1 la necesidad de que se aperture el subt\u00edtulo 29 para avanzar en lo comprometido. Por otra parte, los procesos cuentan con una demora de alrededor de 4 meses: 4 meses se demora la Dipres en poder identificar una iniciativa. Eso es inaceptable y se nos hace imposible operar as\u00ed\u00bb, se explay\u00f3 la Gobernadora Mac\u00edas. \u00abEl llamado al Gobierno es otorgar todas las facilidades necesarias y avanzar en una autonom\u00eda al igual como sucede con los Municipios, as\u00ed como tambi\u00e9n el aumento necesario de presupuesto para que se puedan cumplir nuestros programas de Gobierno para el 2022\u00bb.<\/p>\n<p style=\"text-align: justify;\">Ante la exposici\u00f3n de los voceros de la Asociaci\u00f3n de Gobernadores, el Ministro Cerda se comprometi\u00f3 a iniciar a la brevedad posible una mesa de trabajo en las urgencias del presupuesto para el 2022 y as\u00ed evaluar situaciones urgentes que existan en los Gobiernos Regionales y acelerar la identificaci\u00f3n presupuestaria, que es aquella que permite que exista presupuesto para las iniciativas.<\/p>\n<\/div><\/section><\/div><div  style='height:50px' class='hr hr-invisible   avia-builder-el-6  el_after_av_one_full  el_before_av_social_share '><span class='hr-inner ' ><span class='hr-inner-style'><\/span><\/span><\/div><\/p>\n<div  class='av-social-sharing-box  avia-builder-el-7  el_after_av_hr  el_before_av_hr  '><div class='av-share-box'><h5 class='av-share-link-description av-no-toc '>Compartir esta noticia<\/h5><ul class='av-share-box-list noLightbox'><li class='av-share-link av-social-link-facebook' ><a target=\"_blank\" aria-label=\"Compartir en Facebook\" href='https:\/\/www.facebook.com\/sharer.php?u=https:\/\/radiorevelacionfm.cl\/?p=8792&#038;t=Baja%20ejecuci%C3%B3n%20presupuestaria%20y%20restricciones%3A%20El%20reclamo%20de%20los%20Gobiernos%20Regionales%20al%20Ministerio%20de%20Hacienda' aria-hidden='false' data-av_icon='\ue8f3' data-av_iconfont='entypo-fontello' title='' data-avia-related-tooltip='Compartir en Facebook' rel=\"noopener\"><span class='avia_hidden_link_text'>Compartir en Facebook<\/span><\/a><\/li><li class='av-share-link av-social-link-twitter' ><a target=\"_blank\" aria-label=\"Compartir en Twitter\" href='https:\/\/twitter.com\/share?text=Baja%20ejecuci%C3%B3n%20presupuestaria%20y%20restricciones%3A%20El%20reclamo%20de%20los%20Gobiernos%20Regionales%20al%20Ministerio%20de%20Hacienda&#038;url=https:\/\/radiorevelacionfm.cl\/?p=8792' aria-hidden='false' data-av_icon='\ue8f1' data-av_iconfont='entypo-fontello' title='' data-avia-related-tooltip='Compartir en Twitter' rel=\"noopener\"><span class='avia_hidden_link_text'>Compartir en Twitter<\/span><\/a><\/li><li class='av-share-link av-social-link-whatsapp' ><a target=\"_blank\" aria-label=\"Compartir en Whatsapp\" href='https:\/\/api.whatsapp.com\/send?text=https:\/\/radiorevelacionfm.cl\/?p=8792' aria-hidden='false' data-av_icon='\uf232' data-av_iconfont='entypo-fontello' title='' data-avia-related-tooltip='Compartir en Whatsapp' rel=\"noopener\"><span class='avia_hidden_link_text'>Compartir en Whatsapp<\/span><\/a><\/li><li class='av-share-link av-social-link-linkedin' ><a target=\"_blank\" aria-label=\"Compartir en LinkedIn\" href='https:\/\/linkedin.com\/shareArticle?mini=true&#038;title=Baja%20ejecuci%C3%B3n%20presupuestaria%20y%20restricciones%3A%20El%20reclamo%20de%20los%20Gobiernos%20Regionales%20al%20Ministerio%20de%20Hacienda&#038;url=https:\/\/radiorevelacionfm.cl\/?p=8792' aria-hidden='false' data-av_icon='\ue8fc' data-av_iconfont='entypo-fontello' title='' data-avia-related-tooltip='Compartir en LinkedIn' rel=\"noopener\"><span class='avia_hidden_link_text'>Compartir en LinkedIn<\/span><\/a><\/li><li class='av-share-link av-social-link-mail' ><a  aria-label=\"Compartir por correo\" href='mailto:?subject=Baja%20ejecuci%C3%B3n%20presupuestaria%20y%20restricciones%3A%20El%20reclamo%20de%20los%20Gobiernos%20Regionales%20al%20Ministerio%20de%20Hacienda&#038;body=https:\/\/radiorevelacionfm.cl\/?p=8792' aria-hidden='false' data-av_icon='\ue805' data-av_iconfont='entypo-fontello' title='' data-avia-related-tooltip='Compartir por correo'><span class='avia_hidden_link_text'>Compartir por correo<\/span><\/a><\/li><\/ul><\/div><\/div>\n<div  style='height:50px' class='hr hr-invisible   avia-builder-el-8  el_after_av_social_share  el_before_av_comments_list '><span class='hr-inner ' ><span class='hr-inner-style'><\/span><\/span><\/div>\n<div  class='av-buildercomment  av-blog-meta-html-info-disabled av-blog-meta-tag-disabled  '><\/div>\n","protected":false},"excerpt":{"rendered":"","protected":false},"author":1,"featured_media":8793,"comment_status":"open","ping_status":"open","sticky":false,"template":"","format":"standard","meta":{"footnotes":""},"categories":[38],"tags":[],"class_list":["post-8792","post","type-post","status-publish","format-standard","has-post-thumbnail","hentry","category-regional"],"jetpack_featured_media_url":"https:\/\/radiorevelacionfm.cl\/wp-content\/uploads\/2021\/09\/Gobiernos-Regionales-2021-09-16-1-1.jpeg","_links":{"self":[{"href":"https:\/\/radiorevelacionfm.cl\/index.php?rest_route=\/wp\/v2\/posts\/8792","targetHints":{"allow":["GET"]}}],"collection":[{"href":"https:\/\/radiorevelacionfm.cl\/index.php?rest_route=\/wp\/v2\/posts"}],"about":[{"href":"https:\/\/radiorevelacionfm.cl\/index.php?rest_route=\/wp\/v2\/types\/post"}],"author":[{"embeddable":true,"href":"https:\/\/radiorevelacionfm.cl\/index.php?rest_route=\/wp\/v2\/users\/1"}],"replies":[{"embeddable":true,"href":"https:\/\/radiorevelacionfm.cl\/index.php?rest_route=%2Fwp%2Fv2%2Fcomments&post=8792"}],"version-history":[{"count":1,"href":"https:\/\/radiorevelacionfm.cl\/index.php?rest_route=\/wp\/v2\/posts\/8792\/revisions"}],"predecessor-version":[{"id":8794,"href":"https:\/\/radiorevelacionfm.cl\/index.php?rest_route=\/wp\/v2\/posts\/8792\/revisions\/8794"}],"wp:featuredmedia":[{"embeddable":true,"href":"https:\/\/radiorevelacionfm.cl\/index.php?rest_route=\/wp\/v2\/media\/8793"}],"wp:attachment":[{"href":"https:\/\/radiorevelacionfm.cl\/index.php?rest_route=%2Fwp%2Fv2%2Fmedia&parent=8792"}],"wp:term":[{"taxonomy":"category","embeddable":true,"href":"https:\/\/radiorevelacionfm.cl\/index.php?rest_route=%2Fwp%2Fv2%2Fcategories&post=8792"},{"taxonomy":"post_tag","embeddable":true,"href":"https:\/\/radiorevelacionfm.cl\/index.php?rest_route=%2Fwp%2Fv2%2Ftags&post=8792"}],"curies":[{"name":"wp","href":"https:\/\/api.w.org\/{rel}","templated":true}]}}