{"id":8789,"date":"2021-09-16T15:58:13","date_gmt":"2021-09-16T18:58:13","guid":{"rendered":"https:\/\/radiorevelacionfm.cl\/?p=8789"},"modified":"2021-09-16T15:58:13","modified_gmt":"2021-09-16T18:58:13","slug":"realizan-entrega-de-terreno-a-club-deportivo-social-y-cultural-aysen","status":"publish","type":"post","link":"https:\/\/radiorevelacionfm.cl\/?p=8789","title":{"rendered":"Realizan entrega de terreno a Club Deportivo Social y Cultural Ays\u00e9n"},"content":{"rendered":"<div class=\"flex_column av_one_full  flex_column_div av-zero-column-padding first  avia-builder-el-0  el_before_av_one_full  avia-builder-el-first  \" style='border-radius:0px; '><div  class='avia-image-container  av-styling-    avia-builder-el-1  avia-builder-el-no-sibling  avia-align-center '  itemprop=\"image\" itemscope=\"itemscope\" itemtype=\"https:\/\/schema.org\/ImageObject\"  ><div class='avia-image-container-inner'><div class='avia-image-overlay-wrap'><img decoding=\"async\" class='wp-image-8790 avia-img-lazy-loading-not-8790 avia_image' src=\"https:\/\/radiorevelacionfm.cl\/wp-content\/uploads\/2021\/09\/BN4-1-1.jpg\" alt='' title='BN4 (1) (1)' height=\"600\" width=\"800\"  itemprop=\"thumbnailUrl\" srcset=\"https:\/\/radiorevelacionfm.cl\/wp-content\/uploads\/2021\/09\/BN4-1-1.jpg 800w, https:\/\/radiorevelacionfm.cl\/wp-content\/uploads\/2021\/09\/BN4-1-1-300x225.jpg 300w, https:\/\/radiorevelacionfm.cl\/wp-content\/uploads\/2021\/09\/BN4-1-1-768x576.jpg 768w, https:\/\/radiorevelacionfm.cl\/wp-content\/uploads\/2021\/09\/BN4-1-1-705x529.jpg 705w, https:\/\/radiorevelacionfm.cl\/wp-content\/uploads\/2021\/09\/BN4-1-1-600x450.jpg 600w\" sizes=\"(max-width: 800px) 100vw, 800px\" \/><\/div><\/div><\/div><\/div><div class=\"flex_column av_one_full  flex_column_div av-zero-column-padding first  avia-builder-el-2  el_after_av_one_full  el_before_av_one_full  column-top-margin\" style='border-radius:0px; '><section class=\"av_textblock_section \"  itemscope=\"itemscope\" itemtype=\"https:\/\/schema.org\/BlogPosting\" itemprop=\"blogPost\" ><div class='avia_textblock  '   itemprop=\"text\" ><p style=\"text-align: center;\"><strong><span style=\"font-size: 18pt;\">Realizan entrega de terreno a Club Deportivo Social y Cultural Ays\u00e9n<\/span><\/strong><\/p>\n<div id=\"gtx-trans\" style=\"position: absolute; left: -50px; top: 4.31534px;\">\n<div class=\"gtx-trans-icon\"><\/div>\n<\/div>\n<\/div><\/section><\/div><div class=\"flex_column av_one_full  flex_column_div av-zero-column-padding first  avia-builder-el-4  el_after_av_one_full  el_before_av_hr  column-top-margin\" style='border-radius:0px; '><section class=\"av_textblock_section \"  itemscope=\"itemscope\" itemtype=\"https:\/\/schema.org\/BlogPosting\" itemprop=\"blogPost\" ><div class='avia_textblock  '   itemprop=\"text\" ><p style=\"text-align: justify;\">La tarde de este mi\u00e9rcoles en la sede del club se realiz\u00f3 la ceremonia de entrega de terreno, actividad en la que mediante la firma de actas y entrega de la Resoluci\u00f3n que otorga -v\u00eda Concesi\u00f3n Gratuita- de inmueble fiscal, se oficializa un proceso iniciado por los dirigentes en marzo de este a\u00f1o.<\/p>\n<p style=\"text-align: justify;\">El terreno que se encuentra en el Km.3 de la ruta que une Puerto Ays\u00e9n con Coyhaique, por una superficie de 0,73 hect\u00e1reas, permitir\u00e1 el desarrollo del proyecto de cancha de f\u00fatbol 7 y grader\u00edas, siendo los cimientos de su primer estadio.<\/p>\n<p style=\"text-align: justify;\">El terreno entregado por Bienes Nacionales, estar\u00e1 cercano a nuevas poblaciones proyectadas, esto fue resaltado por el presidente del Club Jos\u00e9 Cay\u00fan Paillacar. \u201cComo instituci\u00f3n estamos muy contentos, muy alagados, agradecidos de las autoridades que nos acompa\u00f1aron, especialmente por el compromiso de la Seremi de Bienes Nacionales para sacar esto adelante. Adem\u00e1s, quiero destacar que donde estar\u00e1 ubicada nuestra cancha se proyecta la construcci\u00f3n de una gran poblaci\u00f3n, as\u00ed podremos ser un aporte para los ni\u00f1os y sus familias, las que incluiremos en nuestras actividades\u201d.<\/p>\n<p style=\"text-align: justify;\">En cuanto a la labor que desarrolla el Ministerio encargado de la administraci\u00f3n de los bienes del Estado, la Seremi Ana Mar\u00eda Mora Araneda, detall\u00f3 que \u201cesta entrega es parte de un trabajo constante que realizamos con las organizaciones del plano civil, apoyando los sue\u00f1os de dirigentes y socios en diversos \u00e1mbitos, por ejemplo, en el rescate de nuestra cultura, apoyando con inmuebles fiscales a organizaciones de pueblos originarios, mujeres artesanas, proyectos tur\u00edsticos y de preservaci\u00f3n del medio ambiente, investigaci\u00f3n cient\u00edfica y ahora el deporte, entre muchos otros\u201d.<\/p>\n<p style=\"text-align: justify;\">El deportivo es denominado como \u201cEl Decano\u201d, por ser el primer Club de F\u00fatbol formado en la regi\u00f3n de Ays\u00e9n. Su historia se remonta al 8 de diciembre de 1925, fecha en la que los trabajadores de la extinta Sociedad Ganadera Ays\u00e9n, decidieron fundar la instituci\u00f3n deportiva.<\/p>\n<p style=\"text-align: justify;\">Actualmente, defiende los colores blanco y verde en la Asociaci\u00f3n Nacional de F\u00fatbol Amateur (ANFA), aqu\u00ed participan sus m\u00e1s de 200 futbolistas: en dos series infantiles, serie juvenil, serie damas, serie honor, segunda senior, master, s\u00faper master.<\/p>\n<\/div><\/section><\/div><div  style='height:50px' class='hr hr-invisible   avia-builder-el-6  el_after_av_one_full  el_before_av_social_share '><span class='hr-inner ' ><span class='hr-inner-style'><\/span><\/span><\/div><\/p>\n<div  class='av-social-sharing-box  avia-builder-el-7  el_after_av_hr  el_before_av_hr  '><div class='av-share-box'><h5 class='av-share-link-description av-no-toc '>Compartir esta noticia<\/h5><ul class='av-share-box-list noLightbox'><li class='av-share-link av-social-link-facebook' ><a target=\"_blank\" aria-label=\"Compartir en Facebook\" href='https:\/\/www.facebook.com\/sharer.php?u=https:\/\/radiorevelacionfm.cl\/?p=8789&#038;t=Realizan%20entrega%20de%20terreno%20a%20Club%20Deportivo%20Social%20y%20Cultural%20Ays%C3%A9n' aria-hidden='false' data-av_icon='\ue8f3' data-av_iconfont='entypo-fontello' title='' data-avia-related-tooltip='Compartir en Facebook' rel=\"noopener\"><span class='avia_hidden_link_text'>Compartir en Facebook<\/span><\/a><\/li><li class='av-share-link av-social-link-twitter' ><a target=\"_blank\" aria-label=\"Compartir en Twitter\" href='https:\/\/twitter.com\/share?text=Realizan%20entrega%20de%20terreno%20a%20Club%20Deportivo%20Social%20y%20Cultural%20Ays%C3%A9n&#038;url=https:\/\/radiorevelacionfm.cl\/?p=8789' aria-hidden='false' data-av_icon='\ue8f1' data-av_iconfont='entypo-fontello' title='' data-avia-related-tooltip='Compartir en Twitter' rel=\"noopener\"><span class='avia_hidden_link_text'>Compartir en Twitter<\/span><\/a><\/li><li class='av-share-link av-social-link-whatsapp' ><a target=\"_blank\" aria-label=\"Compartir en Whatsapp\" href='https:\/\/api.whatsapp.com\/send?text=https:\/\/radiorevelacionfm.cl\/?p=8789' aria-hidden='false' data-av_icon='\uf232' data-av_iconfont='entypo-fontello' title='' data-avia-related-tooltip='Compartir en Whatsapp' rel=\"noopener\"><span class='avia_hidden_link_text'>Compartir en Whatsapp<\/span><\/a><\/li><li class='av-share-link av-social-link-linkedin' ><a target=\"_blank\" aria-label=\"Compartir en LinkedIn\" href='https:\/\/linkedin.com\/shareArticle?mini=true&#038;title=Realizan%20entrega%20de%20terreno%20a%20Club%20Deportivo%20Social%20y%20Cultural%20Ays%C3%A9n&#038;url=https:\/\/radiorevelacionfm.cl\/?p=8789' aria-hidden='false' data-av_icon='\ue8fc' data-av_iconfont='entypo-fontello' title='' data-avia-related-tooltip='Compartir en LinkedIn' rel=\"noopener\"><span class='avia_hidden_link_text'>Compartir en LinkedIn<\/span><\/a><\/li><li class='av-share-link av-social-link-mail' ><a  aria-label=\"Compartir por correo\" href='mailto:?subject=Realizan%20entrega%20de%20terreno%20a%20Club%20Deportivo%20Social%20y%20Cultural%20Ays%C3%A9n&#038;body=https:\/\/radiorevelacionfm.cl\/?p=8789' aria-hidden='false' data-av_icon='\ue805' data-av_iconfont='entypo-fontello' title='' data-avia-related-tooltip='Compartir por correo'><span class='avia_hidden_link_text'>Compartir por correo<\/span><\/a><\/li><\/ul><\/div><\/div>\n<div  style='height:50px' class='hr hr-invisible   avia-builder-el-8  el_after_av_social_share  el_before_av_comments_list '><span class='hr-inner ' ><span class='hr-inner-style'><\/span><\/span><\/div>\n<div  class='av-buildercomment  av-blog-meta-html-info-disabled av-blog-meta-tag-disabled  '><\/div>\n","protected":false},"excerpt":{"rendered":"","protected":false},"author":1,"featured_media":8790,"comment_status":"open","ping_status":"open","sticky":false,"template":"","format":"standard","meta":{"footnotes":""},"categories":[38],"tags":[],"class_list":["post-8789","post","type-post","status-publish","format-standard","has-post-thumbnail","hentry","category-regional"],"jetpack_featured_media_url":"https:\/\/radiorevelacionfm.cl\/wp-content\/uploads\/2021\/09\/BN4-1-1.jpg","_links":{"self":[{"href":"https:\/\/radiorevelacionfm.cl\/index.php?rest_route=\/wp\/v2\/posts\/8789","targetHints":{"allow":["GET"]}}],"collection":[{"href":"https:\/\/radiorevelacionfm.cl\/index.php?rest_route=\/wp\/v2\/posts"}],"about":[{"href":"https:\/\/radiorevelacionfm.cl\/index.php?rest_route=\/wp\/v2\/types\/post"}],"author":[{"embeddable":true,"href":"https:\/\/radiorevelacionfm.cl\/index.php?rest_route=\/wp\/v2\/users\/1"}],"replies":[{"embeddable":true,"href":"https:\/\/radiorevelacionfm.cl\/index.php?rest_route=%2Fwp%2Fv2%2Fcomments&post=8789"}],"version-history":[{"count":1,"href":"https:\/\/radiorevelacionfm.cl\/index.php?rest_route=\/wp\/v2\/posts\/8789\/revisions"}],"predecessor-version":[{"id":8791,"href":"https:\/\/radiorevelacionfm.cl\/index.php?rest_route=\/wp\/v2\/posts\/8789\/revisions\/8791"}],"wp:featuredmedia":[{"embeddable":true,"href":"https:\/\/radiorevelacionfm.cl\/index.php?rest_route=\/wp\/v2\/media\/8790"}],"wp:attachment":[{"href":"https:\/\/radiorevelacionfm.cl\/index.php?rest_route=%2Fwp%2Fv2%2Fmedia&parent=8789"}],"wp:term":[{"taxonomy":"category","embeddable":true,"href":"https:\/\/radiorevelacionfm.cl\/index.php?rest_route=%2Fwp%2Fv2%2Fcategories&post=8789"},{"taxonomy":"post_tag","embeddable":true,"href":"https:\/\/radiorevelacionfm.cl\/index.php?rest_route=%2Fwp%2Fv2%2Ftags&post=8789"}],"curies":[{"name":"wp","href":"https:\/\/api.w.org\/{rel}","templated":true}]}}