{"id":8785,"date":"2021-09-16T10:10:06","date_gmt":"2021-09-16T13:10:06","guid":{"rendered":"https:\/\/radiorevelacionfm.cl\/?p=8785"},"modified":"2021-09-16T10:10:06","modified_gmt":"2021-09-16T13:10:06","slug":"calisto-manifiesta-su-preocupacion-por-termino-de-funciones-de-trabajadores-a-honorarios-contratados-por-la-emergencia-covid","status":"publish","type":"post","link":"https:\/\/radiorevelacionfm.cl\/?p=8785","title":{"rendered":"Calisto manifiesta su preocupaci\u00f3n por t\u00e9rmino de funciones de trabajadores a honorarios contratados por la emergencia Covid"},"content":{"rendered":"<div class=\"flex_column av_one_full  flex_column_div av-zero-column-padding first  avia-builder-el-0  el_before_av_one_full  avia-builder-el-first  \" style='border-radius:0px; '><div  class='avia-image-container  av-styling-    avia-builder-el-1  avia-builder-el-no-sibling  avia-align-center '  itemprop=\"image\" itemscope=\"itemscope\" itemtype=\"https:\/\/schema.org\/ImageObject\"  ><div class='avia-image-container-inner'><div class='avia-image-overlay-wrap'><img decoding=\"async\" class='wp-image-8786 avia-img-lazy-loading-not-8786 avia_image' src=\"https:\/\/radiorevelacionfm.cl\/wp-content\/uploads\/2021\/09\/Trabajadores-de-Salud-1-1.jpg\" alt='' title='Trabajadores de Salud (1) (1)' height=\"600\" width=\"898\"  itemprop=\"thumbnailUrl\" srcset=\"https:\/\/radiorevelacionfm.cl\/wp-content\/uploads\/2021\/09\/Trabajadores-de-Salud-1-1.jpg 898w, https:\/\/radiorevelacionfm.cl\/wp-content\/uploads\/2021\/09\/Trabajadores-de-Salud-1-1-300x200.jpg 300w, https:\/\/radiorevelacionfm.cl\/wp-content\/uploads\/2021\/09\/Trabajadores-de-Salud-1-1-768x513.jpg 768w, https:\/\/radiorevelacionfm.cl\/wp-content\/uploads\/2021\/09\/Trabajadores-de-Salud-1-1-705x471.jpg 705w, https:\/\/radiorevelacionfm.cl\/wp-content\/uploads\/2021\/09\/Trabajadores-de-Salud-1-1-600x401.jpg 600w\" sizes=\"(max-width: 898px) 100vw, 898px\" \/><\/div><\/div><\/div><\/div><div class=\"flex_column av_one_full  flex_column_div av-zero-column-padding first  avia-builder-el-2  el_after_av_one_full  el_before_av_one_full  column-top-margin\" style='border-radius:0px; '><section class=\"av_textblock_section \"  itemscope=\"itemscope\" itemtype=\"https:\/\/schema.org\/BlogPosting\" itemprop=\"blogPost\" ><div class='avia_textblock  '   itemprop=\"text\" ><p style=\"text-align: center;\"><span style=\"font-size: 18pt;\"><b><span lang=\"ES\">Calisto manifiesta su preocupaci\u00f3n por t\u00e9rmino de funciones de trabajadores a honorarios contratados por la emergencia Covid<\/span><\/b><\/span><\/p>\n<div id=\"gtx-trans\" style=\"position: absolute; left: -50px; top: 4.31534px;\">\n<div class=\"gtx-trans-icon\"><\/div>\n<\/div>\n<\/div><\/section><\/div><div class=\"flex_column av_one_full  flex_column_div av-zero-column-padding first  avia-builder-el-4  el_after_av_one_full  el_before_av_hr  column-top-margin\" style='border-radius:0px; '><section class=\"av_textblock_section \"  itemscope=\"itemscope\" itemtype=\"https:\/\/schema.org\/BlogPosting\" itemprop=\"blogPost\" ><div class='avia_textblock  '   itemprop=\"text\" ><p style=\"font-weight: 400; text-align: justify;\">Aunque las cifras<strong>\u00a0<\/strong>de la pandemia han ido mejorando durante las \u00faltimas semanas, el diputado Miguel \u00c1ngel Calisto manifest\u00f3 su preocupaci\u00f3n por el fin del contrato de 385 funcionarios de salud que fueron contratados por la emergencia sanitaria en la Regi\u00f3n, cifra que a nivel nacional llegar\u00eda a los 29 mil funcionarios.<\/p>\n<p style=\"font-weight: 400; text-align: justify;\">Seg\u00fan el legislador, \u201cestoy bastante preocupado por esta situaci\u00f3n, porque me parece una mala decisi\u00f3n que estas personas dejen de trabajar en los recintos de salud cuando la pandemia a\u00fan no ha terminado, y son muchos los expertos que han advertido de un posible rebrote ligado a la variante delta, que es mucho m\u00e1s contagiosa, entonces, creo que es una mala decisi\u00f3n\u201d.<\/p>\n<p style=\"font-weight: 400; text-align: justify;\">Calisto agreg\u00f3 que \u201cadem\u00e1s, en el tema de la salud tenemos siempre tantas falencias a nivel nacional, que el hecho de tener m\u00e1s funcionarios no deber\u00eda ser un problema, al contrario, podr\u00edan ser un aporte en otras \u00e1reas si la pandemia contin\u00faa su tendencia de ir a la baja. Ac\u00e1 en la regi\u00f3n no es la excepci\u00f3n, por lo que estos funcionarios podr\u00edan ser destinados a otras labores\u201d.<\/p>\n<p style=\"font-weight: 400; text-align: justify;\">\u201cSe trata de m\u00e9dicos, TENS y bioqu\u00edmicos, entre otros, que han realizado una labor fundamental como primera l\u00ednea contra el Covid 19. Muchos de ellos adem\u00e1s han venido desde otras regiones a reforzar los equipos de salud, entonces en el caso de un rebrote m\u00e1s adelante, no es llegar y contratarlos de nuevo\u201d, indic\u00f3.<\/p>\n<p style=\"font-weight: 400; text-align: justify;\">Finalmente, el diputado Calisto indic\u00f3 que \u201cesperamos que desde el Ministerio de Salud recapaciten y reviertan esta situaci\u00f3n y as\u00ed les extiendan el contrato a estos trabajadores, por estos motivos env\u00ede oficio al Ministro. Adem\u00e1s, es una mala forma de devolverles la mano a estas personas que incluso han arriesgado sus vidas para salvar las de otros combatiendo la pandemia\u201d.<\/p>\n<\/div><\/section><\/div><div  style='height:50px' class='hr hr-invisible   avia-builder-el-6  el_after_av_one_full  el_before_av_social_share '><span class='hr-inner ' ><span class='hr-inner-style'><\/span><\/span><\/div><\/p>\n<div  class='av-social-sharing-box  avia-builder-el-7  el_after_av_hr  el_before_av_hr  '><div class='av-share-box'><h5 class='av-share-link-description av-no-toc '>Compartir esta noticia<\/h5><ul class='av-share-box-list noLightbox'><li class='av-share-link av-social-link-facebook' ><a target=\"_blank\" aria-label=\"Compartir en Facebook\" href='https:\/\/www.facebook.com\/sharer.php?u=https:\/\/radiorevelacionfm.cl\/?p=8785&#038;t=Calisto%20manifiesta%20su%20preocupaci%C3%B3n%20por%20t%C3%A9rmino%20de%20funciones%20de%20trabajadores%20a%20honorarios%20contratados%20por%20la%20emergencia%20Covid' aria-hidden='false' data-av_icon='\ue8f3' data-av_iconfont='entypo-fontello' title='' data-avia-related-tooltip='Compartir en Facebook' rel=\"noopener\"><span class='avia_hidden_link_text'>Compartir en Facebook<\/span><\/a><\/li><li class='av-share-link av-social-link-twitter' ><a target=\"_blank\" aria-label=\"Compartir en Twitter\" href='https:\/\/twitter.com\/share?text=Calisto%20manifiesta%20su%20preocupaci%C3%B3n%20por%20t%C3%A9rmino%20de%20funciones%20de%20trabajadores%20a%20honorarios%20contratados%20por%20la%20emergencia%20Covid&#038;url=https:\/\/radiorevelacionfm.cl\/?p=8785' aria-hidden='false' data-av_icon='\ue8f1' data-av_iconfont='entypo-fontello' title='' data-avia-related-tooltip='Compartir en Twitter' rel=\"noopener\"><span class='avia_hidden_link_text'>Compartir en Twitter<\/span><\/a><\/li><li class='av-share-link av-social-link-whatsapp' ><a target=\"_blank\" aria-label=\"Compartir en Whatsapp\" href='https:\/\/api.whatsapp.com\/send?text=https:\/\/radiorevelacionfm.cl\/?p=8785' aria-hidden='false' data-av_icon='\uf232' data-av_iconfont='entypo-fontello' title='' data-avia-related-tooltip='Compartir en Whatsapp' rel=\"noopener\"><span class='avia_hidden_link_text'>Compartir en Whatsapp<\/span><\/a><\/li><li class='av-share-link av-social-link-linkedin' ><a target=\"_blank\" aria-label=\"Compartir en LinkedIn\" href='https:\/\/linkedin.com\/shareArticle?mini=true&#038;title=Calisto%20manifiesta%20su%20preocupaci%C3%B3n%20por%20t%C3%A9rmino%20de%20funciones%20de%20trabajadores%20a%20honorarios%20contratados%20por%20la%20emergencia%20Covid&#038;url=https:\/\/radiorevelacionfm.cl\/?p=8785' aria-hidden='false' data-av_icon='\ue8fc' data-av_iconfont='entypo-fontello' title='' data-avia-related-tooltip='Compartir en LinkedIn' rel=\"noopener\"><span class='avia_hidden_link_text'>Compartir en LinkedIn<\/span><\/a><\/li><li class='av-share-link av-social-link-mail' ><a  aria-label=\"Compartir por correo\" href='mailto:?subject=Calisto%20manifiesta%20su%20preocupaci%C3%B3n%20por%20t%C3%A9rmino%20de%20funciones%20de%20trabajadores%20a%20honorarios%20contratados%20por%20la%20emergencia%20Covid&#038;body=https:\/\/radiorevelacionfm.cl\/?p=8785' aria-hidden='false' data-av_icon='\ue805' data-av_iconfont='entypo-fontello' title='' data-avia-related-tooltip='Compartir por correo'><span class='avia_hidden_link_text'>Compartir por correo<\/span><\/a><\/li><\/ul><\/div><\/div>\n<div  style='height:50px' class='hr hr-invisible   avia-builder-el-8  el_after_av_social_share  el_before_av_comments_list '><span class='hr-inner ' ><span class='hr-inner-style'><\/span><\/span><\/div>\n<div  class='av-buildercomment  av-blog-meta-html-info-disabled av-blog-meta-tag-disabled  '><\/div>\n","protected":false},"excerpt":{"rendered":"","protected":false},"author":1,"featured_media":8786,"comment_status":"open","ping_status":"open","sticky":false,"template":"","format":"standard","meta":{"footnotes":""},"categories":[35],"tags":[],"class_list":["post-8785","post","type-post","status-publish","format-standard","has-post-thumbnail","hentry","category-politica"],"jetpack_featured_media_url":"https:\/\/radiorevelacionfm.cl\/wp-content\/uploads\/2021\/09\/Trabajadores-de-Salud-1-1.jpg","_links":{"self":[{"href":"https:\/\/radiorevelacionfm.cl\/index.php?rest_route=\/wp\/v2\/posts\/8785","targetHints":{"allow":["GET"]}}],"collection":[{"href":"https:\/\/radiorevelacionfm.cl\/index.php?rest_route=\/wp\/v2\/posts"}],"about":[{"href":"https:\/\/radiorevelacionfm.cl\/index.php?rest_route=\/wp\/v2\/types\/post"}],"author":[{"embeddable":true,"href":"https:\/\/radiorevelacionfm.cl\/index.php?rest_route=\/wp\/v2\/users\/1"}],"replies":[{"embeddable":true,"href":"https:\/\/radiorevelacionfm.cl\/index.php?rest_route=%2Fwp%2Fv2%2Fcomments&post=8785"}],"version-history":[{"count":1,"href":"https:\/\/radiorevelacionfm.cl\/index.php?rest_route=\/wp\/v2\/posts\/8785\/revisions"}],"predecessor-version":[{"id":8787,"href":"https:\/\/radiorevelacionfm.cl\/index.php?rest_route=\/wp\/v2\/posts\/8785\/revisions\/8787"}],"wp:featuredmedia":[{"embeddable":true,"href":"https:\/\/radiorevelacionfm.cl\/index.php?rest_route=\/wp\/v2\/media\/8786"}],"wp:attachment":[{"href":"https:\/\/radiorevelacionfm.cl\/index.php?rest_route=%2Fwp%2Fv2%2Fmedia&parent=8785"}],"wp:term":[{"taxonomy":"category","embeddable":true,"href":"https:\/\/radiorevelacionfm.cl\/index.php?rest_route=%2Fwp%2Fv2%2Fcategories&post=8785"},{"taxonomy":"post_tag","embeddable":true,"href":"https:\/\/radiorevelacionfm.cl\/index.php?rest_route=%2Fwp%2Fv2%2Ftags&post=8785"}],"curies":[{"name":"wp","href":"https:\/\/api.w.org\/{rel}","templated":true}]}}