{"id":8782,"date":"2021-09-16T12:48:17","date_gmt":"2021-09-16T15:48:17","guid":{"rendered":"https:\/\/radiorevelacionfm.cl\/?p=8782"},"modified":"2021-09-16T12:48:17","modified_gmt":"2021-09-16T15:48:17","slug":"cien-mil-familias-seran-beneficiadas-con-el-subsidio-de-arriendo-especial-clase-media","status":"publish","type":"post","link":"https:\/\/radiorevelacionfm.cl\/?p=8782","title":{"rendered":"Cien mil familias ser\u00e1n beneficiadas con el Subsidio de Arriendo Especial Clase Media"},"content":{"rendered":"<div class=\"flex_column av_one_full  flex_column_div av-zero-column-padding first  avia-builder-el-0  el_before_av_one_full  avia-builder-el-first  \" style='border-radius:0px; '><div  class='avia-image-container  av-styling-    avia-builder-el-1  avia-builder-el-no-sibling  avia-align-center '  itemprop=\"image\" itemscope=\"itemscope\" itemtype=\"https:\/\/schema.org\/ImageObject\"  ><div class='avia-image-container-inner'><div class='avia-image-overlay-wrap'><img decoding=\"async\" class='wp-image-8783 avia-img-lazy-loading-not-8783 avia_image' src=\"https:\/\/radiorevelacionfm.cl\/wp-content\/uploads\/2021\/09\/foto-archivo-viviendascoyhaique-1_optimized.jpg\" alt='' title='foto-archivo-viviendascoyhaique-(1)_optimized' height=\"600\" width=\"1070\"  itemprop=\"thumbnailUrl\" srcset=\"https:\/\/radiorevelacionfm.cl\/wp-content\/uploads\/2021\/09\/foto-archivo-viviendascoyhaique-1_optimized.jpg 1070w, https:\/\/radiorevelacionfm.cl\/wp-content\/uploads\/2021\/09\/foto-archivo-viviendascoyhaique-1_optimized-300x168.jpg 300w, https:\/\/radiorevelacionfm.cl\/wp-content\/uploads\/2021\/09\/foto-archivo-viviendascoyhaique-1_optimized-1030x578.jpg 1030w, https:\/\/radiorevelacionfm.cl\/wp-content\/uploads\/2021\/09\/foto-archivo-viviendascoyhaique-1_optimized-768x431.jpg 768w, https:\/\/radiorevelacionfm.cl\/wp-content\/uploads\/2021\/09\/foto-archivo-viviendascoyhaique-1_optimized-705x395.jpg 705w, https:\/\/radiorevelacionfm.cl\/wp-content\/uploads\/2021\/09\/foto-archivo-viviendascoyhaique-1_optimized-600x336.jpg 600w\" sizes=\"(max-width: 1070px) 100vw, 1070px\" \/><\/div><\/div><\/div><\/div><div class=\"flex_column av_one_full  flex_column_div av-zero-column-padding first  avia-builder-el-2  el_after_av_one_full  el_before_av_one_full  column-top-margin\" style='border-radius:0px; '><section class=\"av_textblock_section \"  itemscope=\"itemscope\" itemtype=\"https:\/\/schema.org\/BlogPosting\" itemprop=\"blogPost\" ><div class='avia_textblock  '   itemprop=\"text\" ><p style=\"text-align: center;\"><strong><span style=\"font-size: 18pt;\">Cien mil familias ser\u00e1n beneficiadas con el Subsidio de Arriendo Especial Clase Media<\/span><\/strong><\/p>\n<div id=\"gtx-trans\" style=\"position: absolute; left: -50px; top: 4.31534px;\">\n<div class=\"gtx-trans-icon\"><\/div>\n<\/div>\n<\/div><\/section><\/div><div class=\"flex_column av_one_full  flex_column_div av-zero-column-padding first  avia-builder-el-4  el_after_av_one_full  el_before_av_hr  column-top-margin\" style='border-radius:0px; '><section class=\"av_textblock_section \"  itemscope=\"itemscope\" itemtype=\"https:\/\/schema.org\/BlogPosting\" itemprop=\"blogPost\" ><div class='avia_textblock  '   itemprop=\"text\" ><p style=\"text-align: justify;\">El Ministerio de Vivienda y Urbanismo (Minvu) anunci\u00f3 que ya est\u00e1n publicados los resultados del quinto y \u00faltimo cierre del Subsidio de Arriendo Especial Clase Media, beneficio dirigido a familias que se han visto afectadas econ\u00f3micamente como efecto de la pandemia por Covid-19. En esta oportunidad, 6.900 personas fueron beneficiadas con este subsidio que otorga una ayuda econ\u00f3mica para el pago del arriendo de una vivienda.<\/p>\n<p style=\"text-align: justify;\">Al respecto el Ministro de Vivienda, Felipe Ward, afirm\u00f3 que \u201cYa est\u00e1n disponibles los resultados del quinto y \u00faltimo cierre del Subsidio de Arriendo Especial Clase Media. Casi 7 mil familias fueron seleccionadas para recibir un subsidio de hasta $250.000 por tres meses. Sabemos que ser\u00e1 de gran ayuda en estos momentos dif\u00edciles. Con este cierre llegamos a un total de 100 mil beneficiarios con este subsidio de emergencia, especialmente destinado a quienes han perdido su trabajo o sus ingresos disminuyeron m\u00e1s del 30%. Los invito a revisar los resultados en <a href=\"http:\/\/www.minvu.cl\">www.minvu.cl<\/a>, donde tambi\u00e9n podr\u00e1n encontrar la informaci\u00f3n de todos nuestros beneficios\u201d.<\/p>\n<p style=\"text-align: justify;\">De igual forma el Seremi de Vivienda, Diego Silva, destac\u00f3 esta buena noticia, que sin duda era esperada tambi\u00e9n por muchas familias de la regi\u00f3n, ya que este beneficio constituye un importante apoyo para quienes han debido a afrontar momentos econ\u00f3micos adversos a ra\u00edz de la pandemia. En ese sentido hizo un llamado a los postulantes a revisar los resultados en la p\u00e1gina web del Minvu y ante cualquier duda hacer las consultas a las oficinas Serviu de toda la regi\u00f3n, privilegiando la plataforma online o v\u00eda telef\u00f3nica para mayor seguridad de los usuarios.<\/p>\n<p style=\"text-align: justify;\">Cabe recordar que este subsidio est\u00e1 destinado a personas que hayan perdido su trabajo o disminuido sus ingresos en al menos un 30%, siendo favorecidas con una ayuda de hasta $250 mil durante tres meses para arriendos de hasta $600 mil (cobertura de 70% del arriendo).<\/p>\n<p style=\"text-align: justify;\">Para todos aquellos que resultaron beneficiados, esta semana los arrendadores recibir\u00e1n una transferencia electr\u00f3nica con el pago de los tres meses que contempla este subsidio, es decir, el pago de septiembre, octubre y noviembre. La n\u00f3mina de beneficiarios ya est\u00e1 disponible en <a href=\"http:\/\/www.minvu.cl\">www.minvu.cl<\/a>.<\/p>\n<p style=\"text-align: justify;\">\u00bfC\u00f3mo funciona?<\/p>\n<p style=\"text-align: justify;\">El Subsidio de Arriendo Especial Clase Media es un programa especial de arriendo para familias que se han visto afectadas econ\u00f3micamente como efecto de la pandemia por Covid-19. Ser\u00e1n 100 mil subsidios en total, los primeros 50 mil se entregaron durante el segundo semestre de 2020, mientras que en marzo de este a\u00f1o se inici\u00f3 un nuevo proceso de postulaci\u00f3n para la entrega de otros 50 mil subsidios.<\/p>\n<\/div><\/section><\/div><div  style='height:50px' class='hr hr-invisible   avia-builder-el-6  el_after_av_one_full  el_before_av_social_share '><span class='hr-inner ' ><span class='hr-inner-style'><\/span><\/span><\/div><\/p>\n<div  class='av-social-sharing-box  avia-builder-el-7  el_after_av_hr  el_before_av_hr  '><div class='av-share-box'><h5 class='av-share-link-description av-no-toc '>Compartir esta noticia<\/h5><ul class='av-share-box-list noLightbox'><li class='av-share-link av-social-link-facebook' ><a target=\"_blank\" aria-label=\"Compartir en Facebook\" href='https:\/\/www.facebook.com\/sharer.php?u=https:\/\/radiorevelacionfm.cl\/?p=8782&#038;t=Cien%20mil%20familias%20ser%C3%A1n%20beneficiadas%20con%20el%20Subsidio%20de%20Arriendo%20Especial%20Clase%20Media' aria-hidden='false' data-av_icon='\ue8f3' data-av_iconfont='entypo-fontello' title='' data-avia-related-tooltip='Compartir en Facebook' rel=\"noopener\"><span class='avia_hidden_link_text'>Compartir en Facebook<\/span><\/a><\/li><li class='av-share-link av-social-link-twitter' ><a target=\"_blank\" aria-label=\"Compartir en Twitter\" href='https:\/\/twitter.com\/share?text=Cien%20mil%20familias%20ser%C3%A1n%20beneficiadas%20con%20el%20Subsidio%20de%20Arriendo%20Especial%20Clase%20Media&#038;url=https:\/\/radiorevelacionfm.cl\/?p=8782' aria-hidden='false' data-av_icon='\ue8f1' data-av_iconfont='entypo-fontello' title='' data-avia-related-tooltip='Compartir en Twitter' rel=\"noopener\"><span class='avia_hidden_link_text'>Compartir en Twitter<\/span><\/a><\/li><li class='av-share-link av-social-link-whatsapp' ><a target=\"_blank\" aria-label=\"Compartir en Whatsapp\" href='https:\/\/api.whatsapp.com\/send?text=https:\/\/radiorevelacionfm.cl\/?p=8782' aria-hidden='false' data-av_icon='\uf232' data-av_iconfont='entypo-fontello' title='' data-avia-related-tooltip='Compartir en Whatsapp' rel=\"noopener\"><span class='avia_hidden_link_text'>Compartir en Whatsapp<\/span><\/a><\/li><li class='av-share-link av-social-link-linkedin' ><a target=\"_blank\" aria-label=\"Compartir en LinkedIn\" href='https:\/\/linkedin.com\/shareArticle?mini=true&#038;title=Cien%20mil%20familias%20ser%C3%A1n%20beneficiadas%20con%20el%20Subsidio%20de%20Arriendo%20Especial%20Clase%20Media&#038;url=https:\/\/radiorevelacionfm.cl\/?p=8782' aria-hidden='false' data-av_icon='\ue8fc' data-av_iconfont='entypo-fontello' title='' data-avia-related-tooltip='Compartir en LinkedIn' rel=\"noopener\"><span class='avia_hidden_link_text'>Compartir en LinkedIn<\/span><\/a><\/li><li class='av-share-link av-social-link-mail' ><a  aria-label=\"Compartir por correo\" href='mailto:?subject=Cien%20mil%20familias%20ser%C3%A1n%20beneficiadas%20con%20el%20Subsidio%20de%20Arriendo%20Especial%20Clase%20Media&#038;body=https:\/\/radiorevelacionfm.cl\/?p=8782' aria-hidden='false' data-av_icon='\ue805' data-av_iconfont='entypo-fontello' title='' data-avia-related-tooltip='Compartir por correo'><span class='avia_hidden_link_text'>Compartir por correo<\/span><\/a><\/li><\/ul><\/div><\/div>\n<div  style='height:50px' class='hr hr-invisible   avia-builder-el-8  el_after_av_social_share  el_before_av_comments_list '><span class='hr-inner ' ><span class='hr-inner-style'><\/span><\/span><\/div>\n<div  class='av-buildercomment  av-blog-meta-html-info-disabled av-blog-meta-tag-disabled  '><\/div>\n","protected":false},"excerpt":{"rendered":"","protected":false},"author":1,"featured_media":8783,"comment_status":"open","ping_status":"open","sticky":false,"template":"","format":"standard","meta":{"footnotes":""},"categories":[57],"tags":[],"class_list":["post-8782","post","type-post","status-publish","format-standard","has-post-thumbnail","hentry","category-vivienda"],"jetpack_featured_media_url":"https:\/\/radiorevelacionfm.cl\/wp-content\/uploads\/2021\/09\/foto-archivo-viviendascoyhaique-1_optimized.jpg","_links":{"self":[{"href":"https:\/\/radiorevelacionfm.cl\/index.php?rest_route=\/wp\/v2\/posts\/8782","targetHints":{"allow":["GET"]}}],"collection":[{"href":"https:\/\/radiorevelacionfm.cl\/index.php?rest_route=\/wp\/v2\/posts"}],"about":[{"href":"https:\/\/radiorevelacionfm.cl\/index.php?rest_route=\/wp\/v2\/types\/post"}],"author":[{"embeddable":true,"href":"https:\/\/radiorevelacionfm.cl\/index.php?rest_route=\/wp\/v2\/users\/1"}],"replies":[{"embeddable":true,"href":"https:\/\/radiorevelacionfm.cl\/index.php?rest_route=%2Fwp%2Fv2%2Fcomments&post=8782"}],"version-history":[{"count":1,"href":"https:\/\/radiorevelacionfm.cl\/index.php?rest_route=\/wp\/v2\/posts\/8782\/revisions"}],"predecessor-version":[{"id":8784,"href":"https:\/\/radiorevelacionfm.cl\/index.php?rest_route=\/wp\/v2\/posts\/8782\/revisions\/8784"}],"wp:featuredmedia":[{"embeddable":true,"href":"https:\/\/radiorevelacionfm.cl\/index.php?rest_route=\/wp\/v2\/media\/8783"}],"wp:attachment":[{"href":"https:\/\/radiorevelacionfm.cl\/index.php?rest_route=%2Fwp%2Fv2%2Fmedia&parent=8782"}],"wp:term":[{"taxonomy":"category","embeddable":true,"href":"https:\/\/radiorevelacionfm.cl\/index.php?rest_route=%2Fwp%2Fv2%2Fcategories&post=8782"},{"taxonomy":"post_tag","embeddable":true,"href":"https:\/\/radiorevelacionfm.cl\/index.php?rest_route=%2Fwp%2Fv2%2Ftags&post=8782"}],"curies":[{"name":"wp","href":"https:\/\/api.w.org\/{rel}","templated":true}]}}