{"id":8779,"date":"2021-09-17T09:49:13","date_gmt":"2021-09-17T12:49:13","guid":{"rendered":"https:\/\/radiorevelacionfm.cl\/?p=8779"},"modified":"2021-09-17T09:49:13","modified_gmt":"2021-09-17T12:49:13","slug":"fundacion-integra-entrega-recomendaciones-para-ninas-y-ninos-en-fiestas-patrias","status":"publish","type":"post","link":"https:\/\/radiorevelacionfm.cl\/?p=8779","title":{"rendered":"Fundaci\u00f3n Integra entrega recomendaciones para ni\u00f1as y ni\u00f1os en Fiestas Patrias"},"content":{"rendered":"<div class=\"flex_column av_one_full  flex_column_div av-zero-column-padding first  avia-builder-el-0  el_before_av_one_full  avia-builder-el-first  \" style='border-radius:0px; '><div  class='avia-image-container  av-styling-    avia-builder-el-1  avia-builder-el-no-sibling  avia-align-center '  itemprop=\"image\" itemscope=\"itemscope\" itemtype=\"https:\/\/schema.org\/ImageObject\"  ><div class='avia-image-container-inner'><div class='avia-image-overlay-wrap'><img decoding=\"async\" class='wp-image-8780 avia-img-lazy-loading-not-8780 avia_image' src=\"https:\/\/radiorevelacionfm.cl\/wp-content\/uploads\/2021\/09\/1-68-1-1.jpg\" alt='' title='1 (68) (1) (1)' height=\"600\" width=\"903\"  itemprop=\"thumbnailUrl\" srcset=\"https:\/\/radiorevelacionfm.cl\/wp-content\/uploads\/2021\/09\/1-68-1-1.jpg 903w, https:\/\/radiorevelacionfm.cl\/wp-content\/uploads\/2021\/09\/1-68-1-1-300x199.jpg 300w, https:\/\/radiorevelacionfm.cl\/wp-content\/uploads\/2021\/09\/1-68-1-1-768x510.jpg 768w, https:\/\/radiorevelacionfm.cl\/wp-content\/uploads\/2021\/09\/1-68-1-1-705x468.jpg 705w, https:\/\/radiorevelacionfm.cl\/wp-content\/uploads\/2021\/09\/1-68-1-1-600x399.jpg 600w\" sizes=\"(max-width: 903px) 100vw, 903px\" \/><\/div><\/div><\/div><\/div><div class=\"flex_column av_one_full  flex_column_div av-zero-column-padding first  avia-builder-el-2  el_after_av_one_full  el_before_av_one_full  column-top-margin\" style='border-radius:0px; '><section class=\"av_textblock_section \"  itemscope=\"itemscope\" itemtype=\"https:\/\/schema.org\/BlogPosting\" itemprop=\"blogPost\" ><div class='avia_textblock  '   itemprop=\"text\" ><p style=\"text-align: center;\"><strong><span style=\"font-size: 18pt;\">Fundaci\u00f3n Integra entrega recomendaciones para ni\u00f1as y ni\u00f1os en Fiestas Patrias<\/span><\/strong><\/p>\n<div id=\"gtx-trans\" style=\"position: absolute; left: -50px; top: 4.31534px;\">\n<div class=\"gtx-trans-icon\"><\/div>\n<\/div>\n<\/div><\/section><\/div><div class=\"flex_column av_one_full  flex_column_div av-zero-column-padding first  avia-builder-el-4  el_after_av_one_full  el_before_av_hr  column-top-margin\" style='border-radius:0px; '><section class=\"av_textblock_section \"  itemscope=\"itemscope\" itemtype=\"https:\/\/schema.org\/BlogPosting\" itemprop=\"blogPost\" ><div class='avia_textblock  '   itemprop=\"text\" ><p style=\"font-weight: 400; text-align: justify;\">Comienzan las Fiestas Patrias, sin embargo, en el actual contexto de pandemia que vive nuestro pa\u00eds, es importante mantener y reforzar todas las medidas sanitarias y preventivas del contagio de COVID-19.<\/p>\n<p style=\"font-weight: 400; text-align: justify;\">El gobierno, este a\u00f1o 2021, lanz\u00f3 el Plan \u201c18 seguro, parte por casa\u201d donde se refuerza que en estas fiestas patrias deben mantenerse las medidas de autocuidado como el uso de mascarilla, lavado de manos, distancia f\u00edsica y ventilaci\u00f3n de espacios. Adem\u00e1s se pone especial \u00e9nfasis en mantener las rutinas de alimentaci\u00f3n y reforzar las medidas sanitarias.<\/p>\n<p style=\"font-weight: 400; text-align: justify;\">Felipe \u00c1guila, jefe de Promoci\u00f3n y Protecci\u00f3n a la Infancia en la regi\u00f3n de Ays\u00e9n destaca que \u201ces en este contexto que Fundaci\u00f3n Integra invita a todas las familias del pa\u00eds a tomar los resguardos necesarios para el cuidado de las ni\u00f1as y ni\u00f1os, tanto en lo sanitario, como en su alimentaci\u00f3n e incluso su seguridad\u201d.<\/p>\n<p style=\"font-weight: 400; text-align: justify;\">Dentro de las recomendaciones sanitarias para celebrar Fiestas Patrias en el hogar destacan:<\/p>\n<ul style=\"text-align: justify;\">\n<li style=\"font-weight: 400;\">Realizar preferentemente las actividades en lugares abiertos y ventilados, en lo posible patios. En el caso que no sea posible, ventilar regularmente.<\/li>\n<li style=\"font-weight: 400;\">Lavarse las manos frecuentemente y de manera correcta (m\u00e1ximo cada 2 horas) y utilizar alcohol gel como complemento al lavado de manos.<\/li>\n<li style=\"font-weight: 400;\">No se deben compartir servicios, platos, vasos, bombillas, servilletas o cualquier otro utensilio.<\/li>\n<li style=\"font-weight: 400;\">En el caso que la actividad incorpore alimentaci\u00f3n, se deben servir los alimentos en porciones individuales, poniendo especial atenci\u00f3n en aquellos que habitualmente se comparten como por ejemplo las ensaladas, pebres y salsas, para evitar que alguien ponga su cuchara usada en los alimentos y convertirlo en un posible foco de contagio.<\/li>\n<li style=\"font-weight: 400;\">Preferir los alimentos preparados al horno o a la parrilla, adem\u00e1s de ser m\u00e1s saludables sabemos que el virus muere cuando se expone a temperaturas altas.<\/li>\n<li style=\"font-weight: 400;\">Eliminar servilletas y pa\u00f1uelos desechables directo en un basurero. Las mascarillas desechables deben eliminarse en un basurero dispuesto para ello, nunca se deben dejar encima de una mesa o de cualquier otro lugar porque existe posibilidad de contagiar.<\/li>\n<li style=\"font-weight: 400;\">Poner mucho cuidado en limpiar todas las superficies y utensilios que usar\u00e1n para cocinar, para esto se deben desinfectar con soluci\u00f3n de cloro: 1 Litro de agua + 20 cc de cloro (4 cucharaditas de t\u00e9). Para evitar accidentes, no realizar acciones peligrosas que pongan en riesgo su seguridad y la de los dem\u00e1s, principalmente para decorar espacios en altura utilizando mobiliario no dise\u00f1ado para esto (mesas, sillas, entre otros)<\/li>\n<\/ul>\n<p style=\"font-weight: 400; text-align: justify;\">\u201cEn relaci\u00f3n con la alimentaci\u00f3n, orientamos a disfrutar de preparaciones saludables. Recordando que el aumento de la obesidad en Chile es alarmante, producto de una malnutrici\u00f3n y falta de actividad f\u00edsica. Por esta raz\u00f3n es importante que como instituci\u00f3n podamos celebrar en forma saludable. Para lo anterior realizamos las siguientes sugerencias en la selecci\u00f3n de alimentos\u201d, indica Felipe \u00c1guila.<\/p>\n<p style=\"font-weight: 400; text-align: justify;\"><strong>Sugerencias para beber:<\/strong><\/p>\n<ul style=\"text-align: justify;\">\n<li style=\"font-weight: 400;\">Agua mineral con o sin gas.<\/li>\n<li style=\"font-weight: 400;\">Jugos envasados 100% fruta sin az\u00facar ni endulzantes.<\/li>\n<li style=\"font-weight: 400;\">Agua de cocci\u00f3n de frutas sin az\u00facar.<\/li>\n<li style=\"font-weight: 400;\">Jugos de frutas naturales sin az\u00facar.<\/li>\n<li style=\"font-weight: 400;\">Batidos de frutas con leche o yogurt descremados y sin az\u00facar.<\/li>\n<\/ul>\n<p style=\"font-weight: 400; text-align: justify;\"><strong>Sugerencias de preparaciones saladas:<\/strong><\/p>\n<ul style=\"text-align: justify;\">\n<li style=\"font-weight: 400;\">Empanadas de pino o de verduras de preferencia de horno y no frita. La cantidad a servir 1 unidad peque\u00f1a tipo c\u00f3ctel por ni\u00f1o\/a y 1 unidad tama\u00f1o normal por adulto.<\/li>\n<li style=\"font-weight: 400;\">Bastones de verduras: Utilizar verduras crudas como zanahorias, apio, pimiento rojo y verde, o verduras al dente como br\u00f3coli, parcialmente cocidas.<\/li>\n<li style=\"font-weight: 400;\">Sopaipillas de tama\u00f1o c\u00f3ctel: La porci\u00f3n no debe superar 1 unidad por ni\u00f1o\/a y adulto.<\/li>\n<\/ul>\n<p style=\"font-weight: 400; text-align: justify;\">Sugerencias de preparaciones dulces:<\/p>\n<ul style=\"text-align: justify;\">\n<li style=\"font-weight: 400;\">Fruta picada. Incorporar frutas de consumo poco habitual entre las familias, tales como pepino dulce, pi\u00f1a, frutillas, entre otras.<\/li>\n<li style=\"font-weight: 400;\">Postres de leche de tipo casero.<\/li>\n<li style=\"font-weight: 400;\">Dulces tradicionales chilenos: como empolvados, alfajores, chilenitos, merenguitos con manjar, pan dulce de tama\u00f1o c\u00f3ctel. Se recomienda no exceder de 1 unidad por ni\u00f1o\/a y adulto<\/li>\n<\/ul>\n<p style=\"font-weight: 400; text-align: justify;\">Fundaci\u00f3n Integra pertenece a la Red de Fundaciones de la Presidencia de la Rep\u00fablica. Con 30 a\u00f1os de experiencia, es la red m\u00e1s grande de salas cuna y jardines infantiles del pa\u00eds con m\u00e1s de 1.200 establecimientos gratuitos, a los que asisten m\u00e1s de 90 mil ni\u00f1os y ni\u00f1as en todo Chile.<\/p>\n<\/div><\/section><\/div><div  style='height:50px' class='hr hr-invisible   avia-builder-el-6  el_after_av_one_full  el_before_av_social_share '><span class='hr-inner ' ><span class='hr-inner-style'><\/span><\/span><\/div><\/p>\n<div  class='av-social-sharing-box  avia-builder-el-7  el_after_av_hr  el_before_av_hr  '><div class='av-share-box'><h5 class='av-share-link-description av-no-toc '>Compartir esta noticia<\/h5><ul class='av-share-box-list noLightbox'><li class='av-share-link av-social-link-facebook' ><a target=\"_blank\" aria-label=\"Compartir en Facebook\" href='https:\/\/www.facebook.com\/sharer.php?u=https:\/\/radiorevelacionfm.cl\/?p=8779&#038;t=Fundaci%C3%B3n%20Integra%20entrega%20recomendaciones%20para%20ni%C3%B1as%20y%20ni%C3%B1os%20en%20Fiestas%20Patrias' aria-hidden='false' data-av_icon='\ue8f3' data-av_iconfont='entypo-fontello' title='' data-avia-related-tooltip='Compartir en Facebook' rel=\"noopener\"><span class='avia_hidden_link_text'>Compartir en Facebook<\/span><\/a><\/li><li class='av-share-link av-social-link-twitter' ><a target=\"_blank\" aria-label=\"Compartir en Twitter\" href='https:\/\/twitter.com\/share?text=Fundaci%C3%B3n%20Integra%20entrega%20recomendaciones%20para%20ni%C3%B1as%20y%20ni%C3%B1os%20en%20Fiestas%20Patrias&#038;url=https:\/\/radiorevelacionfm.cl\/?p=8779' aria-hidden='false' data-av_icon='\ue8f1' data-av_iconfont='entypo-fontello' title='' data-avia-related-tooltip='Compartir en Twitter' rel=\"noopener\"><span class='avia_hidden_link_text'>Compartir en Twitter<\/span><\/a><\/li><li class='av-share-link av-social-link-whatsapp' ><a target=\"_blank\" aria-label=\"Compartir en Whatsapp\" href='https:\/\/api.whatsapp.com\/send?text=https:\/\/radiorevelacionfm.cl\/?p=8779' aria-hidden='false' data-av_icon='\uf232' data-av_iconfont='entypo-fontello' title='' data-avia-related-tooltip='Compartir en Whatsapp' rel=\"noopener\"><span class='avia_hidden_link_text'>Compartir en Whatsapp<\/span><\/a><\/li><li class='av-share-link av-social-link-linkedin' ><a target=\"_blank\" aria-label=\"Compartir en LinkedIn\" href='https:\/\/linkedin.com\/shareArticle?mini=true&#038;title=Fundaci%C3%B3n%20Integra%20entrega%20recomendaciones%20para%20ni%C3%B1as%20y%20ni%C3%B1os%20en%20Fiestas%20Patrias&#038;url=https:\/\/radiorevelacionfm.cl\/?p=8779' aria-hidden='false' data-av_icon='\ue8fc' data-av_iconfont='entypo-fontello' title='' data-avia-related-tooltip='Compartir en LinkedIn' rel=\"noopener\"><span class='avia_hidden_link_text'>Compartir en LinkedIn<\/span><\/a><\/li><li class='av-share-link av-social-link-mail' ><a  aria-label=\"Compartir por correo\" href='mailto:?subject=Fundaci%C3%B3n%20Integra%20entrega%20recomendaciones%20para%20ni%C3%B1as%20y%20ni%C3%B1os%20en%20Fiestas%20Patrias&#038;body=https:\/\/radiorevelacionfm.cl\/?p=8779' aria-hidden='false' data-av_icon='\ue805' data-av_iconfont='entypo-fontello' title='' data-avia-related-tooltip='Compartir por correo'><span class='avia_hidden_link_text'>Compartir por correo<\/span><\/a><\/li><\/ul><\/div><\/div>\n<div  style='height:50px' class='hr hr-invisible   avia-builder-el-8  el_after_av_social_share  el_before_av_comments_list '><span class='hr-inner ' ><span class='hr-inner-style'><\/span><\/span><\/div>\n<div  class='av-buildercomment  av-blog-meta-html-info-disabled av-blog-meta-tag-disabled  '><\/div>\n","protected":false},"excerpt":{"rendered":"","protected":false},"author":1,"featured_media":8780,"comment_status":"open","ping_status":"open","sticky":false,"template":"","format":"standard","meta":{"footnotes":""},"categories":[49],"tags":[],"class_list":["post-8779","post","type-post","status-publish","format-standard","has-post-thumbnail","hentry","category-educacion"],"jetpack_featured_media_url":"https:\/\/radiorevelacionfm.cl\/wp-content\/uploads\/2021\/09\/1-68-1-1.jpg","_links":{"self":[{"href":"https:\/\/radiorevelacionfm.cl\/index.php?rest_route=\/wp\/v2\/posts\/8779","targetHints":{"allow":["GET"]}}],"collection":[{"href":"https:\/\/radiorevelacionfm.cl\/index.php?rest_route=\/wp\/v2\/posts"}],"about":[{"href":"https:\/\/radiorevelacionfm.cl\/index.php?rest_route=\/wp\/v2\/types\/post"}],"author":[{"embeddable":true,"href":"https:\/\/radiorevelacionfm.cl\/index.php?rest_route=\/wp\/v2\/users\/1"}],"replies":[{"embeddable":true,"href":"https:\/\/radiorevelacionfm.cl\/index.php?rest_route=%2Fwp%2Fv2%2Fcomments&post=8779"}],"version-history":[{"count":1,"href":"https:\/\/radiorevelacionfm.cl\/index.php?rest_route=\/wp\/v2\/posts\/8779\/revisions"}],"predecessor-version":[{"id":8781,"href":"https:\/\/radiorevelacionfm.cl\/index.php?rest_route=\/wp\/v2\/posts\/8779\/revisions\/8781"}],"wp:featuredmedia":[{"embeddable":true,"href":"https:\/\/radiorevelacionfm.cl\/index.php?rest_route=\/wp\/v2\/media\/8780"}],"wp:attachment":[{"href":"https:\/\/radiorevelacionfm.cl\/index.php?rest_route=%2Fwp%2Fv2%2Fmedia&parent=8779"}],"wp:term":[{"taxonomy":"category","embeddable":true,"href":"https:\/\/radiorevelacionfm.cl\/index.php?rest_route=%2Fwp%2Fv2%2Fcategories&post=8779"},{"taxonomy":"post_tag","embeddable":true,"href":"https:\/\/radiorevelacionfm.cl\/index.php?rest_route=%2Fwp%2Fv2%2Ftags&post=8779"}],"curies":[{"name":"wp","href":"https:\/\/api.w.org\/{rel}","templated":true}]}}