{"id":8776,"date":"2021-09-16T11:08:36","date_gmt":"2021-09-16T14:08:36","guid":{"rendered":"https:\/\/radiorevelacionfm.cl\/?p=8776"},"modified":"2021-09-16T11:14:59","modified_gmt":"2021-09-16T14:14:59","slug":"mesa-de-dialogo-social-afianza-protocolos-sanitarios-en-friosur","status":"publish","type":"post","link":"https:\/\/radiorevelacionfm.cl\/?p=8776","title":{"rendered":"Mesa de Di\u00e1logo Social afianza protocolos sanitarios en Friosur"},"content":{"rendered":"<div class=\"flex_column av_one_full  flex_column_div av-zero-column-padding first  avia-builder-el-0  el_before_av_one_full  avia-builder-el-first  \" style='border-radius:0px; '><div  class='avia-image-container  av-styling-    avia-builder-el-1  avia-builder-el-no-sibling  avia-align-center '  itemprop=\"image\" itemscope=\"itemscope\" itemtype=\"https:\/\/schema.org\/ImageObject\"  ><div class='avia-image-container-inner'><div class='avia-image-overlay-wrap'><img decoding=\"async\" class='wp-image-8777 avia-img-lazy-loading-not-8777 avia_image' src=\"https:\/\/radiorevelacionfm.cl\/wp-content\/uploads\/2021\/09\/Panoramica-1-1.jpg\" alt='' title='Panoramica (1) (1)' height=\"600\" width=\"1067\"  itemprop=\"thumbnailUrl\" srcset=\"https:\/\/radiorevelacionfm.cl\/wp-content\/uploads\/2021\/09\/Panoramica-1-1.jpg 1067w, https:\/\/radiorevelacionfm.cl\/wp-content\/uploads\/2021\/09\/Panoramica-1-1-300x169.jpg 300w, https:\/\/radiorevelacionfm.cl\/wp-content\/uploads\/2021\/09\/Panoramica-1-1-1030x579.jpg 1030w, https:\/\/radiorevelacionfm.cl\/wp-content\/uploads\/2021\/09\/Panoramica-1-1-768x432.jpg 768w, https:\/\/radiorevelacionfm.cl\/wp-content\/uploads\/2021\/09\/Panoramica-1-1-705x396.jpg 705w, https:\/\/radiorevelacionfm.cl\/wp-content\/uploads\/2021\/09\/Panoramica-1-1-600x337.jpg 600w\" sizes=\"(max-width: 1067px) 100vw, 1067px\" \/><\/div><\/div><\/div><\/div><div class=\"flex_column av_one_full  flex_column_div av-zero-column-padding first  avia-builder-el-2  el_after_av_one_full  el_before_av_one_full  column-top-margin\" style='border-radius:0px; '><section class=\"av_textblock_section \"  itemscope=\"itemscope\" itemtype=\"https:\/\/schema.org\/BlogPosting\" itemprop=\"blogPost\" ><div class='avia_textblock  '   itemprop=\"text\" ><p style=\"text-align: center;\"><span style=\"font-size: 18pt;\"><b>Mesa de Di\u00e1logo Social afianza protocolos sanitarios en Friosur<\/b><\/span><\/p>\n<div id=\"gtx-trans\" style=\"position: absolute; left: -50px; top: 4.31534px;\">\n<div class=\"gtx-trans-icon\"><\/div>\n<\/div>\n<\/div><\/section><\/div><div class=\"flex_column av_one_full  flex_column_div av-zero-column-padding first  avia-builder-el-4  el_after_av_one_full  el_before_av_hr  column-top-margin\" style='border-radius:0px; '><section class=\"av_textblock_section \"  itemscope=\"itemscope\" itemtype=\"https:\/\/schema.org\/BlogPosting\" itemprop=\"blogPost\" ><div class='avia_textblock  '   itemprop=\"text\" ><p style=\"font-weight: 400; text-align: justify;\">Junto con saludar y agradecer el esfuerzo de trabajadores y ejecutivos de empresa Friosur, la Seremi del Trabajo y Previsi\u00f3n Social, Andrea Ponce, particip\u00f3 en el acto de clausura de la Mesa de Di\u00e1logo Social Friosur \u2013 Sitraf 2021, instancia ejecutada por Cical y financiada por la Subsecretar\u00eda del Trabajo, que la autoridad calific\u00f3 como un modelo a seguir, pues \u201cva a servir para implementarlo en otras empresas, con otros trabajadores\u201d.<\/p>\n<p style=\"font-weight: 400; text-align: justify;\">\u201cEstos encuentros fueron fruct\u00edferos y lograron detectar los aspectos positivos y los que se deb\u00edan mejorar en la comunicaci\u00f3n y en la implementaci\u00f3n de los protocolos. Fue un aprendizaje en conjunto y estoy segura que fortaleci\u00f3 las confianzas y el trabajo entre ambas partes\u201d, dijo.<\/p>\n<p style=\"font-weight: 400; text-align: justify;\">\u201cHay buenas noticias en estos momentos, ya que han disminuido los contagios y el esfuerzo en la campa\u00f1a de vacunaci\u00f3n que, junto al compromiso de la comunidad, est\u00e1 ayudando a que el panorama est\u00e9 mejorando y esperamos que ello se mantenga en el tiempo. Los invito a continuar con las medidas existentes en los protocolos y a revisarlos constantemente para que no retrocedamos, con las consecuencias negativas en t\u00e9rminos laborales y de salud\u201d, afirm\u00f3.<\/p>\n<p style=\"font-weight: 400; text-align: justify;\">M\u00f3nica Montecinos, gerenta de personas de Friosur SpA, coincidi\u00f3 en agradecer el esfuerzo de los participantes e indic\u00f3 \u201cque estas herramientas s\u00ed hacen sentido y llevan a resultados en la medida que nos motiva la confianza y el inter\u00e9s de participar\u201d, donde el \u201ctrabajo colaborativo es la esencia de todo\u201d.<\/p>\n<p style=\"font-weight: 400; text-align: justify;\">Agreg\u00f3 que en Friosur \u201csiempre vamos a respaldar al dirigente sindical que cree que en forma participativa se puede construir una mejora continua, y no es solamente un discurso\u201d, expres\u00f3, a la vez que inform\u00f3 que producto de estas sesiones la empresa llev\u00f3 adelante la impresi\u00f3n del protocolo sanitario desarrollado entre ejecutivos, trabajadores y comit\u00e9s paritarios, adem\u00e1s de un plan en ejecuci\u00f3n de videos tutoriales, para llegar a todos los colaboradores de la empresa.<\/p>\n<p style=\"font-weight: 400; text-align: justify;\">\u201cEs prudente decir que esta es una buena forma de seguir haciendo las cosas. La retroalimentaci\u00f3n y la evaluaci\u00f3n es responsabilidad de todos, trabajadores y jefaturas\u2026 Si tuviera que pedir algo m\u00e1s, me gustar\u00eda que se integren los servicios p\u00fablicos con los cuales trabajamos regularmente en esta evaluaci\u00f3n de resultados\u201d, dijo aprovechando la presencia de la Seremi del Trabajo.<\/p>\n<p style=\"font-weight: 400; text-align: justify;\">Rub\u00e9n Leal, presidente del Sindicato de Trabajadores de Friosur (Sitraf), se sum\u00f3 a los agradecimientos y resalt\u00f3 que el trabajo no fue f\u00e1cil, por las cr\u00edticas de algunos que no creyeron, pero las bajas cifras de contagio en la regi\u00f3n demuestran que el proceso ha tenido \u00e9xito.<\/p>\n<p style=\"font-weight: 400; text-align: justify;\">Sin embargo, la actual \u201cetapa de relajo\u201d ha visibilizado nuevos problemas. \u201cEmpiezan a aparecer otros s\u00edntomas donde se observan situaciones de cansancio en el trabajo y otros problemas sicol\u00f3gicos\u201d, que sumado a los bonos IFE y retiros de las AFP, han incidido negativamente en la dotaci\u00f3n de trabajadores en la industria.<\/p>\n<p style=\"font-weight: 400; text-align: justify;\">Ante tal panorama, se presenta la posibilidad que Friosur tenga que mecanizar varios procesos productivos. \u201cEn el mundo pesquero hemos vivido y sufrido muchos despidos por cambios normativos, pero vamos a mantenernos en pie y esperamos que esta sea una m\u00e1s de las batallas que podamos pasar\u201d, concluy\u00f3.<\/p>\n<p style=\"font-weight: 400; text-align: justify;\">La \u00abMesa de Di\u00e1logo Social Friosur \u2013 Sitraf\u201d, ejecutada por Consultor\u00edas y Desarrollos Cical, se realiz\u00f3 dentro de la jornada laboral siendo un ejemplo de inversi\u00f3n en fomento participativo, y cont\u00f3 con el financiamiento de la Subsecretar\u00eda del Trabajo a trav\u00e9s del Programa de Di\u00e1logo Social 2021.<\/p>\n<\/div><\/section><\/div><div  style='height:50px' class='hr hr-invisible   avia-builder-el-6  el_after_av_one_full  el_before_av_social_share '><span class='hr-inner ' ><span class='hr-inner-style'><\/span><\/span><\/div><\/p>\n<div  class='av-social-sharing-box  avia-builder-el-7  el_after_av_hr  el_before_av_hr  '><div class='av-share-box'><h5 class='av-share-link-description av-no-toc '>Compartir esta noticia<\/h5><ul class='av-share-box-list noLightbox'><li class='av-share-link av-social-link-facebook' ><a target=\"_blank\" aria-label=\"Compartir en Facebook\" href='https:\/\/www.facebook.com\/sharer.php?u=https:\/\/radiorevelacionfm.cl\/?p=8776&#038;t=Mesa%20de%20Di%C3%A1logo%20Social%20afianza%20protocolos%20sanitarios%20en%20Friosur' aria-hidden='false' data-av_icon='\ue8f3' data-av_iconfont='entypo-fontello' title='' data-avia-related-tooltip='Compartir en Facebook' rel=\"noopener\"><span class='avia_hidden_link_text'>Compartir en Facebook<\/span><\/a><\/li><li class='av-share-link av-social-link-twitter' ><a target=\"_blank\" aria-label=\"Compartir en Twitter\" href='https:\/\/twitter.com\/share?text=Mesa%20de%20Di%C3%A1logo%20Social%20afianza%20protocolos%20sanitarios%20en%20Friosur&#038;url=https:\/\/radiorevelacionfm.cl\/?p=8776' aria-hidden='false' data-av_icon='\ue8f1' data-av_iconfont='entypo-fontello' title='' data-avia-related-tooltip='Compartir en Twitter' rel=\"noopener\"><span class='avia_hidden_link_text'>Compartir en Twitter<\/span><\/a><\/li><li class='av-share-link av-social-link-whatsapp' ><a target=\"_blank\" aria-label=\"Compartir en Whatsapp\" href='https:\/\/api.whatsapp.com\/send?text=https:\/\/radiorevelacionfm.cl\/?p=8776' aria-hidden='false' data-av_icon='\uf232' data-av_iconfont='entypo-fontello' title='' data-avia-related-tooltip='Compartir en Whatsapp' rel=\"noopener\"><span class='avia_hidden_link_text'>Compartir en Whatsapp<\/span><\/a><\/li><li class='av-share-link av-social-link-linkedin' ><a target=\"_blank\" aria-label=\"Compartir en LinkedIn\" href='https:\/\/linkedin.com\/shareArticle?mini=true&#038;title=Mesa%20de%20Di%C3%A1logo%20Social%20afianza%20protocolos%20sanitarios%20en%20Friosur&#038;url=https:\/\/radiorevelacionfm.cl\/?p=8776' aria-hidden='false' data-av_icon='\ue8fc' data-av_iconfont='entypo-fontello' title='' data-avia-related-tooltip='Compartir en LinkedIn' rel=\"noopener\"><span class='avia_hidden_link_text'>Compartir en LinkedIn<\/span><\/a><\/li><li class='av-share-link av-social-link-mail' ><a  aria-label=\"Compartir por correo\" href='mailto:?subject=Mesa%20de%20Di%C3%A1logo%20Social%20afianza%20protocolos%20sanitarios%20en%20Friosur&#038;body=https:\/\/radiorevelacionfm.cl\/?p=8776' aria-hidden='false' data-av_icon='\ue805' data-av_iconfont='entypo-fontello' title='' data-avia-related-tooltip='Compartir por correo'><span class='avia_hidden_link_text'>Compartir por correo<\/span><\/a><\/li><\/ul><\/div><\/div>\n<div  style='height:50px' class='hr hr-invisible   avia-builder-el-8  el_after_av_social_share  el_before_av_comments_list '><span class='hr-inner ' ><span class='hr-inner-style'><\/span><\/span><\/div>\n<div  class='av-buildercomment  av-blog-meta-html-info-disabled av-blog-meta-tag-disabled  '><\/div>\n","protected":false},"excerpt":{"rendered":"","protected":false},"author":1,"featured_media":8777,"comment_status":"open","ping_status":"open","sticky":false,"template":"","format":"standard","meta":{"footnotes":""},"categories":[56],"tags":[],"class_list":["post-8776","post","type-post","status-publish","format-standard","has-post-thumbnail","hentry","category-trabajo"],"jetpack_featured_media_url":"https:\/\/radiorevelacionfm.cl\/wp-content\/uploads\/2021\/09\/Panoramica-1-1.jpg","_links":{"self":[{"href":"https:\/\/radiorevelacionfm.cl\/index.php?rest_route=\/wp\/v2\/posts\/8776","targetHints":{"allow":["GET"]}}],"collection":[{"href":"https:\/\/radiorevelacionfm.cl\/index.php?rest_route=\/wp\/v2\/posts"}],"about":[{"href":"https:\/\/radiorevelacionfm.cl\/index.php?rest_route=\/wp\/v2\/types\/post"}],"author":[{"embeddable":true,"href":"https:\/\/radiorevelacionfm.cl\/index.php?rest_route=\/wp\/v2\/users\/1"}],"replies":[{"embeddable":true,"href":"https:\/\/radiorevelacionfm.cl\/index.php?rest_route=%2Fwp%2Fv2%2Fcomments&post=8776"}],"version-history":[{"count":1,"href":"https:\/\/radiorevelacionfm.cl\/index.php?rest_route=\/wp\/v2\/posts\/8776\/revisions"}],"predecessor-version":[{"id":8778,"href":"https:\/\/radiorevelacionfm.cl\/index.php?rest_route=\/wp\/v2\/posts\/8776\/revisions\/8778"}],"wp:featuredmedia":[{"embeddable":true,"href":"https:\/\/radiorevelacionfm.cl\/index.php?rest_route=\/wp\/v2\/media\/8777"}],"wp:attachment":[{"href":"https:\/\/radiorevelacionfm.cl\/index.php?rest_route=%2Fwp%2Fv2%2Fmedia&parent=8776"}],"wp:term":[{"taxonomy":"category","embeddable":true,"href":"https:\/\/radiorevelacionfm.cl\/index.php?rest_route=%2Fwp%2Fv2%2Fcategories&post=8776"},{"taxonomy":"post_tag","embeddable":true,"href":"https:\/\/radiorevelacionfm.cl\/index.php?rest_route=%2Fwp%2Fv2%2Ftags&post=8776"}],"curies":[{"name":"wp","href":"https:\/\/api.w.org\/{rel}","templated":true}]}}