{"id":8773,"date":"2021-09-16T09:17:07","date_gmt":"2021-09-16T12:17:07","guid":{"rendered":"https:\/\/radiorevelacionfm.cl\/?p=8773"},"modified":"2021-09-16T09:17:07","modified_gmt":"2021-09-16T12:17:07","slug":"carabineros-desplegara-alrededor-de-200-efectivos-en-la-region-para-servicios-preventivos-y-seguridad-por-fiestas-patrias","status":"publish","type":"post","link":"https:\/\/radiorevelacionfm.cl\/?p=8773","title":{"rendered":"Carabineros desplegar\u00e1 alrededor de 200 efectivos en la regi\u00f3n para servicios preventivos y seguridad por fiestas patrias"},"content":{"rendered":"<div class=\"flex_column av_one_full  flex_column_div av-zero-column-padding first  avia-builder-el-0  el_before_av_one_full  avia-builder-el-first  \" style='border-radius:0px; '><div  class='avia-image-container  av-styling-    avia-builder-el-1  avia-builder-el-no-sibling  avia-align-center '  itemprop=\"image\" itemscope=\"itemscope\" itemtype=\"https:\/\/schema.org\/ImageObject\"  ><div class='avia-image-container-inner'><div class='avia-image-overlay-wrap'><img decoding=\"async\" class='wp-image-8774 avia-img-lazy-loading-not-8774 avia_image' src=\"https:\/\/radiorevelacionfm.cl\/wp-content\/uploads\/2021\/09\/2b1-1.jpg\" alt='' title='2b1 (1)' height=\"600\" width=\"800\"  itemprop=\"thumbnailUrl\" srcset=\"https:\/\/radiorevelacionfm.cl\/wp-content\/uploads\/2021\/09\/2b1-1.jpg 800w, https:\/\/radiorevelacionfm.cl\/wp-content\/uploads\/2021\/09\/2b1-1-300x225.jpg 300w, https:\/\/radiorevelacionfm.cl\/wp-content\/uploads\/2021\/09\/2b1-1-768x576.jpg 768w, https:\/\/radiorevelacionfm.cl\/wp-content\/uploads\/2021\/09\/2b1-1-705x529.jpg 705w, https:\/\/radiorevelacionfm.cl\/wp-content\/uploads\/2021\/09\/2b1-1-600x450.jpg 600w\" sizes=\"(max-width: 800px) 100vw, 800px\" \/><\/div><\/div><\/div><\/div><div class=\"flex_column av_one_full  flex_column_div av-zero-column-padding first  avia-builder-el-2  el_after_av_one_full  el_before_av_one_full  column-top-margin\" style='border-radius:0px; '><section class=\"av_textblock_section \"  itemscope=\"itemscope\" itemtype=\"https:\/\/schema.org\/BlogPosting\" itemprop=\"blogPost\" ><div class='avia_textblock  '   itemprop=\"text\" ><p style=\"text-align: center;\"><strong><span style=\"font-size: 18pt;\">Carabineros desplegar\u00e1 alrededor de 200 efectivos en la regi\u00f3n para servicios preventivos y seguridad por fiestas patrias<\/span><\/strong><\/p>\n<div id=\"gtx-trans\" style=\"position: absolute; left: -50px; top: 4.31534px;\">\n<div class=\"gtx-trans-icon\"><\/div>\n<\/div>\n<\/div><\/section><\/div><div class=\"flex_column av_one_full  flex_column_div av-zero-column-padding first  avia-builder-el-4  el_after_av_one_full  el_before_av_hr  column-top-margin\" style='border-radius:0px; '><section class=\"av_textblock_section \"  itemscope=\"itemscope\" itemtype=\"https:\/\/schema.org\/BlogPosting\" itemprop=\"blogPost\" ><div class='avia_textblock  '   itemprop=\"text\" ><p style=\"text-align: justify;\">Un plan de acci\u00f3n orientado a prevenir y garantizar la seguridad en fiestas patrias, es el objetivo de los servicios dispuestos por la XI Zona de Carabineros Ays\u00e9n a trav\u00e9s de la Prefectura, a lo cual se suma el control de la pandemia a trav\u00e9s de la fiscalizaci\u00f3n de las disposiciones sanitarias dispuestas por la autoridad del ramo, orientadas a prevenir contagios por Covid19.<\/p>\n<p style=\"text-align: justify;\">El Teniente Coronel Rafael Cares Sep\u00falveda, Subprefecto de los Servicios de la Prefectura Ays\u00e9n, indic\u00f3 que alrededor de 200 Carabineros ser\u00e1n desplegados a partir de las pr\u00f3ximas horas a lo largo de la regi\u00f3n con la finalidad de velar por la seguridad en las distintas actividades previstas en las comunas para estas celebraciones patrias.<\/p>\n<p style=\"text-align: justify;\">\u00abExiste un aumento leve (de los casos de contagios en la regi\u00f3n) por lo tanto, nuestros servicios van a estar enfocados ciertamente a la prevenci\u00f3n de delitos pero tambi\u00e9n al control pand\u00e9mico. El llamado como Instituci\u00f3n es que las personas tomen los cursos de acci\u00f3n para poder proteger su integridad f\u00edsica y tambi\u00e9n la del resto, a trav\u00e9s del distanciamiento social, el uso de mascarillas, el lavado frecuente de manos que son reglas b\u00e1sicas para poder prevenir esta pandemia que tanto nos afecta\u00bb, indic\u00f3.<\/p>\n<p style=\"text-align: justify;\">Pese a que no se encuentra prevista la realizaci\u00f3n de ramadas en la regi\u00f3n, existen hasta el momento un total de 33 actividades contempladas a lo largo del territorio, entre las que destacan jineteadas en Puerto Ingeniero Ib\u00e1\u00f1ez, Expo &#8211; Fiestas Patrias en Coyhaique y desfiles, sumado a carreras a la chilena en Chile Chico, feria emprende mujer en Cochrane, adem\u00e1s de juegos y comidas t\u00edpicas en Villa Ortega, las cuales son parte de los panoramas previstos para este fin de semana.<\/p>\n<p style=\"text-align: justify;\">\u00abTenemos dispuestos los servicios preventivos ciertamente para poder enfrentar adecuadamente que se realicen estas actividades de forma pac\u00edfica y sin ning\u00fan tipo de inconvenientes\u00bb, a\u00f1adi\u00f3 el Teniente Coronel Rafael Cares.<\/p>\n<p style=\"text-align: justify;\">Asimismo, Carabineros ha dispuesto la implementaci\u00f3n de diversos servicios de control y fiscalizaci\u00f3n en ruta junto a Senda, con la finalidad de verificar el estado de temperancia o consumo de sustancias prohibidas en la conducci\u00f3n.<\/p>\n<p style=\"text-align: justify;\">\u00abEn esta fecha aplicamos el plan ruta segura, hay 14 puntos de control principalmente en la Ruta 7 -como eje central de comunicaci\u00f3n de la regi\u00f3n- estos puntos de control buscan poder fiscalizar el cumplimiento de la ley de tr\u00e1nsito. Desde el d\u00eda 16 hasta el 19 -junto con Senda Ays\u00e9n-\u00a0tenemos programado y planificado cuatro operativos en diferentes horarios para realizar el control de las personas que conducen veh\u00edculos y que no lo hagan bajo los efectos del alcohol y las drogas\u00bb, detall\u00f3 el Subprefecto de los Servicios de la Prefectura de Carabineros Ays\u00e9n.<\/p>\n<p style=\"text-align: justify;\">Carabineros record\u00f3 que enfrentar \u00abLa otra Pandemia\u00bb de los accidentes de tr\u00e1nsito requiere del compromiso de todos, para lo cual record\u00f3 el uso del cintur\u00f3n de seguridad, respetar los l\u00edmites de velocidad establecidos y si se va a beber, ceder las llaves, previniendo la ocurrencia de accidentes que pongan en riesgo la integridad personal o la de terceros.<\/p>\n<\/div><\/section><\/div><div  style='height:50px' class='hr hr-invisible   avia-builder-el-6  el_after_av_one_full  el_before_av_social_share '><span class='hr-inner ' ><span class='hr-inner-style'><\/span><\/span><\/div><\/p>\n<div  class='av-social-sharing-box  avia-builder-el-7  el_after_av_hr  el_before_av_hr  '><div class='av-share-box'><h5 class='av-share-link-description av-no-toc '>Compartir esta noticia<\/h5><ul class='av-share-box-list noLightbox'><li class='av-share-link av-social-link-facebook' ><a target=\"_blank\" aria-label=\"Compartir en Facebook\" href='https:\/\/www.facebook.com\/sharer.php?u=https:\/\/radiorevelacionfm.cl\/?p=8773&#038;t=Carabineros%20desplegar%C3%A1%20alrededor%20de%20200%20efectivos%20en%20la%20regi%C3%B3n%20para%20servicios%20preventivos%20y%20seguridad%20por%20fiestas%20patrias' aria-hidden='false' data-av_icon='\ue8f3' data-av_iconfont='entypo-fontello' title='' data-avia-related-tooltip='Compartir en Facebook' rel=\"noopener\"><span class='avia_hidden_link_text'>Compartir en Facebook<\/span><\/a><\/li><li class='av-share-link av-social-link-twitter' ><a target=\"_blank\" aria-label=\"Compartir en Twitter\" href='https:\/\/twitter.com\/share?text=Carabineros%20desplegar%C3%A1%20alrededor%20de%20200%20efectivos%20en%20la%20regi%C3%B3n%20para%20servicios%20preventivos%20y%20seguridad%20por%20fiestas%20patrias&#038;url=https:\/\/radiorevelacionfm.cl\/?p=8773' aria-hidden='false' data-av_icon='\ue8f1' data-av_iconfont='entypo-fontello' title='' data-avia-related-tooltip='Compartir en Twitter' rel=\"noopener\"><span class='avia_hidden_link_text'>Compartir en Twitter<\/span><\/a><\/li><li class='av-share-link av-social-link-whatsapp' ><a target=\"_blank\" aria-label=\"Compartir en Whatsapp\" href='https:\/\/api.whatsapp.com\/send?text=https:\/\/radiorevelacionfm.cl\/?p=8773' aria-hidden='false' data-av_icon='\uf232' data-av_iconfont='entypo-fontello' title='' data-avia-related-tooltip='Compartir en Whatsapp' rel=\"noopener\"><span class='avia_hidden_link_text'>Compartir en Whatsapp<\/span><\/a><\/li><li class='av-share-link av-social-link-linkedin' ><a target=\"_blank\" aria-label=\"Compartir en LinkedIn\" href='https:\/\/linkedin.com\/shareArticle?mini=true&#038;title=Carabineros%20desplegar%C3%A1%20alrededor%20de%20200%20efectivos%20en%20la%20regi%C3%B3n%20para%20servicios%20preventivos%20y%20seguridad%20por%20fiestas%20patrias&#038;url=https:\/\/radiorevelacionfm.cl\/?p=8773' aria-hidden='false' data-av_icon='\ue8fc' data-av_iconfont='entypo-fontello' title='' data-avia-related-tooltip='Compartir en LinkedIn' rel=\"noopener\"><span class='avia_hidden_link_text'>Compartir en LinkedIn<\/span><\/a><\/li><li class='av-share-link av-social-link-mail' ><a  aria-label=\"Compartir por correo\" href='mailto:?subject=Carabineros%20desplegar%C3%A1%20alrededor%20de%20200%20efectivos%20en%20la%20regi%C3%B3n%20para%20servicios%20preventivos%20y%20seguridad%20por%20fiestas%20patrias&#038;body=https:\/\/radiorevelacionfm.cl\/?p=8773' aria-hidden='false' data-av_icon='\ue805' data-av_iconfont='entypo-fontello' title='' data-avia-related-tooltip='Compartir por correo'><span class='avia_hidden_link_text'>Compartir por correo<\/span><\/a><\/li><\/ul><\/div><\/div>\n<div  style='height:50px' class='hr hr-invisible   avia-builder-el-8  el_after_av_social_share  el_before_av_comments_list '><span class='hr-inner ' ><span class='hr-inner-style'><\/span><\/span><\/div>\n<div  class='av-buildercomment  av-blog-meta-html-info-disabled av-blog-meta-tag-disabled  '><\/div>\n","protected":false},"excerpt":{"rendered":"","protected":false},"author":1,"featured_media":8774,"comment_status":"open","ping_status":"open","sticky":false,"template":"","format":"standard","meta":{"footnotes":""},"categories":[36],"tags":[],"class_list":["post-8773","post","type-post","status-publish","format-standard","has-post-thumbnail","hentry","category-policial"],"jetpack_featured_media_url":"https:\/\/radiorevelacionfm.cl\/wp-content\/uploads\/2021\/09\/2b1-1.jpg","_links":{"self":[{"href":"https:\/\/radiorevelacionfm.cl\/index.php?rest_route=\/wp\/v2\/posts\/8773","targetHints":{"allow":["GET"]}}],"collection":[{"href":"https:\/\/radiorevelacionfm.cl\/index.php?rest_route=\/wp\/v2\/posts"}],"about":[{"href":"https:\/\/radiorevelacionfm.cl\/index.php?rest_route=\/wp\/v2\/types\/post"}],"author":[{"embeddable":true,"href":"https:\/\/radiorevelacionfm.cl\/index.php?rest_route=\/wp\/v2\/users\/1"}],"replies":[{"embeddable":true,"href":"https:\/\/radiorevelacionfm.cl\/index.php?rest_route=%2Fwp%2Fv2%2Fcomments&post=8773"}],"version-history":[{"count":1,"href":"https:\/\/radiorevelacionfm.cl\/index.php?rest_route=\/wp\/v2\/posts\/8773\/revisions"}],"predecessor-version":[{"id":8775,"href":"https:\/\/radiorevelacionfm.cl\/index.php?rest_route=\/wp\/v2\/posts\/8773\/revisions\/8775"}],"wp:featuredmedia":[{"embeddable":true,"href":"https:\/\/radiorevelacionfm.cl\/index.php?rest_route=\/wp\/v2\/media\/8774"}],"wp:attachment":[{"href":"https:\/\/radiorevelacionfm.cl\/index.php?rest_route=%2Fwp%2Fv2%2Fmedia&parent=8773"}],"wp:term":[{"taxonomy":"category","embeddable":true,"href":"https:\/\/radiorevelacionfm.cl\/index.php?rest_route=%2Fwp%2Fv2%2Fcategories&post=8773"},{"taxonomy":"post_tag","embeddable":true,"href":"https:\/\/radiorevelacionfm.cl\/index.php?rest_route=%2Fwp%2Fv2%2Ftags&post=8773"}],"curies":[{"name":"wp","href":"https:\/\/api.w.org\/{rel}","templated":true}]}}