{"id":8771,"date":"2021-09-16T11:38:01","date_gmt":"2021-09-16T14:38:01","guid":{"rendered":"https:\/\/radiorevelacionfm.cl\/?p=8771"},"modified":"2021-09-16T11:38:01","modified_gmt":"2021-09-16T14:38:01","slug":"pdi-refuerza-llamado-a-la-comunidad-para-unas-fiestas-patrias-seguras","status":"publish","type":"post","link":"https:\/\/radiorevelacionfm.cl\/?p=8771","title":{"rendered":"PDI refuerza llamado a la comunidad para unas Fiestas Patrias seguras"},"content":{"rendered":"<div class=\"flex_column av_one_full  flex_column_div av-zero-column-padding first  avia-builder-el-0  el_before_av_one_full  avia-builder-el-first  \" style='border-radius:0px; '><div  class='avia-image-container  av-styling-    avia-builder-el-1  avia-builder-el-no-sibling  avia-align-center '  itemprop=\"image\" itemscope=\"itemscope\" itemtype=\"https:\/\/schema.org\/ImageObject\"  ><div class='avia-image-container-inner'><div class='avia-image-overlay-wrap'><img decoding=\"async\" class='wp-image-8122 avia-img-lazy-loading-not-8122 avia_image' src=\"https:\/\/radiorevelacionfm.cl\/wp-content\/uploads\/2021\/08\/Imagen-referencial-PDI-003-1-1.jpg\" alt='' title='Imagen referencial PDI 003 (1) (1)' height=\"600\" width=\"903\"  itemprop=\"thumbnailUrl\" srcset=\"https:\/\/radiorevelacionfm.cl\/wp-content\/uploads\/2021\/08\/Imagen-referencial-PDI-003-1-1.jpg 903w, https:\/\/radiorevelacionfm.cl\/wp-content\/uploads\/2021\/08\/Imagen-referencial-PDI-003-1-1-300x199.jpg 300w, https:\/\/radiorevelacionfm.cl\/wp-content\/uploads\/2021\/08\/Imagen-referencial-PDI-003-1-1-768x510.jpg 768w, https:\/\/radiorevelacionfm.cl\/wp-content\/uploads\/2021\/08\/Imagen-referencial-PDI-003-1-1-705x468.jpg 705w, https:\/\/radiorevelacionfm.cl\/wp-content\/uploads\/2021\/08\/Imagen-referencial-PDI-003-1-1-600x399.jpg 600w\" sizes=\"(max-width: 903px) 100vw, 903px\" \/><\/div><\/div><\/div><\/div><div class=\"flex_column av_one_full  flex_column_div av-zero-column-padding first  avia-builder-el-2  el_after_av_one_full  el_before_av_one_full  column-top-margin\" style='border-radius:0px; '><section class=\"av_textblock_section \"  itemscope=\"itemscope\" itemtype=\"https:\/\/schema.org\/BlogPosting\" itemprop=\"blogPost\" ><div class='avia_textblock  '   itemprop=\"text\" ><p style=\"text-align: center;\"><strong><span style=\"font-size: 18pt;\">PDI refuerza llamado a la comunidad para unas Fiestas Patrias seguras<\/span><\/strong><\/p>\n<div id=\"gtx-trans\" style=\"position: absolute; left: -50px; top: 4.31534px;\">\n<div class=\"gtx-trans-icon\"><\/div>\n<\/div>\n<\/div><\/section><\/div><div class=\"flex_column av_one_full  flex_column_div av-zero-column-padding first  avia-builder-el-4  el_after_av_one_full  el_before_av_hr  column-top-margin\" style='border-radius:0px; '><section class=\"av_textblock_section \"  itemscope=\"itemscope\" itemtype=\"https:\/\/schema.org\/BlogPosting\" itemprop=\"blogPost\" ><div class='avia_textblock  '   itemprop=\"text\" ><p style=\"text-align: justify;\">Las actuales condiciones sanitarias y el estado de la regi\u00f3n de Ays\u00e9n en el Plan Paso a Paso permitir\u00e1n mayor autonom\u00eda para la realizaci\u00f3n de diversas actividades para celebrar las festividades. Es por eso que la Polic\u00eda de Investigaciones mantiene planes de contingencia y servicios especiales para contribuir a unas Fiestas Patrias seguras.<\/p>\n<p style=\"text-align: justify;\">En ese sentido, el jefe de la Regi\u00f3n Policial de Ays\u00e9n, prefecto Jorge Vald\u00e9s, destac\u00f3 que \u201cdurante estas fechas reforzaremos nuestro trabajo con servicios policiales focalizados y turnos especializados, tanto en Puerto Ays\u00e9n como en Coyhaique, para contribuir con nuestro rol especializado en la investigaci\u00f3n de delitos de alta complejidad, fortaleciendo nuestro trabajo para detectar posibles riesgos relacionados a estas festividades en coordinaci\u00f3n con el Ministerio P\u00fablico\u201d.<\/p>\n<p style=\"text-align: justify;\">Ante las implicancias de la celebraci\u00f3n de estas Fiestas Patrias, el jefe policial realiz\u00f3 un llamado a incrementar las medidas de autocuidado, ya que con algunas acciones se pueden evitar la comisi\u00f3n de il\u00edcitos que podr\u00edan afectar a las personas en consecuencia de las diversas actividades en torno a estas festividades, como lo son el realizar compras, salir de casa por un par de d\u00edas, consumir ciertos alimentos, entre otras cosas.<\/p>\n<p style=\"text-align: justify;\">\u201cEs deber de nosotros como polic\u00edas advertir a la ciudadan\u00eda para que mantengan medidas de autocuidado y pasen unas Fiestas Patrias de manera tranquila\u201d, afirm\u00f3 el prefecto Vald\u00e9s, agregando que \u201ccontinuaremos desarrollando procedimientos con turnos focalizados, con unidades de reacci\u00f3n y unidades especializadas con turnos disponibles las 24 horas del d\u00eda\u201d, se\u00f1al\u00f3 el prefecto Vald\u00e9s.<\/p>\n<p style=\"text-align: justify;\">En ese sentido, el jefe de la PDI Ays\u00e9n enfatiz\u00f3 en la importancia de estar atentos a los delitos contra la propiedad, salud p\u00fablica, econ\u00f3micos, violencia intrafamiliar y narcotr\u00e1fico. En cuanto al delito de abigeato y el consumo de carne en estas fechas, el jefe policial afirm\u00f3 que \u201cestamos advirtiendo para que la gente entienda que al consumir productos de dudosa procedencia o mataderos clandestinos pone en riesgo su salud por cuanto no sabemos las condiciones en la que se encuentra el animal. Nos hemos reunido con ganaderos y con distintos actores para minimizar lo m\u00e1s posible el riesgo de abigeato\u201d.<\/p>\n<p style=\"text-align: justify;\">Frente a los delitos econ\u00f3micos relativos a estafas y uso fraudulento de tarjetas, el prefecto Jorge Vald\u00e9s indic\u00f3 que \u201cuno de los delitos en que nosotros tenemos m\u00e1s incidencia es en los delitos econ\u00f3micos, tenemos delincuentes de distintas regiones que est\u00e1n tratando de vulnerar nuestras cuentas con distintos tipos de artima\u00f1as, por lo tanto, recomendamos a las personas que desconf\u00eden de todos quienes le soliciten claves por cuanto podr\u00edan ser v\u00edctimas de una estafa\u201d.<\/p>\n<p style=\"text-align: justify;\">En otras materias, el jefe regional de la PDI Ays\u00e9n reforz\u00f3 su preocupaci\u00f3n por la violencia intrafamiliar, \u201cen estas fechas existe consumo de alcohol que puede incidir en este tipo de fen\u00f3meno y no podemos permitir que las mujeres sean vulneradas. Es un delito que nos preocupa bastante, porque son hechos que suceden intramuros y que pueden traspasar el umbral para llegar a un punto cr\u00edtico\u201d.<\/p>\n<p style=\"text-align: justify;\">En t\u00e9rminos de delitos contra la propiedad, el prefecto Vald\u00e9s llam\u00f3 a \u201creforzar las medidas de seguridad de las viviendas y locales comerciales, mantenga contacto con sus vecinos para evitar hechos que les puedan afectar patrimonialmente, pongamos atenci\u00f3n y cuidemos nuestro entorno\u201d.<\/p>\n<p style=\"text-align: justify;\">Finalmente, el jefe de la Regi\u00f3n Policial de Ays\u00e9n puntualiz\u00f3 que, en caso de cualquier hecho constitutivo de delito durante estas celebraciones, la ciudadan\u00eda concurra al complejo policial de la PDI m\u00e1s cercano, ya sea en Coyhaique o Puerto Ays\u00e9n.<\/p>\n<\/div><\/section><\/div><div  style='height:50px' class='hr hr-invisible   avia-builder-el-6  el_after_av_one_full  el_before_av_social_share '><span class='hr-inner ' ><span class='hr-inner-style'><\/span><\/span><\/div><\/p>\n<div  class='av-social-sharing-box  avia-builder-el-7  el_after_av_hr  el_before_av_hr  '><div class='av-share-box'><h5 class='av-share-link-description av-no-toc '>Compartir esta noticia<\/h5><ul class='av-share-box-list noLightbox'><li class='av-share-link av-social-link-facebook' ><a target=\"_blank\" aria-label=\"Compartir en Facebook\" href='https:\/\/www.facebook.com\/sharer.php?u=https:\/\/radiorevelacionfm.cl\/?p=8771&#038;t=PDI%20refuerza%20llamado%20a%20la%20comunidad%20para%20unas%20Fiestas%20Patrias%20seguras' aria-hidden='false' data-av_icon='\ue8f3' data-av_iconfont='entypo-fontello' title='' data-avia-related-tooltip='Compartir en Facebook' rel=\"noopener\"><span class='avia_hidden_link_text'>Compartir en Facebook<\/span><\/a><\/li><li class='av-share-link av-social-link-twitter' ><a target=\"_blank\" aria-label=\"Compartir en Twitter\" href='https:\/\/twitter.com\/share?text=PDI%20refuerza%20llamado%20a%20la%20comunidad%20para%20unas%20Fiestas%20Patrias%20seguras&#038;url=https:\/\/radiorevelacionfm.cl\/?p=8771' aria-hidden='false' data-av_icon='\ue8f1' data-av_iconfont='entypo-fontello' title='' data-avia-related-tooltip='Compartir en Twitter' rel=\"noopener\"><span class='avia_hidden_link_text'>Compartir en Twitter<\/span><\/a><\/li><li class='av-share-link av-social-link-whatsapp' ><a target=\"_blank\" aria-label=\"Compartir en Whatsapp\" href='https:\/\/api.whatsapp.com\/send?text=https:\/\/radiorevelacionfm.cl\/?p=8771' aria-hidden='false' data-av_icon='\uf232' data-av_iconfont='entypo-fontello' title='' data-avia-related-tooltip='Compartir en Whatsapp' rel=\"noopener\"><span class='avia_hidden_link_text'>Compartir en Whatsapp<\/span><\/a><\/li><li class='av-share-link av-social-link-linkedin' ><a target=\"_blank\" aria-label=\"Compartir en LinkedIn\" href='https:\/\/linkedin.com\/shareArticle?mini=true&#038;title=PDI%20refuerza%20llamado%20a%20la%20comunidad%20para%20unas%20Fiestas%20Patrias%20seguras&#038;url=https:\/\/radiorevelacionfm.cl\/?p=8771' aria-hidden='false' data-av_icon='\ue8fc' data-av_iconfont='entypo-fontello' title='' data-avia-related-tooltip='Compartir en LinkedIn' rel=\"noopener\"><span class='avia_hidden_link_text'>Compartir en LinkedIn<\/span><\/a><\/li><li class='av-share-link av-social-link-mail' ><a  aria-label=\"Compartir por correo\" href='mailto:?subject=PDI%20refuerza%20llamado%20a%20la%20comunidad%20para%20unas%20Fiestas%20Patrias%20seguras&#038;body=https:\/\/radiorevelacionfm.cl\/?p=8771' aria-hidden='false' data-av_icon='\ue805' data-av_iconfont='entypo-fontello' title='' data-avia-related-tooltip='Compartir por correo'><span class='avia_hidden_link_text'>Compartir por correo<\/span><\/a><\/li><\/ul><\/div><\/div>\n<div  style='height:50px' class='hr hr-invisible   avia-builder-el-8  el_after_av_social_share  el_before_av_comments_list '><span class='hr-inner ' ><span class='hr-inner-style'><\/span><\/span><\/div>\n<div  class='av-buildercomment  av-blog-meta-html-info-disabled av-blog-meta-tag-disabled  '><\/div>\n","protected":false},"excerpt":{"rendered":"","protected":false},"author":1,"featured_media":8122,"comment_status":"open","ping_status":"open","sticky":false,"template":"","format":"standard","meta":{"footnotes":""},"categories":[36],"tags":[],"class_list":["post-8771","post","type-post","status-publish","format-standard","has-post-thumbnail","hentry","category-policial"],"jetpack_featured_media_url":"https:\/\/radiorevelacionfm.cl\/wp-content\/uploads\/2021\/08\/Imagen-referencial-PDI-003-1-1.jpg","_links":{"self":[{"href":"https:\/\/radiorevelacionfm.cl\/index.php?rest_route=\/wp\/v2\/posts\/8771","targetHints":{"allow":["GET"]}}],"collection":[{"href":"https:\/\/radiorevelacionfm.cl\/index.php?rest_route=\/wp\/v2\/posts"}],"about":[{"href":"https:\/\/radiorevelacionfm.cl\/index.php?rest_route=\/wp\/v2\/types\/post"}],"author":[{"embeddable":true,"href":"https:\/\/radiorevelacionfm.cl\/index.php?rest_route=\/wp\/v2\/users\/1"}],"replies":[{"embeddable":true,"href":"https:\/\/radiorevelacionfm.cl\/index.php?rest_route=%2Fwp%2Fv2%2Fcomments&post=8771"}],"version-history":[{"count":1,"href":"https:\/\/radiorevelacionfm.cl\/index.php?rest_route=\/wp\/v2\/posts\/8771\/revisions"}],"predecessor-version":[{"id":8772,"href":"https:\/\/radiorevelacionfm.cl\/index.php?rest_route=\/wp\/v2\/posts\/8771\/revisions\/8772"}],"wp:featuredmedia":[{"embeddable":true,"href":"https:\/\/radiorevelacionfm.cl\/index.php?rest_route=\/wp\/v2\/media\/8122"}],"wp:attachment":[{"href":"https:\/\/radiorevelacionfm.cl\/index.php?rest_route=%2Fwp%2Fv2%2Fmedia&parent=8771"}],"wp:term":[{"taxonomy":"category","embeddable":true,"href":"https:\/\/radiorevelacionfm.cl\/index.php?rest_route=%2Fwp%2Fv2%2Fcategories&post=8771"},{"taxonomy":"post_tag","embeddable":true,"href":"https:\/\/radiorevelacionfm.cl\/index.php?rest_route=%2Fwp%2Fv2%2Ftags&post=8771"}],"curies":[{"name":"wp","href":"https:\/\/api.w.org\/{rel}","templated":true}]}}