{"id":8768,"date":"2021-09-15T23:08:05","date_gmt":"2021-09-16T02:08:05","guid":{"rendered":"https:\/\/radiorevelacionfm.cl\/?p=8768"},"modified":"2021-09-16T09:49:05","modified_gmt":"2021-09-16T12:49:05","slug":"gobernadora-regional-apoya-la-demanda-por-continuidad-del-equipo-de-salud-en-refuerzo-covid","status":"publish","type":"post","link":"https:\/\/radiorevelacionfm.cl\/?p=8768","title":{"rendered":"Gobernadora Regional apoya la demanda por continuidad del equipo de salud en refuerzo Covid"},"content":{"rendered":"<div class=\"flex_column av_one_full  flex_column_div av-zero-column-padding first  avia-builder-el-0  el_before_av_one_full  avia-builder-el-first  \" style='border-radius:0px; '><div  class='avia-image-container  av-styling-    avia-builder-el-1  avia-builder-el-no-sibling  avia-align-center '  itemprop=\"image\" itemscope=\"itemscope\" itemtype=\"https:\/\/schema.org\/ImageObject\"  ><div class='avia-image-container-inner'><div class='avia-image-overlay-wrap'><img decoding=\"async\" class='wp-image-8769 avia-img-lazy-loading-not-8769 avia_image' src=\"https:\/\/radiorevelacionfm.cl\/wp-content\/uploads\/2021\/09\/Fenprus-2021-09-15-1-1.jpeg\" alt='' title='Fenprus 2021-09-15 (1) (1)' height=\"600\" width=\"900\"  itemprop=\"thumbnailUrl\" srcset=\"https:\/\/radiorevelacionfm.cl\/wp-content\/uploads\/2021\/09\/Fenprus-2021-09-15-1-1.jpeg 900w, https:\/\/radiorevelacionfm.cl\/wp-content\/uploads\/2021\/09\/Fenprus-2021-09-15-1-1-300x200.jpeg 300w, https:\/\/radiorevelacionfm.cl\/wp-content\/uploads\/2021\/09\/Fenprus-2021-09-15-1-1-768x512.jpeg 768w, https:\/\/radiorevelacionfm.cl\/wp-content\/uploads\/2021\/09\/Fenprus-2021-09-15-1-1-705x470.jpeg 705w, https:\/\/radiorevelacionfm.cl\/wp-content\/uploads\/2021\/09\/Fenprus-2021-09-15-1-1-600x400.jpeg 600w\" sizes=\"(max-width: 900px) 100vw, 900px\" \/><\/div><\/div><\/div><\/div><div class=\"flex_column av_one_full  flex_column_div av-zero-column-padding first  avia-builder-el-2  el_after_av_one_full  el_before_av_one_full  column-top-margin\" style='border-radius:0px; '><section class=\"av_textblock_section \"  itemscope=\"itemscope\" itemtype=\"https:\/\/schema.org\/BlogPosting\" itemprop=\"blogPost\" ><div class='avia_textblock  '   itemprop=\"text\" ><p style=\"text-align: center;\"><span style=\"font-size: 18pt;\"><b>Gobernadora Regional apoya la demanda por continuidad del equipo de salud en refuerzo Covid<\/b><\/span><\/p>\n<div id=\"gtx-trans\" style=\"position: absolute; left: -50px; top: 4.31534px;\">\n<div class=\"gtx-trans-icon\"><\/div>\n<\/div>\n<\/div><\/section><\/div><div class=\"flex_column av_one_full  flex_column_div av-zero-column-padding first  avia-builder-el-4  el_after_av_one_full  el_before_av_hr  column-top-margin\" style='border-radius:0px; '><section class=\"av_textblock_section \"  itemscope=\"itemscope\" itemtype=\"https:\/\/schema.org\/BlogPosting\" itemprop=\"blogPost\" ><div class='avia_textblock  '   itemprop=\"text\" ><p style=\"text-align: justify;\">En audiencia realizada el d\u00eda de ayer, la m\u00e1xima autoridad regional entreg\u00f3 su apoyo a las gestiones que realiza la directiva regional de la Confederaci\u00f3n Nacional de Profesionales Universitarios de los Servicios de Salud (Fenpruss).<\/p>\n<p style=\"text-align: justify;\">La visita de la directiva regional de la Confederaci\u00f3n Nacional de Profesionales Universitarios de los Servicios de Salud (Fenpruss), representada por su presidente Gino Benchieri, Tesorera Marisol Vidal y directora Mar\u00eda de los \u00c1ngeles Poliche, fue la que recibi\u00f3 el Gobierno Regional a prop\u00f3sito de la eventual salida de personal a honorarios del servicio de salud.<\/p>\n<p style=\"text-align: justify;\">\u00abNecesitamos a todos los trabajadores y trabajadoras a honorarios de nuestro Servicio de Salud Ays\u00e9n y, en especial, en nuestro Hospital Regional, con el actual ingreso de la variable Delta a la regi\u00f3n. La pandemia no ha pasado, tenemos hartos temas que resolver en salud, grandes listas de espera y se requieren de todos los y las trabajadoras de nuestros servicio\u00bb, indic\u00f3 Gino Benchieri.<\/p>\n<p style=\"text-align: justify;\">Por su parte Marisol Vidal, a\u00f1adi\u00f3 que los equipos de refuerzo ser\u00e1n todav\u00eda necesarios luego de controlada la pandemia. \u00abEs urgente el apoyo para mantener a los honorarios Covid, que hacen una tarea esencial, especialmente cl\u00ednica en esta regi\u00f3n y que, actualmente, est\u00e1n cubriendo brechas y que necesitamos que se queden. La mayor\u00eda de ellos no son de esta regi\u00f3n, son de fuera y despu\u00e9s va a ser muy dif\u00edcil reclutarlos\u00bb, explic\u00f3.<\/p>\n<p style=\"text-align: justify;\">Ante esta situaci\u00f3n, la Gobernadora Andrea Mac\u00edas Palma, indic\u00f3 que para la Regi\u00f3n de Ays\u00e9n es prioritario reforzar el sistema de salud p\u00fablica. \u00abToda esta dotaci\u00f3n profesional ha venido a nivelar las necesidades que tenemos como regi\u00f3n, as\u00ed es que nos hemos comprometido a realizar gestiones, a poner estos antecedentes a disposici\u00f3n del Ministerio de Salud, justamente tenemos reuni\u00f3n con la Direcci\u00f3n de Presupuesto (Dipres), por lo que tambi\u00e9n le vamos a plantear esto al ministro de Hacienda y a la direcci\u00f3n nacional de Presupuesto y apoyar en todo lo que sea necesario\u00bb, recalc\u00f3.<\/p>\n<p style=\"text-align: justify;\">La directiva de la Fenpruss comunic\u00f3 que solicitar\u00e1 tambi\u00e9n este mismo apoyo de los cinco parlamentarios de la regi\u00f3n y actores competentes en la decisi\u00f3n.<\/p>\n<\/div><\/section><\/div><div  style='height:50px' class='hr hr-invisible   avia-builder-el-6  el_after_av_one_full  el_before_av_social_share '><span class='hr-inner ' ><span class='hr-inner-style'><\/span><\/span><\/div><\/p>\n<div  class='av-social-sharing-box  avia-builder-el-7  el_after_av_hr  el_before_av_hr  '><div class='av-share-box'><h5 class='av-share-link-description av-no-toc '>Compartir esta noticia<\/h5><ul class='av-share-box-list noLightbox'><li class='av-share-link av-social-link-facebook' ><a target=\"_blank\" aria-label=\"Compartir en Facebook\" href='https:\/\/www.facebook.com\/sharer.php?u=https:\/\/radiorevelacionfm.cl\/?p=8768&#038;t=Gobernadora%20Regional%20apoya%20la%20demanda%20por%20continuidad%20del%20equipo%20de%20salud%20en%20refuerzo%20Covid' aria-hidden='false' data-av_icon='\ue8f3' data-av_iconfont='entypo-fontello' title='' data-avia-related-tooltip='Compartir en Facebook' rel=\"noopener\"><span class='avia_hidden_link_text'>Compartir en Facebook<\/span><\/a><\/li><li class='av-share-link av-social-link-twitter' ><a target=\"_blank\" aria-label=\"Compartir en Twitter\" href='https:\/\/twitter.com\/share?text=Gobernadora%20Regional%20apoya%20la%20demanda%20por%20continuidad%20del%20equipo%20de%20salud%20en%20refuerzo%20Covid&#038;url=https:\/\/radiorevelacionfm.cl\/?p=8768' aria-hidden='false' data-av_icon='\ue8f1' data-av_iconfont='entypo-fontello' title='' data-avia-related-tooltip='Compartir en Twitter' rel=\"noopener\"><span class='avia_hidden_link_text'>Compartir en Twitter<\/span><\/a><\/li><li class='av-share-link av-social-link-whatsapp' ><a target=\"_blank\" aria-label=\"Compartir en Whatsapp\" href='https:\/\/api.whatsapp.com\/send?text=https:\/\/radiorevelacionfm.cl\/?p=8768' aria-hidden='false' data-av_icon='\uf232' data-av_iconfont='entypo-fontello' title='' data-avia-related-tooltip='Compartir en Whatsapp' rel=\"noopener\"><span class='avia_hidden_link_text'>Compartir en Whatsapp<\/span><\/a><\/li><li class='av-share-link av-social-link-linkedin' ><a target=\"_blank\" aria-label=\"Compartir en LinkedIn\" href='https:\/\/linkedin.com\/shareArticle?mini=true&#038;title=Gobernadora%20Regional%20apoya%20la%20demanda%20por%20continuidad%20del%20equipo%20de%20salud%20en%20refuerzo%20Covid&#038;url=https:\/\/radiorevelacionfm.cl\/?p=8768' aria-hidden='false' data-av_icon='\ue8fc' data-av_iconfont='entypo-fontello' title='' data-avia-related-tooltip='Compartir en LinkedIn' rel=\"noopener\"><span class='avia_hidden_link_text'>Compartir en LinkedIn<\/span><\/a><\/li><li class='av-share-link av-social-link-mail' ><a  aria-label=\"Compartir por correo\" href='mailto:?subject=Gobernadora%20Regional%20apoya%20la%20demanda%20por%20continuidad%20del%20equipo%20de%20salud%20en%20refuerzo%20Covid&#038;body=https:\/\/radiorevelacionfm.cl\/?p=8768' aria-hidden='false' data-av_icon='\ue805' data-av_iconfont='entypo-fontello' title='' data-avia-related-tooltip='Compartir por correo'><span class='avia_hidden_link_text'>Compartir por correo<\/span><\/a><\/li><\/ul><\/div><\/div>\n<div  style='height:50px' class='hr hr-invisible   avia-builder-el-8  el_after_av_social_share  el_before_av_comments_list '><span class='hr-inner ' ><span class='hr-inner-style'><\/span><\/span><\/div>\n<div  class='av-buildercomment  av-blog-meta-html-info-disabled av-blog-meta-tag-disabled  '><\/div>\n","protected":false},"excerpt":{"rendered":"","protected":false},"author":1,"featured_media":8769,"comment_status":"open","ping_status":"open","sticky":false,"template":"","format":"standard","meta":{"footnotes":""},"categories":[38],"tags":[],"class_list":["post-8768","post","type-post","status-publish","format-standard","has-post-thumbnail","hentry","category-regional"],"jetpack_featured_media_url":"https:\/\/radiorevelacionfm.cl\/wp-content\/uploads\/2021\/09\/Fenprus-2021-09-15-1-1.jpeg","_links":{"self":[{"href":"https:\/\/radiorevelacionfm.cl\/index.php?rest_route=\/wp\/v2\/posts\/8768","targetHints":{"allow":["GET"]}}],"collection":[{"href":"https:\/\/radiorevelacionfm.cl\/index.php?rest_route=\/wp\/v2\/posts"}],"about":[{"href":"https:\/\/radiorevelacionfm.cl\/index.php?rest_route=\/wp\/v2\/types\/post"}],"author":[{"embeddable":true,"href":"https:\/\/radiorevelacionfm.cl\/index.php?rest_route=\/wp\/v2\/users\/1"}],"replies":[{"embeddable":true,"href":"https:\/\/radiorevelacionfm.cl\/index.php?rest_route=%2Fwp%2Fv2%2Fcomments&post=8768"}],"version-history":[{"count":1,"href":"https:\/\/radiorevelacionfm.cl\/index.php?rest_route=\/wp\/v2\/posts\/8768\/revisions"}],"predecessor-version":[{"id":8770,"href":"https:\/\/radiorevelacionfm.cl\/index.php?rest_route=\/wp\/v2\/posts\/8768\/revisions\/8770"}],"wp:featuredmedia":[{"embeddable":true,"href":"https:\/\/radiorevelacionfm.cl\/index.php?rest_route=\/wp\/v2\/media\/8769"}],"wp:attachment":[{"href":"https:\/\/radiorevelacionfm.cl\/index.php?rest_route=%2Fwp%2Fv2%2Fmedia&parent=8768"}],"wp:term":[{"taxonomy":"category","embeddable":true,"href":"https:\/\/radiorevelacionfm.cl\/index.php?rest_route=%2Fwp%2Fv2%2Fcategories&post=8768"},{"taxonomy":"post_tag","embeddable":true,"href":"https:\/\/radiorevelacionfm.cl\/index.php?rest_route=%2Fwp%2Fv2%2Ftags&post=8768"}],"curies":[{"name":"wp","href":"https:\/\/api.w.org\/{rel}","templated":true}]}}